{"id":133032,"date":"2026-01-09T13:23:07","date_gmt":"2026-01-09T13:23:07","guid":{"rendered":"https:\/\/www.europesays.com\/no\/133032\/"},"modified":"2026-01-09T13:23:07","modified_gmt":"2026-01-09T13:23:07","slug":"bedriftseiere-domt-da-17-ar-gamle-chris-stian-holmgren-dode-i-arbeidsulykke-nrk-troms-og-finnmark","status":"publish","type":"post","link":"https:\/\/www.europesays.com\/no\/133032\/","title":{"rendered":"Bedriftseiere d\u00f8mt da 17 \u00e5r gamle Chris-Stian Holmgren d\u00f8de i arbeidsulykke \u2013 NRK Troms og Finnmark"},"content":{"rendered":"<p>P\u00e5talemyndigheten fikk fullt medhold i saken som handler om at en ung gutt d\u00f8de mens han var l\u00e6rling i en transportbedrift i Alta sommeren 2023.<\/p>\n<p>B\u00e5de far og s\u00f8nn, som er henholdsvis daglig leder og fungerende daglig leder, er n\u00e5 d\u00f8mt til 60 dagers fengsel og tre million i b\u00f8ter.<\/p>\n<p><strong>Bedriften er i tillegg d\u00f8mt til \u00e5 betale 400.000 i oppreisning til foreldrene.<\/strong><\/p>\n<p><strong>Dommen ble avsagt under dissens. <\/strong><\/p>\n<p>Det var 28. juli 2023 at ulykken skjedde.<\/p>\n<p>Den 17 \u00e5r gamle l\u00e6rlingen Chris-Stian Holmgren mistet livet mens han utf\u00f8rte vedlikeholdsarbeid p\u00e5 en maskintilhenger.<\/p>\n<p>En hydraulisk kj\u00f8rebro falt over unggutten da en hydraulikkslange ble l\u00f8snet uten at sikringstiltak var p\u00e5 plass.<\/p>\n<p><strong><a href=\"https:\/\/www.nrk.no\/tromsogfinnmark\/krever-ubetinget-fengsel-etter-at-chris-stian-holmgren-omkom-pa-jobb-1.17689280\" ec-id=\"pp:article:1.17689280\" ec-name=\"Holmgren jobbet sammen med en jevnaldrende gutt\" rel=\"nofollow noopener\" target=\"_blank\">Holmgren jobbet sammen med en jevnaldrende gutt<\/a> da ulykken skjedde. Det var denne gutten som varslet om ulykken og som ringte 113.<\/strong><\/p>\n<p>Han sa i retten at han og Chris-Stian var satt til \u00e5 gj\u00f8re dette arbeidet. Dette avviste bedriftseierne i rettssaken som gikk i desember.<\/p>\n<p>Oppreisning til foreldrene<\/p>\n<p>Retten fant at ulykken skyldtes en <a href=\"https:\/\/www.nrk.no\/tromsogfinnmark\/arbeidstilsynet-avdekker-alvorlige-avvik-etter-dodsulykke-i-alta-bedrift-1.16835785\" ec-id=\"pp:article:1.16835785\" ec-name=\"omfattende svikt i bedriftens sikkerhetsrutiner\" rel=\"nofollow noopener\" target=\"_blank\">omfattende svikt i bedriftens sikkerhetsrutiner<\/a> og manglende oppf\u00f8lging av unge arbeidstakere.<\/p>\n<p>Foreldrene vil per n\u00e5 ikke uttale seg til NRK om den ferske dommen.<\/p>\n<p>Bistandsadvokaten vil heller ikke uttale seg f\u00f8r etter helga.<\/p>\n<p><strong>Statsadvokat J\u00f8rn Henning Bremnes sier til NRK at han er tilfreds med at Tingretten er enig med p\u00e5talemyndigheten i denne saken.<\/strong><\/p>\n<p>De domfelte kan anke saken til Lagmannsretten.<\/p>\n<p><img decoding=\"async\"   src=\"data:image\/gif;base64,R0lGODlhAQABAIAAAAAAAP\/\/\/yH5BAEAAAAALAAAAAABAAEAAAIBRAA7\" loading=\"eager\" alt=\"Stian og Bente Holmgren studerer bevis under rettssaken om d\u00f8dsulykken der deres s\u00f8nn Chris-Stian omkom\" title=\"Foto: Andr\u00e9 Bendixen \/ NRK\"\/><\/p>\n<p class=\"\">Stian og Bente Holmgren studerer bevis under rettssaken om d\u00f8dsulykken der deres s\u00f8nn Chris-Stian omkom.<\/p>\n<p>Foto: Andr\u00e9 Bendixen \/ NRK<\/p>\n<p>Hevdet seg uskyldig<\/p>\n<p>De d\u00f8mte bedriftseierne har hele tiden hevdet at de er uskyldige, men retten fant det alts\u00e5 motsatt.<\/p>\n<p>Forsvarer til de domfelte, Odd Robert Aksnes, sier til NRK fredag ettermiddag at han ikke har rukket \u00e5 lese gjennom dommen.<\/p>\n<p>\u2013 Jeg har heller ikke rukket \u00e5 snakke med klienten og da blir det feil \u00e5 si noe n\u00e5, sier Aksnes.<\/p>\n<p>I en tidligere sak i NRK sa en av bedriftseierne at <a href=\"https:\/\/www.nrk.no\/tromsogfinnmark\/arbeidstilsynet-avdekker-alvorlige-avvik-etter-dodsulykke-i-alta-bedrift-1.16835785\" ec-id=\"pp:article:1.16835785\" ec-name=\"han ikke tok noen selvkritikk p\u00e5 de 17 avvikene\" rel=\"nofollow noopener\" target=\"_blank\">han ikke tok noen selvkritikk p\u00e5 de 17 avvikene <\/a>som Arbeidstilsynet hadde funnet.<\/p>\n<p>Sentrale funn i dommen:<\/p>\n<ul>\n<li>Arbeidstilsynet avdekket at bedriften manglet internkontroll, risikovurderinger og skriftlige rutiner.<\/li>\n<li>Den omkomne hadde ikke f\u00e5tt tilstrekkelig oppl\u00e6ring i de farlige operasjonene han ble satt til \u00e5 utf\u00f8re, spesielt knyttet til hydrauliske systemer.<\/li>\n<li>17-\u00e5ringen hadde arbeidet ulovlig mye overtid (blant annet en vakt p\u00e5 16 timer), noe som kan ha medf\u00f8rt tretthet og nedsatt fokus.<\/li>\n<li>Retten konkluderte med at ledelsen handlet grovt uaktsomt. Det ble lagt s\u00e6rlig vekt p\u00e5 at ulykken involverte en mindre\u00e5rig, som lovverket gir et s\u00e6rskilt vern.<\/li>\n<li>Ettersom overtredelsene f\u00f8rte til d\u00f8dsfall og manglene i sikkerhetsarbeidet var s\u00e5 omfattende, ble forholdene ansett som s\u00e6rlig skjerpende.<\/li>\n<\/ul>\n<p>Publisert<\/p>\n<p>09.01.2026, kl. 12.38<\/p>\n<p>Oppdatert<\/p>\n<p>09.01.2026, kl. 14.03<\/p>\n","protected":false},"excerpt":{"rendered":"P\u00e5talemyndigheten fikk fullt medhold i saken som handler om at en ung gutt d\u00f8de mens han var l\u00e6rling&hellip;\n","protected":false},"author":2,"featured_media":132987,"comment_status":"","ping_status":"","sticky":false,"template":"","format":"standard","meta":{"footnotes":""},"categories":[5],"tags":[20,21,24,25,15,19,22,23,17,18,13,30,28,29,14,16,26,27],"class_list":{"0":"post-133032","1":"post","2":"type-post","3":"status-publish","4":"format-standard","5":"has-post-thumbnail","7":"category-overskrifter","8":"tag-breaking-news","9":"tag-breakingnews","10":"tag-featured-news","11":"tag-featurednews","12":"tag-headlines","13":"tag-hovedoppslag","14":"tag-latest-news","15":"tag-latestnews","16":"tag-main-news","17":"tag-mainnews","18":"tag-news","19":"tag-no","20":"tag-norge","21":"tag-norway","22":"tag-nyheter","23":"tag-overskrifter","24":"tag-top-stories","25":"tag-topstories"},"share_on_mastodon":{"url":"https:\/\/pubeurope.com\/@no\/115865361052004114","error":""},"_links":{"self":[{"href":"https:\/\/www.europesays.com\/no\/wp-json\/wp\/v2\/posts\/133032","targetHints":{"allow":["GET"]}}],"collection":[{"href":"https:\/\/www.europesays.com\/no\/wp-json\/wp\/v2\/posts"}],"about":[{"href":"https:\/\/www.europesays.com\/no\/wp-json\/wp\/v2\/types\/post"}],"author":[{"embeddable":true,"href":"https:\/\/www.europesays.com\/no\/wp-json\/wp\/v2\/users\/2"}],"replies":[{"embeddable":true,"href":"https:\/\/www.europesays.com\/no\/wp-json\/wp\/v2\/comments?post=133032"}],"version-history":[{"count":0,"href":"https:\/\/www.europesays.com\/no\/wp-json\/wp\/v2\/posts\/133032\/revisions"}],"wp:featuredmedia":[{"embeddable":true,"href":"https:\/\/www.europesays.com\/no\/wp-json\/wp\/v2\/media\/132987"}],"wp:attachment":[{"href":"https:\/\/www.europesays.com\/no\/wp-json\/wp\/v2\/media?parent=133032"}],"wp:term":[{"taxonomy":"category","embeddable":true,"href":"https:\/\/www.europesays.com\/no\/wp-json\/wp\/v2\/categories?post=133032"},{"taxonomy":"post_tag","embeddable":true,"href":"https:\/\/www.europesays.com\/no\/wp-json\/wp\/v2\/tags?post=133032"}],"curies":[{"name":"wp","href":"https:\/\/api.w.org\/{rel}","templated":true}]}}