{"id":133046,"date":"2026-01-09T13:34:07","date_gmt":"2026-01-09T13:34:07","guid":{"rendered":"https:\/\/www.europesays.com\/no\/133046\/"},"modified":"2026-01-09T13:34:07","modified_gmt":"2026-01-09T13:34:07","slug":"trodde-ikke-det-var-ekte-astronomer-sjokkert-over-merkelig-objekt-i-verdensrommet","status":"publish","type":"post","link":"https:\/\/www.europesays.com\/no\/133046\/","title":{"rendered":"Trodde ikke det var ekte: Astronomer sjokkert over merkelig objekt i verdensrommet"},"content":{"rendered":"<p>\u00abVi hadde ikke forventet \u00e5 se en s\u00e5 varm atmosf\u00e6re i klyngen s\u00e5 tidlig i den kosmiske historien\u00bb, sier hovedforsker Dazhi Zhou <a href=\"https:\/\/news.ubc.ca\/2026\/01\/earliest-hottest-galaxy-cluster\/\" target=\"_blank\" class=\"hover:font-bold\" rel=\"nofollow noopener\">i en uttalelse<\/a>.<\/p>\n<p>\u00abFaktisk var jeg i utgangspunktet skeptisk til signalet, for det virket for sterkt til \u00e5 v\u00e6re ekte.\u00bb<\/p>\n<p>If\u00f8lge forskerne er de tre supermassive svarte hullene sannsynligvis \u00e5rsaken, ettersom de har pumpet enorme mengder energi inn i omgivelsene sine og dannet hopen mye tidligere og sterkere enn forventet.<\/p>\n<p><strong>Forskere mener at universets d\u00f8dsdag er overraskende n\u00e6r \u2013 og kanskje allerede skjer i v\u00e5r levetid. Finn ut hvorfor i denne artikkelen:<\/strong><\/p>\n","protected":false},"excerpt":{"rendered":"\u00abVi hadde ikke forventet \u00e5 se en s\u00e5 varm atmosf\u00e6re i klyngen s\u00e5 tidlig i den kosmiske historien\u00bb,&hellip;\n","protected":false},"author":2,"featured_media":133047,"comment_status":"","ping_status":"","sticky":false,"template":"","format":"standard","meta":{"footnotes":""},"categories":[57],"tags":[30,28,29,65,63,64,66,70,69,67,68],"class_list":{"0":"post-133046","1":"post","2":"type-post","3":"status-publish","4":"format-standard","5":"has-post-thumbnail","7":"category-vitenskap-og-teknologi","8":"tag-no","9":"tag-norge","10":"tag-norway","11":"tag-science","12":"tag-science-and-technology","13":"tag-scienceandtechnology","14":"tag-technology","15":"tag-teknologi","16":"tag-vitenskap","17":"tag-vitenskap-og-teknologi","18":"tag-vitenskapteknologi"},"share_on_mastodon":{"url":"https:\/\/pubeurope.com\/@no\/115865404248765141","error":""},"_links":{"self":[{"href":"https:\/\/www.europesays.com\/no\/wp-json\/wp\/v2\/posts\/133046","targetHints":{"allow":["GET"]}}],"collection":[{"href":"https:\/\/www.europesays.com\/no\/wp-json\/wp\/v2\/posts"}],"about":[{"href":"https:\/\/www.europesays.com\/no\/wp-json\/wp\/v2\/types\/post"}],"author":[{"embeddable":true,"href":"https:\/\/www.europesays.com\/no\/wp-json\/wp\/v2\/users\/2"}],"replies":[{"embeddable":true,"href":"https:\/\/www.europesays.com\/no\/wp-json\/wp\/v2\/comments?post=133046"}],"version-history":[{"count":0,"href":"https:\/\/www.europesays.com\/no\/wp-json\/wp\/v2\/posts\/133046\/revisions"}],"wp:featuredmedia":[{"embeddable":true,"href":"https:\/\/www.europesays.com\/no\/wp-json\/wp\/v2\/media\/133047"}],"wp:attachment":[{"href":"https:\/\/www.europesays.com\/no\/wp-json\/wp\/v2\/media?parent=133046"}],"wp:term":[{"taxonomy":"category","embeddable":true,"href":"https:\/\/www.europesays.com\/no\/wp-json\/wp\/v2\/categories?post=133046"},{"taxonomy":"post_tag","embeddable":true,"href":"https:\/\/www.europesays.com\/no\/wp-json\/wp\/v2\/tags?post=133046"}],"curies":[{"name":"wp","href":"https:\/\/api.w.org\/{rel}","templated":true}]}}