{"id":133048,"date":"2026-01-09T13:36:26","date_gmt":"2026-01-09T13:36:26","guid":{"rendered":"https:\/\/www.europesays.com\/no\/133048\/"},"modified":"2026-01-09T13:36:26","modified_gmt":"2026-01-09T13:36:26","slug":"snoalarm-i-sverige-hold-dere-hjemme","status":"publish","type":"post","link":"https:\/\/www.europesays.com\/no\/133048\/","title":{"rendered":"Sn\u00f8alarm i Sverige: &#8211; Hold dere hjemme"},"content":{"rendered":"<p>    Sn\u00f8en fortsetter \u00e5 lave ned i Sverige. N\u00e5 varsles det om enda en halvmeter sn\u00f8 i deler av Nord-Sverige, der skoler stenges og kollektivtrafikken st\u00e5r.<\/p>\n<p>\n    I romjulen ble Sverige rammet av sn\u00f8stormen Johannes, her fra \u00c5re 27, desember. N\u00e5 har det kommet enda mer sn\u00f8 p\u00e5 vestkysten, og det neste d\u00f8gnet er det ventet en halvmeter sn\u00f8 i deler av Nord-Sverige. Foto: Pontus Lundah \/ TT via AP \/ NTB\n  <\/p>\n<p>Ogs\u00e5 p\u00e5 vestkysten har det sn\u00f8dd kraftig, spesielt ved Tj\u00f6rn og Orust nord for G\u00f6teborg. Men der dabbet nedb\u00f8ren av i l\u00f8pet av torsdagen.<\/p>\n<p>I V\u00e4sternorrland derimot \u2013 der byene Sundsvall og H\u00e4rn\u00f6sand ligger \u2013 har SMHI utstedt r\u00f8dt varsel for kystomr\u00e5dene fra torsdag ettermiddag til fredag morgen. I enkelte omr\u00e5der er det ventet opptil 60 centimeter sn\u00f8, kombinert med kraftige vindkast. Kj\u00f8reforholdene er ventet \u00e5 bli sv\u00e6rt vanskelige, og innbyggerne blir bedt om \u00e5 holde seg hjemme.<\/p>\n<p>    <a itemprop=\"url\" href=\"https:\/\/sol.no\/nyheter\/dette-sokte-vi-mest-pa\/84071786\" rel=\"nofollow noopener\" target=\"_blank\"><\/p>\n<p>        <img loading=\"lazy\" decoding=\"async\" src=\"https:\/\/www.europesays.com\/no\/wp-content\/uploads\/2026\/01\/84071794.webp.webp\" width=\"980\" height=\"441\" title=\"Dette s\u00f8kte vi mest p\u00e5\" alt=\"\" class=\"lazyload\" style=\"--aspect-ratio-image: 2.22; \"\/><\/p>\n<p>        Dette s\u00f8kte vi mest p\u00e5<\/p>\n<p>sol.no<\/p>\n<p>    <\/a><\/p>\n<p>\u2013 Hvis det ikke er livsn\u00f8dvendig, s\u00e5 b\u00f8r man bli inne, sier Linus Karlsson, meteorolog hos SMHI, til nyhetsbyr\u00e5et TT. <\/p>\n<p>Som f\u00f8lge av sn\u00f8v\u00e6ret holder en rekke skoler stengt og kollektivtrafikken stanses. Uv\u00e6ret g\u00e5r ogs\u00e5 hardt utover togtrafikken langs \u00f8stkysten av Sverige.<\/p>\n<p>Sverige har v\u00e6rt rammet av kraftig sn\u00f8v\u00e6r i dagevis. I Kinna, et lite tettsted s\u00f8r\u00f8st for G\u00f6teborg, har hjemmetjenesten m\u00e5ttet vasse seg fram i sn\u00f8en.<\/p>\n<p>\n\u2013 Det f\u00f8rste sn\u00f8v\u00e6ret som kom natt til l\u00f8rdag, var en katastrofe. Da var ikke br\u00f8ytebilene ute i det hele tatt. De holder jo de store veiene rene, men sm\u00e5veiene som vi m\u00e5 kj\u00f8re p\u00e5, de er jo sn\u00f8dd igjen, sier Annika Andersson, som jobber for hjemmetjenesten i Kinna, til <a href=\"https:\/\/www.sverigesradio.se\/artikel\/hemtjansten-i-kinna-kritisk-till-bristande-snorojning\" target=\"_blank\" rel=\"nofollow noopener\">Sveriges Radio<\/a>.<\/p>\n","protected":false},"excerpt":{"rendered":"Sn\u00f8en fortsetter \u00e5 lave ned i Sverige. N\u00e5 varsles det om enda en halvmeter sn\u00f8 i deler av&hellip;\n","protected":false},"author":2,"featured_media":133049,"comment_status":"","ping_status":"","sticky":false,"template":"","format":"standard","meta":{"footnotes":""},"categories":[12],"tags":[20,21,24,25,15,22,23,13,30,28,29,14,16,26,27,42,43,44,45],"class_list":{"0":"post-133048","1":"post","2":"type-post","3":"status-publish","4":"format-standard","5":"has-post-thumbnail","7":"category-verden","8":"tag-breaking-news","9":"tag-breakingnews","10":"tag-featured-news","11":"tag-featurednews","12":"tag-headlines","13":"tag-latest-news","14":"tag-latestnews","15":"tag-news","16":"tag-no","17":"tag-norge","18":"tag-norway","19":"tag-nyheter","20":"tag-overskrifter","21":"tag-top-stories","22":"tag-topstories","23":"tag-verden","24":"tag-world","25":"tag-world-news","26":"tag-worldnews"},"share_on_mastodon":{"url":"https:\/\/pubeurope.com\/@no\/115865412171727177","error":""},"_links":{"self":[{"href":"https:\/\/www.europesays.com\/no\/wp-json\/wp\/v2\/posts\/133048","targetHints":{"allow":["GET"]}}],"collection":[{"href":"https:\/\/www.europesays.com\/no\/wp-json\/wp\/v2\/posts"}],"about":[{"href":"https:\/\/www.europesays.com\/no\/wp-json\/wp\/v2\/types\/post"}],"author":[{"embeddable":true,"href":"https:\/\/www.europesays.com\/no\/wp-json\/wp\/v2\/users\/2"}],"replies":[{"embeddable":true,"href":"https:\/\/www.europesays.com\/no\/wp-json\/wp\/v2\/comments?post=133048"}],"version-history":[{"count":0,"href":"https:\/\/www.europesays.com\/no\/wp-json\/wp\/v2\/posts\/133048\/revisions"}],"wp:featuredmedia":[{"embeddable":true,"href":"https:\/\/www.europesays.com\/no\/wp-json\/wp\/v2\/media\/133049"}],"wp:attachment":[{"href":"https:\/\/www.europesays.com\/no\/wp-json\/wp\/v2\/media?parent=133048"}],"wp:term":[{"taxonomy":"category","embeddable":true,"href":"https:\/\/www.europesays.com\/no\/wp-json\/wp\/v2\/categories?post=133048"},{"taxonomy":"post_tag","embeddable":true,"href":"https:\/\/www.europesays.com\/no\/wp-json\/wp\/v2\/tags?post=133048"}],"curies":[{"name":"wp","href":"https:\/\/api.w.org\/{rel}","templated":true}]}}