{"id":133050,"date":"2026-01-09T13:37:14","date_gmt":"2026-01-09T13:37:14","guid":{"rendered":"https:\/\/www.europesays.com\/no\/133050\/"},"modified":"2026-01-09T13:37:14","modified_gmt":"2026-01-09T13:37:14","slug":"historisk-fa-omkom-i-fritidsbatulykker-i-fjor","status":"publish","type":"post","link":"https:\/\/www.europesays.com\/no\/133050\/","title":{"rendered":"Historisk f\u00e5 omkom i fritidsb\u00e5tulykker i fjor"},"content":{"rendered":"<p>  <a href=\"https:\/\/www.agderposten.no\/nyheter\" class=\"section-link\" data-astro-cid-pnoswov4=\"\" rel=\"nofollow noopener\" target=\"_blank\"> Nyheter  <\/a>   <\/p>\n<p data-testid=\"textWithMarkup-text\" data-v-f1b25013=\"\" data-v-62d58f52=\"\">17 mennesker mistet livet i fritidsb\u00e5tulykker i Norge i 2025, melder Sj\u00f8fartsdirektoratet. Dette er det laveste antallet som er registrert p\u00e5 25 \u00e5r. <\/p>\n<p>Ikke p\u00e5 25 \u00e5r har s\u00e5 f\u00e5 omkommet i ulykker med fritidsb\u00e5t som i fjor.\u00a0<strong data-v-e47ab0d0=\"\">Foto:<\/strong> Halvard Alvik \/ NTB   <\/p>\n<p><b data-testid=\"label\" data-v-e0c781e2=\"\">Oppdatert:<\/b>4 timer siden<\/p>\n<p data-testid=\"textWithMarkup-text\" data-v-81d7dc2b=\"\" data-v-62d58f52=\"\">Alle som omkom var menn.<\/p>\n<p data-testid=\"textWithMarkup-text\" data-v-81d7dc2b=\"\" data-v-62d58f52=\"\">Sj\u00f8fartsdirektoratet begynte \u00e5 registrere fritidsb\u00e5tulykker i 2001, og det lave tallet bryter med flere \u00e5r med h\u00f8ye ulykkestall. Til sammenligning omkom hele 40 personer i slike ulykker i 2024.<\/p>\n<p data-testid=\"textWithMarkup-text\" data-v-81d7dc2b=\"\" data-v-62d58f52=\"\">\u2013 At vi i 2025 ser det laveste antallet omkomne p\u00e5 25 \u00e5r, er et viktig signal. Samtidig m\u00e5 vi v\u00e6re tydelige p\u00e5 at m\u00e5let er null. Vi jobber m\u00e5lrettet mot en nullvisjon for hardt skadede og omkomne i fritidsb\u00e5tulykker, skriver sj\u00f8fartsdirekt\u00f8r Alf Tore S\u00f8rheim i en pressemelding.<\/p>\n<p>Kun fire var p\u00e5virket av rus<\/p>\n<p data-testid=\"textWithMarkup-text\" data-v-81d7dc2b=\"\" data-v-62d58f52=\"\">Gjennom fjor\u00e5ret ble det blant annet registrert betydelig f\u00e6rre d\u00f8dsulykker etter fall til sj\u00f8 fra b\u00e5t eller kai mens b\u00e5ten var fort\u00f8yd.<\/p>\n<p data-testid=\"textWithMarkup-text\" data-v-81d7dc2b=\"\" data-v-62d58f52=\"\">Samtidig var det langt f\u00e6rre rusrelaterte ulykker enn \u00e5ret f\u00f8r. Ut ifra det politiet s\u00e5 langt har bekreftet er det kun p\u00e5vist p\u00e5virkning av alkohol eller andre rusmidler hos fire av de omkomne i 2025, mot hele 20 personer i 2024.<\/p>\n<p data-testid=\"textWithMarkup-text\" data-v-81d7dc2b=\"\" data-v-62d58f52=\"\">\u2013 Dette er en sv\u00e6rt positiv utvikling. B\u00e5de fallulykker og rusp\u00e5virkning er kjente risikofaktorer, og reduksjonen vi ser i 2025 kan tyde p\u00e5 \u00f8kt bevissthet og mer ansvarlige valg, sier S\u00f8rheim.<\/p>\n<p>Tiltak har effekt<\/p>\n<p data-testid=\"textWithMarkup-text\" data-v-81d7dc2b=\"\" data-v-62d58f52=\"\">Sj\u00f8fartsdirekt\u00f8ren mener de lave tallene er et resultat av m\u00e5lrettet og holdningsskapende arbeid fra myndigheter og organisasjoner.<\/p>\n<p data-testid=\"textWithMarkup-text\" data-v-81d7dc2b=\"\" data-v-62d58f52=\"\">\u2013 Fjor\u00e5rets tall kan indikere at tiltakene har effekt. Samtidig \u00f8nsker vi \u00e5 gi honn\u00f8r til b\u00e5tfolket. Det virker som flere tar bedre forholdsregler og setter sikkerhet tydeligere i fokus, sier S\u00f8rheim.<\/p>\n<p data-testid=\"textWithMarkup-text\" data-v-81d7dc2b=\"\" data-v-62d58f52=\"\">\u2013 Samtidig m\u00e5 vi aldri glemme at bak hvert tall st\u00e5r et liv som gikk tapt, og mennesker som aldri fikk sine kj\u00e6re hjem igjen. Derfor ber jeg alle som ferdes p\u00e5 og ved sj\u00f8en om \u00e5 sette sikkerheten f\u00f8rst, hver eneste gang, sier han.<\/p>\n","protected":false},"excerpt":{"rendered":"Nyheter 17 mennesker mistet livet i fritidsb\u00e5tulykker i Norge i 2025, melder Sj\u00f8fartsdirektoratet. Dette er det laveste antallet&hellip;\n","protected":false},"author":2,"featured_media":133051,"comment_status":"","ping_status":"","sticky":false,"template":"","format":"standard","meta":{"footnotes":""},"categories":[10],"tags":[20,21,24,25,15,22,23,13,30,28,29,14,16,26,27],"class_list":{"0":"post-133050","1":"post","2":"type-post","3":"status-publish","4":"format-standard","5":"has-post-thumbnail","7":"category-norge","8":"tag-breaking-news","9":"tag-breakingnews","10":"tag-featured-news","11":"tag-featurednews","12":"tag-headlines","13":"tag-latest-news","14":"tag-latestnews","15":"tag-news","16":"tag-no","17":"tag-norge","18":"tag-norway","19":"tag-nyheter","20":"tag-overskrifter","21":"tag-top-stories","22":"tag-topstories"},"share_on_mastodon":{"url":"https:\/\/pubeurope.com\/@no\/115865416023780867","error":""},"_links":{"self":[{"href":"https:\/\/www.europesays.com\/no\/wp-json\/wp\/v2\/posts\/133050","targetHints":{"allow":["GET"]}}],"collection":[{"href":"https:\/\/www.europesays.com\/no\/wp-json\/wp\/v2\/posts"}],"about":[{"href":"https:\/\/www.europesays.com\/no\/wp-json\/wp\/v2\/types\/post"}],"author":[{"embeddable":true,"href":"https:\/\/www.europesays.com\/no\/wp-json\/wp\/v2\/users\/2"}],"replies":[{"embeddable":true,"href":"https:\/\/www.europesays.com\/no\/wp-json\/wp\/v2\/comments?post=133050"}],"version-history":[{"count":0,"href":"https:\/\/www.europesays.com\/no\/wp-json\/wp\/v2\/posts\/133050\/revisions"}],"wp:featuredmedia":[{"embeddable":true,"href":"https:\/\/www.europesays.com\/no\/wp-json\/wp\/v2\/media\/133051"}],"wp:attachment":[{"href":"https:\/\/www.europesays.com\/no\/wp-json\/wp\/v2\/media?parent=133050"}],"wp:term":[{"taxonomy":"category","embeddable":true,"href":"https:\/\/www.europesays.com\/no\/wp-json\/wp\/v2\/categories?post=133050"},{"taxonomy":"post_tag","embeddable":true,"href":"https:\/\/www.europesays.com\/no\/wp-json\/wp\/v2\/tags?post=133050"}],"curies":[{"name":"wp","href":"https:\/\/api.w.org\/{rel}","templated":true}]}}