{"id":133054,"date":"2026-01-09T13:44:07","date_gmt":"2026-01-09T13:44:07","guid":{"rendered":"https:\/\/www.europesays.com\/no\/133054\/"},"modified":"2026-01-09T13:44:07","modified_gmt":"2026-01-09T13:44:07","slug":"uenighet-om-gjentakelsesfare-nrk-norge-oversikt-over-nyheter-fra-ulike-deler-av-landet","status":"publish","type":"post","link":"https:\/\/www.europesays.com\/no\/133054\/","title":{"rendered":"Uenighet om gjentakelsesfare \u2013 NRK Norge \u2013 Oversikt over nyheter fra ulike deler av landet"},"content":{"rendered":"<p>H\u00f8yesterett vurderer om det var riktig \u00e5 ilegge Baneheia-d\u00f8mte Jan Helge Andersen forvaringsdom.<\/p>\n<p>I fjor sommer ble 44-\u00e5ringen d\u00f8mt i Gulating lagmannsrett. Meddommerne mente Andersen er s\u00e5 farlig at fengsel ikke er nok.<\/p>\n<p>Han ble d\u00f8mt til forvaring med tidsramme p\u00e5 to \u00e5r, etter at han ble funnet skyldig i drapet p\u00e5 Lena Sl\u00f8gedal Paulsen (10), i Baneheia 19. mai 2000.<\/p>\n<p>Fra f\u00f8r er Andersen d\u00f8mt for drap og voldtekt p\u00e5 Stine Sofie S\u00f8rstr\u00f8nen (8), som han har sonet straffen p\u00e5 19 \u00e5r for.<\/p>\n<p>Gjentakelsesfare: 11 av 20 punkter<\/p>\n<p>Andersen sitter n\u00e5 i varetektsfengsel p\u00e5 \u00d8stlandet og m\u00f8tte ikke i H\u00f8yesterett fredag.<\/p>\n<p>De rettspsykiatriske sakkyndige, psykiater Terje T\u00f8rrisen og psykolog Karin Susanne Nordby Johansen, er de samme som i tingretten og lagmannsretten.<\/p>\n<p><strong>\u2013 V\u00e5r konklusjon er at det er h\u00f8y fare for gjentakelse av seksuelle overgrep, sier T\u00f8rrisen i H\u00f8yesterett. <\/strong><\/p>\n<p>De sakkyndige mener risikoen er h\u00f8y for nye lovbrudd s\u00e5 lenge Andersen ikke erkjenner og dermed vil v\u00e6re i posisjon til behandling.<\/p>\n<p>\u2013 Motivasjonen for endring er jo ikke tilstede. Han erkjenner ingenting, sier T\u00f8rrisen.<\/p>\n<p>De sakkyndige har vurdert Andersen i en modell som vurderer gjentakelsesfaren med 20 punkter. De mener Andersen krysser av p\u00e5 11 punkter, samt 1 punkt som han krysser delvis av p\u00e5.<\/p>\n<p><img decoding=\"async\"   src=\"data:image\/gif;base64,R0lGODlhAQABAIAAAAAAAP\/\/\/yH5BAEAAAAALAAAAAABAAEAAAIBRAA7\" loading=\"eager\" alt=\"Forsvarer Svein Holden, bistandsadvokat Mette Yvonne Larsen, og statsadvokat Andreas Schei.\" title=\"Foto: Ole Berg-Rusten \/ NTB\"\/><\/p>\n<p class=\"\">Forsvarer Svein Holden og statsadvokat Andreas Schei. Bistandsadvokat Mette Yvonne Larsen <\/p>\n<p>Foto: Ole Berg-Rusten \/ NTB<\/p>\n<p>Peker p\u00e5 25 \u00e5r uten overgrep<\/p>\n<p><strong>B\u00e5de aktor ved statsadvokat Andreas Schei og forsvarer Svein Holden g\u00e5r mot forvaring.<\/strong><\/p>\n<p>\u2013 Vi mener at han gjennom 25 \u00e5r har vist at det ikke er fare for nye overgrep mot person og dermed ikke er grunnlag for forvaring, sier Holden til NRK.<\/p>\n<p>Ogs\u00e5 p\u00e5talemyndigheten mener at det ikke er n\u00e6rliggende fare for nye alvorlige lovbrudd.<\/p>\n<p>Statsadvokaten sier at det er s\u00e6rlig p\u00e5 bakgrunn av tiden som er g\u00e5tt siden drapene 19. mai 2000.<\/p>\n<p>\u2013 Det har g\u00e5tt 25 \u00e5r og han har v\u00e6rt p\u00e5 frifot i cirka 10 \u00e5r, og det er ikke beg\u00e5tt noen handlinger av den typen som forvaringsinstituttet er ment \u00e5 verne mot. Vi kan ikke da se at det er n\u00e6rliggende fare for at det skal skje n\u00e5 i tiden fremover, sier statsadvokat Andreas Schei til NRK.<\/p>\n<p><img decoding=\"async\"   src=\"data:image\/gif;base64,R0lGODlhAQABAIAAAAAAAP\/\/\/yH5BAEAAAAALAAAAAABAAEAAAIBRAA7\" loading=\"eager\" alt=\"Jan Helge Andersen\" title=\"\"\/><\/p>\n<p class=\"no-credit\">NY DOM: Jan Helge Andersen ble i sommer d\u00f8mt til to \u00e5rs forvaring for drapet p\u00e5 Lena Her fra dagen Andersen var i avh\u00f8r i Oslo sommeren 2022.<\/p>\n<p>Diagnoser<\/p>\n<p>De sakkyndige mener Andersen har diagnosene dyssososial personlighetsforstyrrelse og pedofili. T\u00f8rrisen nevner blant annet at Andersen har manglende empati, fremstiller seg selv som offer, fraskriver seg ansvar og har en total mangel p\u00e5 virkelighetsforst\u00e5else.<\/p>\n<p>Andersen ble ilagt et forelegg p\u00e5 10.000 kroner i 2024 for \u00e5 ha v\u00e6rt i besittelse av noveller som seksualiserer barn.<\/p>\n<p>Han ble i midten av november anmeldt av Oslo-politiet for nedlasting og besittelse av overgrepsmateriale. Saken ble henlagt som intet straffbart forhold.<\/p>\n<p><img decoding=\"async\"   src=\"data:image\/gif;base64,R0lGODlhAQABAIAAAAAAAP\/\/\/yH5BAEAAAAALAAAAAABAAEAAAIBRAA7\" loading=\"eager\" alt=\"Rettspsykolog Susanne Nordby Johansen og rettspsykiater Terje T\u00f8rrissen i H\u00f8yesterett.\" title=\"Foto: Ole Berg-Rusten \/ NTB\"\/><\/p>\n<p class=\"\">Rettspsykolog Susanne Nordby Johansen og rettspsykiater Terje T\u00f8rrissen i H\u00f8yesterett.<\/p>\n<p>Foto: Ole Berg-Rusten \/ NTB<\/p>\n<p>\u2013 Ut fra erfaring begynner man med nedlasting av bilder. Nedlasting av noveller er en s\u00e6r nisje. Vi kan ikke si hva han kan komme til \u00e5 gj\u00f8re, men det starter ofte med nedlasting, sier T\u00f8rrisen.<\/p>\n<p>\u2013 Vi ser hans dyssosialitet og tiltrekking p\u00e5 barn og at han kommer til \u00e5 agere. Hva han kommer til \u00e5 gj\u00f8re er vanskelig \u00e5 forutse, sier T\u00f8rrisen.<\/p>\n<p>Psykiateren mener det er mindre sannsynlighet for nye drap, selv om han har statistisk h\u00f8yere sannsynlighet for drap enn resten av befolkningen.<\/p>\n<p>\u2013 De sakkyndige er opptatt av noveller som seksualiserer barn som Andersenhar lastet ned og redigert p\u00e5. Hvorfor er ikke det problematisk?<\/p>\n<p>\u2013 Det er klart at det er problematisk, men det er av en annen alvorlighetskategori enn det forvaring er ment \u00e5 ramme, sier Holden.<\/p>\n<p>Dommerne \u00f8nsker tydeligere svar<\/p>\n<p><strong>Dommeren \u00f8nsket en utdypning av hvorfor novellene er viktig med tanke p\u00e5 gjentakelsesfaren.<\/strong><\/p>\n<p>\u2013 Det er sv\u00e6rt grove overgrep som beskrives, svarte psykiater T\u00f8rrisen blant annet.<\/p>\n<p>Dommerne \u00f8nsker ogs\u00e5 at de sakkyndige er tydeligere p\u00e5 hva faren er for nye overgrep.<\/p>\n<p>\u2013 Jeg lurer forsatt p\u00e5 hva sannsynlighet for nye prim\u00e6rovergrep er n\u00e5r han har v\u00e6rt ute i ti \u00e5r uten slike overgrep? sp\u00f8r en av dommerne.<\/p>\n<p>\u2013 Vi kan ikke definere dette overfor retten, vi kan bare si at vi mener risikoen finnes basert p\u00e5 hans fortid, basert p\u00e5 hans dyssosialitet og m\u00e5ten \u00e5 h\u00e5ndtere dette p\u00e5, sier T\u00f8rrisen.<\/p>\n<p>Han sier at de ikke gj\u00f8r vurderingen i forhold til en juridisk forst\u00e5else.<\/p>\n<p>Jan Helge Andersen mener selv at han ikke er pedofil, noe han ga klart uttrykk for til lagmannsretten i fjor sommer. Hans forsvarer, advokat Svein Holden, utfordret ogs\u00e5 diagnosen den gang.<\/p>\n<p>Andersen anket forvaringsdommen p\u00e5 stedet i fjor sommer, f\u00f8r han ble p\u00e5grepet i retten. P\u00e5talemyndigheten st\u00f8ttet anken mot forvaringsdommen.<\/p>\n<p>Forvaring kan vare livet ut<\/p>\n<p>Om H\u00f8yesterett opprettholder dommen p\u00e5 forvaring, er det likevel hypotetisk mulig at en forvaring forlenges livet ut til tross for at p\u00e5talemyndigheten mener fengsel er det riktige.<\/p>\n<p>Men det er p\u00e5talemyndigheten som m\u00e5 be om en eventuell forlengelse av forvaringen p\u00e5 to \u00e5r.<\/p>\n<p>Statsadvokaten sier de vil lytte til det H\u00f8yesterett kommer frem til med tanke p\u00e5 gjentakelsesfare.<\/p>\n<p>\u2013 Da vil p\u00e5talemyndigheten ta en ny vurdering av om vi skal be om forlengelse av forvaringen. Vi vil selvf\u00f8lgelig legge vekt p\u00e5 det H\u00f8yesterett i s\u00e5 fall kommer frem til, men det blir hypotetisk \u00e5 snakke om f\u00f8r avgj\u00f8relsen, sier Schei.\n<\/p>\n<p>Dette er Baneheia-saken<\/p>\n<ul>\n<li>Stine Sofie S\u00f8rstr\u00f8nen (8) og Lena Sl\u00f8gedal Paulsen (10) ble drept etter at de hadde v\u00e6rt og badet i Baneheia i Kristiansand 19. mai 2000.<\/li>\n<li>\n<p>Jan Helge Andersen ble i Agder lagmannsrett i 2002 d\u00f8mt til 19 \u00e5rs fengsel for \u00e5 ha drept Stine Sofie. Viggo Kristiansen ble d\u00f8mt til 21 \u00e5rs forvaring for drapet p\u00e5 Lena, samt medvirkning til drapet p\u00e5 Stine Sofie.<\/p>\n<\/li>\n<li>\n<p>I februar 2021 besluttet gjenopptakelseskommisjonen gjen\u00e5pning av dommen mot Viggo Kristiansen, og i desember 2022 ble han frikjent.<\/p>\n<\/li>\n<li>\n<p>DNA-bevisene mot ham fra den opprinnelige dommen viste seg ikke \u00e5 holde m\u00e5l, og analyser av teledatatrafikk konkluderte med at han ikke hadde v\u00e6rt i Baneheia da drapene skjedde.<\/p>\n<\/li>\n<li>\n<p>I juli 2024 ble Andersen d\u00f8mt i S\u00f8r-Rogaland tingrett for drap og overgrep p\u00e5 Paulsen. Retten mente det bevist at Andersen handlet alene, og d\u00f8mte han til to \u00e5rs fengsel. Saken ble anket.<\/p>\n<\/li>\n<li>\n<p>30. juni 2025 d\u00f8mte Gulating lagmannsrett d\u00f8mte Andersen til forvaring med en tidsramme p\u00e5 to \u00e5r. Lagmannsretten fastslo at Andersen var skyldig i \u00e5 ha drept begge jentene.<\/p>\n<\/li>\n<li>\n<p>Andersen anket saken p\u00e5 stedet. Skyldsp\u00f8rsm\u00e5let er avgjort og kan ikke ankes, men det kan straffen. H\u00f8yesterett behandler ankesaken i november 2025.<\/p>\n<\/li>\n<\/ul>\n<p>Publisert<\/p>\n<p>09.01.2026, kl. 14.05<\/p>\n","protected":false},"excerpt":{"rendered":"H\u00f8yesterett vurderer om det var riktig \u00e5 ilegge Baneheia-d\u00f8mte Jan Helge Andersen forvaringsdom. I fjor sommer ble 44-\u00e5ringen&hellip;\n","protected":false},"author":2,"featured_media":133055,"comment_status":"","ping_status":"","sticky":false,"template":"","format":"standard","meta":{"footnotes":""},"categories":[10],"tags":[20,21,24,25,15,22,23,13,30,28,29,14,16,26,27],"class_list":{"0":"post-133054","1":"post","2":"type-post","3":"status-publish","4":"format-standard","5":"has-post-thumbnail","7":"category-norge","8":"tag-breaking-news","9":"tag-breakingnews","10":"tag-featured-news","11":"tag-featurednews","12":"tag-headlines","13":"tag-latest-news","14":"tag-latestnews","15":"tag-news","16":"tag-no","17":"tag-norge","18":"tag-norway","19":"tag-nyheter","20":"tag-overskrifter","21":"tag-top-stories","22":"tag-topstories"},"share_on_mastodon":{"url":"https:\/\/pubeurope.com\/@no\/115865443660994228","error":""},"_links":{"self":[{"href":"https:\/\/www.europesays.com\/no\/wp-json\/wp\/v2\/posts\/133054","targetHints":{"allow":["GET"]}}],"collection":[{"href":"https:\/\/www.europesays.com\/no\/wp-json\/wp\/v2\/posts"}],"about":[{"href":"https:\/\/www.europesays.com\/no\/wp-json\/wp\/v2\/types\/post"}],"author":[{"embeddable":true,"href":"https:\/\/www.europesays.com\/no\/wp-json\/wp\/v2\/users\/2"}],"replies":[{"embeddable":true,"href":"https:\/\/www.europesays.com\/no\/wp-json\/wp\/v2\/comments?post=133054"}],"version-history":[{"count":0,"href":"https:\/\/www.europesays.com\/no\/wp-json\/wp\/v2\/posts\/133054\/revisions"}],"wp:featuredmedia":[{"embeddable":true,"href":"https:\/\/www.europesays.com\/no\/wp-json\/wp\/v2\/media\/133055"}],"wp:attachment":[{"href":"https:\/\/www.europesays.com\/no\/wp-json\/wp\/v2\/media?parent=133054"}],"wp:term":[{"taxonomy":"category","embeddable":true,"href":"https:\/\/www.europesays.com\/no\/wp-json\/wp\/v2\/categories?post=133054"},{"taxonomy":"post_tag","embeddable":true,"href":"https:\/\/www.europesays.com\/no\/wp-json\/wp\/v2\/tags?post=133054"}],"curies":[{"name":"wp","href":"https:\/\/api.w.org\/{rel}","templated":true}]}}