{"id":133056,"date":"2026-01-09T13:45:09","date_gmt":"2026-01-09T13:45:09","guid":{"rendered":"https:\/\/www.europesays.com\/no\/133056\/"},"modified":"2026-01-09T13:45:09","modified_gmt":"2026-01-09T13:45:09","slug":"mistanken-mot-siktede-er-styrket","status":"publish","type":"post","link":"https:\/\/www.europesays.com\/no\/133056\/","title":{"rendered":"Mistanken mot siktede er styrket"},"content":{"rendered":"\n<p class=\"_paragraph_o9xde_4 _paragraph_xtcu6_10 layout-component text-serif-m layout-normal text-serif-m layout-padded\">Marita L\u00f8fshus Haugen (35) <a href=\"https:\/\/www.vg.no\/nyheter\/i\/bOKp7q\/marita-35-drept-i-orkland\" data-track-element-type=\"Link\" data-track-id=\"link:bOKp7q\" class=\"_link_o9xde_39\" rel=\"nofollow noopener\" target=\"_blank\">ble funnet drept i n\u00e6rheten av arbeidsplassen<\/a> i L\u00f8kken Verk l\u00f8rdag 13. desember.<\/p>\n<p class=\"_paragraph_o9xde_4 _paragraph_xtcu6_10 layout-component text-serif-m layout-normal text-serif-m layout-padded\">Tidligere drapsd\u00f8mte J\u00f8rn Andersen (54) er siktet for drapet. Det er ukjent hvordan han stiller seg til anklagene.<\/p>\n<p class=\"_paragraph_o9xde_4 _paragraph_xtcu6_10 layout-component text-serif-m layout-normal text-serif-m layout-padded\">Varetektsfengslingen til Andersen er forlenget i fire uker. <\/p>\n<p><img alt=\"Politiet rykket ut til \u00e5stedet l\u00f8rdag 13. desember.  Foto: Joakim Halvorsen \/ NTB\" class=\"_image_qp4xg_65 layout-component layout-normal\" data-fullscreen- data-track-element-type=\"Article image fullscreen\" data-track-name=\"ImageFullscreen\" decoding=\"async\" loading=\"lazy\" height=\"5504\" itemprop=\"image\"  src=\"https:\/\/www.europesays.com\/no\/wp-content\/uploads\/2026\/01\/6d752501-7a45-474c-a443-83ddd1c049af.jpeg\"  style=\"object-position:0% 0%\" width=\"8256\"\/>Politiet rykket ut til \u00e5stedet l\u00f8rdag 13. desember.  Foto: Joakim Halvorsen \/ NTB<\/p>\n<p class=\"_paragraph_o9xde_4 _paragraph_xtcu6_10 layout-component text-serif-m layout-normal text-serif-m layout-padded\">P\u00e5talemyndigheten begj\u00e6rte fire nye uker i varetekt uten restriksjoner grunnet gjentagelsesfare. Siktede samtykket til fengsling som begj\u00e6rt, og kjennelsen fra Tr\u00f8ndelag tingrett kom fredag.<\/p>\n<p class=\"_paragraph_o9xde_4 _paragraph_xtcu6_10 layout-component text-serif-m layout-normal text-serif-m layout-padded\">\u2013 Mistanken er etter v\u00e5rt syn styrket etter forrige fengsling. I tiden etter forrige fengsling er det kommet svar p\u00e5 noen tekniske analyser og gjennomf\u00f8rt flere vitneavh\u00f8r. Samlet mener politiet at opplysningene som er innhentet styrker hypotesen om at siktede drepte avd\u00f8de, samtidig som de svekker en hypotese om at andre var involvert, sier politiadvokat Ole Andreas Aftret i Tr\u00f8ndelag politidistrikt.<\/p>\n<ul class=\"_list_o9xde_3 _list_xtcu6_9 _unordered_o9xde_106 layout-component text-serif-m layout-normal text-serif-m layout-padded\">\n<li class=\"_item_o9xde_30\"><strong class=\"_strong_o9xde_25\">Les ogs\u00e5: <a href=\"https:\/\/www.vg.no\/nyheter\/i\/bOKA45\/kvinnen-i-30-aarene-sa-til-vennene-sine-at-den-drapssiktede-skulle-holde-seg-unna\" data-track-element-type=\"Link\" data-track-id=\"link:bOKA45\" class=\"_link_o9xde_39\" rel=\"nofollow noopener\" target=\"_blank\">Timer f\u00f8r drapet: \u00abIkke lov til \u00e5 bevege seg n\u00e6r meg\u00bb<\/a><\/strong><\/li>\n<\/ul>\n<p class=\"_paragraph_o9xde_4 _paragraph_xtcu6_10 layout-component text-serif-m layout-normal text-serif-m layout-padded\">\u2013 Fengslingen antas p\u00e5krevd for \u00e5 hindre siktede i \u00e5 beg\u00e5 nye straffbare handlinger. Begrunnelsen for dette er hans historikk fra tidligere saker og det politiet mener er likhetstrekk mellom denne saken og tidligere saker. Etter v\u00e5rt syn er det fare for nye volds- eller trusselhandlinger dersom han l\u00f8slates, sier Aftret.<\/p>\n<p class=\"_paragraph_o9xde_4 _paragraph_xtcu6_10 layout-component text-serif-m layout-normal text-serif-m layout-padded\">Etter avtale med siktedes forsvarer vil det bli gjennomf\u00f8rt avh\u00f8r av siktede snarlig. Politiet \u00f8nsker ikke \u00e5 offentliggj\u00f8re n\u00f8yaktig tidspunkt og sted for dette. <\/p>\n<p><img alt=\"Sambygdingene tente lys for Marita p\u00e5 \u00e5stedet.  Foto: Hedda Kurseth \/ VG\" class=\"_image_qp4xg_65 layout-component layout-normal\" data-fullscreen- data-track-element-type=\"Article image fullscreen\" data-track-name=\"ImageFullscreen\" decoding=\"async\" loading=\"lazy\" height=\"4480\" itemprop=\"image\"  src=\"https:\/\/www.europesays.com\/no\/wp-content\/uploads\/2026\/01\/cf050da0-1c63-4399-b603-9d7fa3f1632c.jpeg\"  style=\"object-position:0% 0%\" width=\"6720\"\/>Sambygdingene tente lys for Marita p\u00e5 \u00e5stedet.  Foto: Hedda Kurseth \/ VG<\/p>\n<p class=\"_paragraph_o9xde_4 _paragraph_xtcu6_10 layout-component text-serif-m layout-normal text-serif-m layout-padded\">I avh\u00f8ret vil siktede f\u00e5 mulighet til \u00e5 forklare seg om hvordan han oppfatter saken og ta stilling til sp\u00f8rsm\u00e5let om straffskyld.<\/p>\n<p class=\"_paragraph_o9xde_4 _paragraph_xtcu6_10 layout-component text-serif-m layout-normal text-serif-m layout-padded\">\u2013 I denne saken er det jobbet effektivt b\u00e5de hos politiet og eksterne samarbeidsakt\u00f8rer, og det foreligger mye informasjon i saken etter kort tid. Det gjenst\u00e5r likevel etterforskingsskritt, og det vil v\u00e6re s\u00e6rlig aktuelt for politiet \u00e5 jobbe videre med opplysninger fra det kommende avh\u00f8ret av siktede. Vi venter ogs\u00e5 p\u00e5 svar p\u00e5 analyser og vurderinger fra eksterne, b\u00e5de fra Kripos, rettsgenetikere, rettsmedisinere og rettspsykiatrisk sakkyndige, sier Aftret.<\/p>\n<p class=\"_paragraph_o9xde_4 _paragraph_xtcu6_10 layout-component text-serif-m layout-normal text-serif-m layout-padded\">Politiadvokat Ole Andreas Aftret <a href=\"https:\/\/www.vg.no\/nyheter\/i\/q6ngEz\/opplysninger-til-vg-joern-andersen-siktet-for-drap-i-orkland\" data-track-element-type=\"Link\" data-track-id=\"link:q6ngEz\" class=\"_link_o9xde_39\" rel=\"nofollow noopener\" target=\"_blank\">har tidligere uttalt<\/a>: <\/p>\n<p class=\"_paragraph_o9xde_4 _paragraph_xtcu6_10 layout-component text-serif-m layout-normal text-serif-m layout-padded\">\u00abBasert p\u00e5 det vi vet s\u00e5 langt i denne saken kan det tyde p\u00e5 at siktede hadde en nylig avsluttet kj\u00e6resterelasjon til avd\u00f8de. Dette gj\u00f8r at vi mener at det er klart sannsynlig at han kan ut\u00f8ve vold mot andre dersom han l\u00f8slates n\u00e5\u00bb.<\/p>\n<p class=\"_paragraph_o9xde_4 _paragraph_xtcu6_10 layout-component text-serif-m layout-normal text-serif-m layout-padded\">Bistandsadvokaten har uttalt at familien er kritiske til politiets uttalelser: <\/p>\n<p class=\"_paragraph_o9xde_4 _paragraph_xtcu6_10 layout-component text-serif-m layout-normal text-serif-m layout-padded\">\u2013 De etterlatte oppfatter politiets uttalelse om at Marita og den siktede skal ha hatt et kj\u00e6resteforhold som uheldig. At politiet uttaler seg om dette p\u00e5 et s\u00e5 tidlig tidspunkt i etterforskningen, uten at helt sentrale vitner da var avh\u00f8rt, fremst\u00e5r for dem som uforst\u00e5elig, sier bistandsadvokat Laila Afelad. <\/p>\n<p>    <img decoding=\"async\" alt=\"Tips oss illustrasjon\" src=\"https:\/\/www.europesays.com\/no\/wp-content\/uploads\/2025\/10\/pssst-small.webp.webp\"\/>    <\/p>\n<p class=\"title-serif-s\">Har du tips?<\/p>\n<p class=\"text-sans-m\">Send oss informasjon, bilder eller video.<\/p>\n<p>  <a href=\"https:\/\/www.vg.no\/tips-oss\" rel=\"nofollow noopener\" target=\"_blank\"> Tips oss <\/a>      <\/p>\n","protected":false},"excerpt":{"rendered":"Marita L\u00f8fshus Haugen (35) ble funnet drept i n\u00e6rheten av arbeidsplassen i L\u00f8kken Verk l\u00f8rdag 13. desember. Tidligere&hellip;\n","protected":false},"author":2,"featured_media":120348,"comment_status":"","ping_status":"","sticky":false,"template":"","format":"standard","meta":{"footnotes":""},"categories":[5],"tags":[31,20,21,24,25,15,19,22,23,17,18,13,30,28,29,14,16,26,27],"class_list":{"0":"post-133056","1":"post","2":"type-post","3":"status-publish","4":"format-standard","5":"has-post-thumbnail","7":"category-overskrifter","8":"tag-breaking","9":"tag-breaking-news","10":"tag-breakingnews","11":"tag-featured-news","12":"tag-featurednews","13":"tag-headlines","14":"tag-hovedoppslag","15":"tag-latest-news","16":"tag-latestnews","17":"tag-main-news","18":"tag-mainnews","19":"tag-news","20":"tag-no","21":"tag-norge","22":"tag-norway","23":"tag-nyheter","24":"tag-overskrifter","25":"tag-top-stories","26":"tag-topstories"},"share_on_mastodon":{"url":"https:\/\/pubeurope.com\/@no\/115865447595397015","error":""},"_links":{"self":[{"href":"https:\/\/www.europesays.com\/no\/wp-json\/wp\/v2\/posts\/133056","targetHints":{"allow":["GET"]}}],"collection":[{"href":"https:\/\/www.europesays.com\/no\/wp-json\/wp\/v2\/posts"}],"about":[{"href":"https:\/\/www.europesays.com\/no\/wp-json\/wp\/v2\/types\/post"}],"author":[{"embeddable":true,"href":"https:\/\/www.europesays.com\/no\/wp-json\/wp\/v2\/users\/2"}],"replies":[{"embeddable":true,"href":"https:\/\/www.europesays.com\/no\/wp-json\/wp\/v2\/comments?post=133056"}],"version-history":[{"count":0,"href":"https:\/\/www.europesays.com\/no\/wp-json\/wp\/v2\/posts\/133056\/revisions"}],"wp:featuredmedia":[{"embeddable":true,"href":"https:\/\/www.europesays.com\/no\/wp-json\/wp\/v2\/media\/120348"}],"wp:attachment":[{"href":"https:\/\/www.europesays.com\/no\/wp-json\/wp\/v2\/media?parent=133056"}],"wp:term":[{"taxonomy":"category","embeddable":true,"href":"https:\/\/www.europesays.com\/no\/wp-json\/wp\/v2\/categories?post=133056"},{"taxonomy":"post_tag","embeddable":true,"href":"https:\/\/www.europesays.com\/no\/wp-json\/wp\/v2\/tags?post=133056"}],"curies":[{"name":"wp","href":"https:\/\/api.w.org\/{rel}","templated":true}]}}