{"id":133059,"date":"2026-01-09T13:51:09","date_gmt":"2026-01-09T13:51:09","guid":{"rendered":"https:\/\/www.europesays.com\/no\/133059\/"},"modified":"2026-01-09T13:51:09","modified_gmt":"2026-01-09T13:51:09","slug":"prisveksten-har-bitt-seg-fast-e24","status":"publish","type":"post","link":"https:\/\/www.europesays.com\/no\/133059\/","title":{"rendered":"Prisveksten har bitt seg fast \u2013 E24"},"content":{"rendered":"<p><img decoding=\"async\" class=\"image-asset hyperion-css-1arghny\" data-test-tag=\"image-asset\" src=\"https:\/\/www.europesays.com\/no\/wp-content\/uploads\/2026\/01\/3176773e-f97d-4d55-84a9-635384bc9b89.jpeg\"  alt=\"STADIG VERRE: Matprisene har \u00f8kt med 5,2 prosent bare det siste \u00e5ret.\"  loading=\"eager\" fetchpriority=\"high\" style=\"aspect-ratio:1900 \/ 1281\"\/>STADIG VERRE: Matprisene har \u00f8kt med 5,2 prosent bare det siste \u00e5ret. Foto: Aurora Ytreberg Mel\u00f8e \/ VG<\/p>\n<p class=\"extendedContent hyperion-css-1rezocc\" data-test-tag=\"lead-text\">Prisene stiger overraskende mye. Det vil merkes p\u00e5 nordmenns lommebok i 2026. <\/p>\n<p>Publisert: <\/p>\n<p>For mindre enn 30 minutter siden<\/p>\n<p>Oppdatert n\u00e5 nettopp<\/p>\n<p>Dette er en kommentar<\/p>\n<p> Kommentaren gir uttrykk for skribentens holdning.<\/p>\n<p class=\"hyperion-css-1lemvax\">Vi kan se det meg egne \u00f8yne n\u00e5r vi vandrer rundt i butikkene. Det er <a data-test-tag=\"internal-link\" href=\"https:\/\/e24.no\/norsk-oekonomi\/i\/y5RvBx\/sjoko-sjokk-ellevill-prisvekst-i-2025\" class=\"hyperion-css-1rezu2g\" rel=\"nofollow noopener\" target=\"\" aria-label=\"sjoko-sjokk\" theme=\"default_opinion\">sjoko-sjokk<\/a> ved kassen. Prisene p\u00e5 bananer g\u00e5r <a data-test-tag=\"internal-link\" href=\"https:\/\/e24.no\/norsk-oekonomi\/i\/RjRAoA\/matprisene-ser-prisfall-paa-flere-store-varegrupper\" class=\"hyperion-css-1rezu2g\" rel=\"nofollow noopener\" target=\"\" aria-label=\"bananas\" theme=\"default_opinion\">bananas<\/a>. <\/p>\n<p class=\"hyperion-css-1lemvax\">Og de raskt stigende prisene p\u00e5 en kjent koffeinholdig drikke kan f\u00e5 enhver til \u00e5 sette kaffen i vrangstrupen. <\/p>\n<p class=\"hyperion-css-1lemvax\">Dette gjelder mer enn enkeltvarer. Prisene i Norge vokser fremdeles raskere enn vi liker \u00e5 tenke p\u00e5. Og langt mer enn Norges Bank har som m\u00e5l. <\/p>\n<p class=\"hyperion-css-1lemvax\">Ferske <a aria-label=\"SSB-tall\" class=\"default_opinion hyperion-css-1rezu2g\" href=\"https:\/\/www.ssb.no\/priser-og-prisindekser\/konsumpriser\/statistikk\/konsumprisindeksen\" rel=\"noopener nofollow noreferrer\" data-test-tag=\"external-link\" target=\"_blank\">SSB-tall<\/a> viser at prisene har steget 3,2 prosent det siste \u00e5ret. Og ser vi p\u00e5 s\u00e5kalt kjerneinflasjonkjerneinflasjonPrisveksten minus energipriser og avgiftsendringer. Kjerneinflasjonen er ment \u00e5 bedre speile hvordan de underliggende prisene utvikler seg.  , g\u00e5r ogs\u00e5 favorittbarometeret til Norges Bank opp. <\/p>\n<p class=\"hyperion-css-1lemvax\">I 2025 gikk prisene p\u00e5 alt unntatt str\u00f8m og avgifter opp 3,1 prosent. Norges Banks m\u00e5l er \u00e5 f\u00e5 tallet ned i 2 prosent. <\/p>\n<p><a data-test-tag=\"teaser-small:link-internal\" href=\"https:\/\/e24.no\/boers-og-finans\/i\/5p0mpE\/toppoekonom-advarer-om-comeback-for-inflasjon\" class=\"imagePosition-top inline hyperion-css-6238vu\" rel=\"nofollow noopener\" target=\"\" aria-label=\"Topp\u00f8konom advarer om comeback for inflasjon\"><\/p>\n<p>Les p\u00e5 E24+<\/p>\n<p>Topp\u00f8konom advarer om comeback for inflasjon<\/p>\n<p><\/a><\/p>\n<p class=\"hyperion-css-1lemvax\">Der er vi alts\u00e5 slettes ikke enn\u00e5. <strong>I desember gikk det s\u00e5gar feil vei. <\/strong>Den underliggende prisveksten var h\u00f8yere enn b\u00e5de sentralbanken og tallknuserne ventet seg. <\/p>\n<p class=\"hyperion-css-1lemvax\">Heldigvis er prisveksten her til lands langt unna de skyh\u00f8ye niv\u00e5ene i pandemiens kj\u00f8lvann. For de fleste steg l\u00f8nnene mer enn prisene i b\u00e5de 2024 og 2025. Det ser ogs\u00e5 lovende ut for 2026. <\/p>\n<p class=\"hyperion-css-1lemvax\">Men prisveksten er stadig s\u00e5pass sterk at reall\u00f8nns\u00f8kningen begrenses. Mange har da ogs\u00e5 f\u00e5tt en l\u00f8nnsvekst i fjor godt under snittet. <\/p>\n<p class=\"hyperion-css-1lemvax\"><strong>Dessuten har hver og en av oss en personlig prisvekst. <\/strong><\/p>\n<p class=\"hyperion-css-1lemvax\">Det vil for eksempel v\u00e6re mange barnefamilier som opplever at de har m\u00e5ttet bla opp langt mer enn 3,2 prosent ekstra i fjor. Er matbudsjettet h\u00f8yt, tynger det at mat og drikke i snitt ble 5,2 prosent dyrere i fjor. <\/p>\n<p><a data-test-tag=\"teaser-small:link-internal\" href=\"https:\/\/e24.no\/norsk-oekonomi\/i\/y5RvBx\/sjoko-sjokk-ellevill-prisvekst-i-2025\" class=\"imagePosition-top inline hyperion-css-6238vu\" rel=\"nofollow noopener\" target=\"\" aria-label=\"Sjoko-sjokk: Ellevill prisvekst i 2025\"><\/p>\n<p>Les ogs\u00e5<\/p>\n<p>Sjoko-sjokk: Ellevill prisvekst i 2025<\/p>\n<p><\/a><\/p>\n<p class=\"hyperion-css-1lemvax\">Priser som fremdeles vokser ubehagelig mye, gir ogs\u00e5 en annen smell for privat\u00f8konomien. <\/p>\n<p class=\"hyperion-css-1lemvax\">Skal det virkelig monne i l\u00e5ntagernes nettbanker, b\u00f8r jo helst ogs\u00e5 boligl\u00e5nsrentene falle videre. Og utsiktene til rentekutt blir d\u00e5rligere dersom prisveksten holder seg oppe utover \u00e5ret. <\/p>\n<p class=\"hyperion-css-1lemvax\">Dersom Norges Bank ikke opplever at inflasjonen er helt under kontroll, kan rett og slett renteniv\u00e5et forbli like h\u00f8yt som n\u00e5 enda lenger. <\/p>\n<p class=\"hyperion-css-1lemvax\">Utsiktene til et mulig nytt rentekutt alt i mars har f\u00e5tt et skudd for baugen med dagens pristall. Heller ikke et rentekutt like f\u00f8r den sommerlige fellesferien kan tas for gitt. <\/p>\n<p><img decoding=\"async\" class=\"image-asset hyperion-css-1e5vzae\" data-test-tag=\"image-asset\" src=\"https:\/\/www.europesays.com\/no\/wp-content\/uploads\/2026\/01\/341fb84c-38f4-4e18-95c6-691cf11e3687.jpeg\"  alt=\"OVER M\u00c5LET: Overraskende sterk prisvekst setter rentekutt i fare. Her sentralbanksjef Ida Wolden Bache. \"  loading=\"eager\" fetchpriority=\"high\" style=\"aspect-ratio:1900 \/ 1266\"\/>OVER M\u00c5LET: Overraskende sterk prisvekst setter rentekutt i fare. Her sentralbanksjef Ida Wolden Bache. Foto: Ole Berg-Rusten \/ NTB<\/p>\n<p class=\"hyperion-css-1lemvax\">Det er samtidig dessverre ikke overraskende at norske priser fremdeles vokser s\u00e5pass friskt. <\/p>\n<p class=\"hyperion-css-1lemvax\">Blant annet har dette noe med inflasjonens natur \u00e5 gj\u00f8re. Selve forventningen om at prisene skal stige mer enn f\u00f8r, kan i seg selv bidra til \u00e5 holde liv i en seig prisvekst.<\/p>\n<p class=\"hyperion-css-1lemvax\">En annen \u00e5rsak til at flere land n\u00e5 st\u00e5r i en langvarig periode med h\u00f8yere inflasjon enn m\u00e5let, er de store investeringene som venter. Et gr\u00f8nt skifte og en langsiktig opprustning koster mye penger. <\/p>\n<p class=\"hyperion-css-1lemvax\">Det siste \u00abfettet\u00bb p\u00e5 veien ned mot inflasjonsm\u00e5let sitter i det hele tatt hardt i mange steder. Helt som ventet. Veien fra 3 til 2 prosent er langt mer krevende enn veien fra 5 til 4.<\/p>\n<p class=\"hyperion-css-1lemvax\">Norges Bank selv venter at det vil ta flere \u00e5r \u00e5 komme helt ned til m\u00e5let. Og sentralbanken p\u00e5peker i sin siste pengepolitiske <a aria-label=\"rapport\" class=\"default_opinion hyperion-css-1rezu2g\" href=\"https:\/\/www.norges-bank.no\/aktuelt\/publikasjoner\/Pengepolitisk-rapport\/2025\/ppr-42025\/nettrapport-ppr-42025\/\" rel=\"noopener nofollow noreferrer\" data-test-tag=\"external-link\" target=\"_blank\">rapport<\/a> at h\u00f8y prisvekst p\u00e5 tjenester, husleier og matvarer bidrar til \u00e5 holde prisveksten oppe.<\/p>\n<p class=\"hyperion-css-1lemvax\">V\u00e5re handelspartnere i eurosonen er riktignok ved m\u00e5let. Men den medaljen har ogs\u00e5 en bakside. Slapp vekst gir gjerne slapp prisstigning. Med p\u00e5 kj\u00f8pet kommer ledighet. <\/p>\n<p class=\"hyperion-css-1lemvax\">I blant annet USA og Norge er den \u00f8konomiske veksten sterkere. Men det synes ogs\u00e5 p\u00e5 prislappene. Her hjemme ble trenden med stadig avdempende kjerneinflasjon brutt alt h\u00f8sten 2024. <\/p>\n<p class=\"hyperion-css-1lemvax\">Helt siden mai i \u00e5r har vi svevet p\u00e5 3,0 prosent eller h\u00f8yere. Prisveksten har n\u00e6rmest bitt seg fast. Ogs\u00e5 et godt l\u00f8nnsoppgj\u00f8r bidrar til \u00e5 mate en ganske h\u00f8y prisvekst. <\/p>\n<p class=\"hyperion-css-1lemvax\">Det er vanskelig \u00e5 f\u00e5 i b\u00e5de pose og sekk. <\/p>\n<p class=\"hyperion-css-1lemvax\"><strong>B\u00e5de Norges Bank og folk flest m\u00e5 sm\u00f8re seg med t\u00e5lmodighet ogs\u00e5 i \u00e5r. <\/strong><\/p>\n<p><a data-test-tag=\"teaser-small:link-internal\" href=\"https:\/\/e24.no\/norsk-oekonomi\/i\/Exo6xj\/adjoe-billiglaan\" class=\"imagePosition-top inline hyperion-css-6238vu\" rel=\"nofollow noopener\" target=\"\" aria-label=\"Adj\u00f8, billigl\u00e5n\"><\/p>\n<p>Les ogs\u00e5<\/p>\n<p>Adj\u00f8, billigl\u00e5n<\/p>\n<p><\/a><a data-test-tag=\"teaser-small:link-internal\" href=\"https:\/\/e24.no\/boers-og-finans\/i\/43dyVo\/hever-eurosonen-rentene\" class=\"imagePosition-top inline hyperion-css-6238vu\" rel=\"nofollow noopener\" target=\"\" aria-label=\"Hever eurosonen rentene? \"><\/p>\n<p>Les p\u00e5 E24+<\/p>\n<p>Hever eurosonen rentene? <\/p>\n<p><\/a><a data-test-tag=\"teaser-small:link-internal\" href=\"https:\/\/e24.no\/norsk-oekonomi\/i\/16k8rq\/hvilke-norske-ben-skal-gi-vekst-naa\" class=\"imagePosition-top inline hyperion-css-6238vu\" rel=\"nofollow noopener\" target=\"\" aria-label=\"Hvilke norske ben skal gi vekst n\u00e5? \"><\/p>\n<p>Les p\u00e5 E24+<\/p>\n<p>Hvilke norske ben skal gi vekst n\u00e5? <\/p>\n<p><\/a><a data-test-tag=\"teaser-small:link-internal\" href=\"https:\/\/e24.no\/boers-og-finans\/i\/XMlAr7\/uten-ai-forsvinner-veksten\" class=\"imagePosition-top inline hyperion-css-6238vu\" rel=\"nofollow noopener\" target=\"\" aria-label=\"Uten AI forsvinner veksten\"><\/p>\n<p>Les p\u00e5 E24+<\/p>\n<p>Uten AI forsvinner veksten<\/p>\n<p><\/a><a data-test-tag=\"teaser-small:link-internal\" href=\"https:\/\/e24.no\/internasjonal-oekonomi\/i\/zOGao9\/wtover\" class=\"imagePosition-top inline hyperion-css-6238vu\" rel=\"nofollow noopener\" target=\"\" aria-label=\"WTOver?\"><\/p>\n","protected":false},"excerpt":{"rendered":"STADIG VERRE: Matprisene har \u00f8kt med 5,2 prosent bare det siste \u00e5ret. Foto: Aurora Ytreberg Mel\u00f8e \/ VG&hellip;\n","protected":false},"author":2,"featured_media":133060,"comment_status":"","ping_status":"","sticky":false,"template":"","format":"standard","meta":{"footnotes":""},"categories":[10],"tags":[20,21,24,25,15,22,23,13,30,28,29,14,16,26,27],"class_list":{"0":"post-133059","1":"post","2":"type-post","3":"status-publish","4":"format-standard","5":"has-post-thumbnail","7":"category-norge","8":"tag-breaking-news","9":"tag-breakingnews","10":"tag-featured-news","11":"tag-featurednews","12":"tag-headlines","13":"tag-latest-news","14":"tag-latestnews","15":"tag-news","16":"tag-no","17":"tag-norge","18":"tag-norway","19":"tag-nyheter","20":"tag-overskrifter","21":"tag-top-stories","22":"tag-topstories"},"share_on_mastodon":{"url":"https:\/\/pubeurope.com\/@no\/115865471077333275","error":""},"_links":{"self":[{"href":"https:\/\/www.europesays.com\/no\/wp-json\/wp\/v2\/posts\/133059","targetHints":{"allow":["GET"]}}],"collection":[{"href":"https:\/\/www.europesays.com\/no\/wp-json\/wp\/v2\/posts"}],"about":[{"href":"https:\/\/www.europesays.com\/no\/wp-json\/wp\/v2\/types\/post"}],"author":[{"embeddable":true,"href":"https:\/\/www.europesays.com\/no\/wp-json\/wp\/v2\/users\/2"}],"replies":[{"embeddable":true,"href":"https:\/\/www.europesays.com\/no\/wp-json\/wp\/v2\/comments?post=133059"}],"version-history":[{"count":0,"href":"https:\/\/www.europesays.com\/no\/wp-json\/wp\/v2\/posts\/133059\/revisions"}],"wp:featuredmedia":[{"embeddable":true,"href":"https:\/\/www.europesays.com\/no\/wp-json\/wp\/v2\/media\/133060"}],"wp:attachment":[{"href":"https:\/\/www.europesays.com\/no\/wp-json\/wp\/v2\/media?parent=133059"}],"wp:term":[{"taxonomy":"category","embeddable":true,"href":"https:\/\/www.europesays.com\/no\/wp-json\/wp\/v2\/categories?post=133059"},{"taxonomy":"post_tag","embeddable":true,"href":"https:\/\/www.europesays.com\/no\/wp-json\/wp\/v2\/tags?post=133059"}],"curies":[{"name":"wp","href":"https:\/\/api.w.org\/{rel}","templated":true}]}}