{"id":133064,"date":"2026-01-09T14:00:37","date_gmt":"2026-01-09T14:00:37","guid":{"rendered":"https:\/\/www.europesays.com\/no\/133064\/"},"modified":"2026-01-09T14:00:37","modified_gmt":"2026-01-09T14:00:37","slug":"sivert-guttorm-bakken-skiskyting-sivert-bakken-kompis-tommaso-giacomel-tok-folelsesladd-seier-i-skiskyttersprinten-i-oberhof","status":"publish","type":"post","link":"https:\/\/www.europesays.com\/no\/133064\/","title":{"rendered":"Sivert Guttorm Bakken, Skiskyting | Sivert Bakken-kompis Tommaso Giacomel tok f\u00f8lelsesladd seier i skiskyttersprinten i Oberhof"},"content":{"rendered":"\n<p>Italieneren Tommaso Giacomel (25) tok sprintseieren under verdenscupen i skiskyting i Oberhof torsdag. Ved m\u00e5lpassering hyllet han avd\u00f8de Sivert Bakken.<\/p>\n<p>Giacomel hevet armen og h\u00f8yre pekefinger og l\u00f8ftet blikket opp mot himmelen da han passerte m\u00e5lstreken i torsdagens renn.<\/p>\n<p>\u2013 Denne var for Sivert, sa italieneren til pallkollega Johannes Dale-Skjevdal etter m\u00e5lpassering, if\u00f8lge X-kontoen til Det internasjonale skiskytterforbundet (IBU).<\/p>\n<p>Giacomels var emosjonell i det p\u00e5f\u00f8lgende intervjuet med TV 2.<\/p>\n<p>\u2013 Det er fint \u00e5 vinne et renn, men det er fortsatt en trist dag og ingenting \u00e5 feire. Det har v\u00e6rt en spesiell dag og fin stemning mellom oss. De siste ukene har v\u00e6rt de verste i mitt liv. For \u00f8yeblikket er det ikke noe morsomt. Jeg tenkte p\u00e5 Sivert p\u00e5 sisterunden. Jeg vil alltid b\u00e6re med meg Sivert i hjertet mitt, sa Giacomel til TV 2.<\/p>\n<p>Giacomel har v\u00e6rt en \u00e5penbaring i \u00e5rets sesong, og han vant tross den ene bommen han p\u00e5dro seg p\u00e5 f\u00f8rste liggende. Da gikk han ut p\u00e5 8.-plass, men med farten i l\u00f8ypa og fullt hus p\u00e5 st\u00e5ende, ble seieren hans.<\/p>\n<p>Sort s\u00f8rgebind<\/p>\n<p>Italieneren gikk i likhet med samtlige ut\u00f8vere med sort s\u00f8rgebind for \u00e5 hedre minnet til avd\u00f8de Sivert Bakken. Det var meningen at de to skulle trene sammen da Bakken ble funnet d\u00f8d p\u00e5 hotellrommet sitt i Lavaz\u00e9 lille julaften.<\/p>\n<p>Giacomel var tidlig ute med en hyllest til Bakken i sosiale medier, og han brast i gr\u00e5t da han ble intervjuet om sin norske kollega i Oberhof tidligere denne uken.<\/p>\n<p>25-\u00e5ringen tok sin fjerde seier i \u00e5rets verdenscup, og han blir \u00e5 regne med i OL p\u00e5 hjemmebane senere i vinter. Seieren i Oberhof var av det sterke slaget med tanke p\u00e5 det som er skjedd i skiskyttermilj\u00f8et den siste tiden.<\/p>\n<p>Avd\u00f8de Bakkens kamerat tok den siste seieren i verdenscupen i 2025, og han startet 2026 med \u00e5 ta den f\u00f8rste.<\/p>\n<p>Norsk p\u00e5 pallen<\/p>\n<p>Tyskeren Phillip Nawrath ble nummer to. Med sin ene bom var han 13,2 sekunder bak Giacomel i m\u00e5l.<\/p>\n<p>Johannes Dale-Skjevdal tok den siste pallplassen. Han skj\u00f8t ogs\u00e5 \u00e9n bom og var 25,2 seier bak seieren.<\/p>\n<p>\u2013 Det var en fin markering i forkant. Jeg tror at jeg v\u00e5knet litt da. Det er sterkt \u00e5 st\u00e5 der som et lag, og jeg fikk ogs\u00e5 Siverts startnummer i h\u00e5nda. Det er brutalt, selvf\u00f8lgelig, men ogs\u00e5 fint p\u00e5 sin m\u00e5te, sa Dale-Skjevdal til TV 2.<\/p>\n<p>Martin Uldal bommet p\u00e5 det siste p\u00e5 st\u00e5ende og var 31,4 sekunder bak p\u00e5 5.-plass.<\/p>\n<p>\u2013 Det var mye f\u00f8lelser f\u00f8r start og p\u00e5 oppvarming, og vi fikk ut mye aggresjon i l\u00f8pet. N\u00e5 er jeg egentlig ganske tom, sa Uldal til TV 2.<\/p>\n<p>Isak Leknes Frey ble nummer 13, Sverre Dahlen Aspenes nummer 19 og Martin Nevland nummer 20. Vetle Sj\u00e5stad Christiansen ble nummer 64 med sine fire bom og f\u00e5r dermed ikke g\u00e5 l\u00f8rdagens jaktstart samme sted.<\/p>\n<p>Norge har vunnet \u00e5tte av totalt 33 herresprinter i Oberhof. TV 2s ekspertkommentator Ole Einar Bj\u00f8rndalen tok den siste av sine totalt tre sprintseirer i Oberhof i 2003.<\/p>\n<p>Hedret<\/p>\n<p>Verdenscupleder Johan-Olav Botn og Sturla Holm L\u00e6greid hadde meldt sykdomsforfall til rennet. Begge ble OL-klare tidligere denne uken.<\/p>\n<p>Avd\u00f8de Sivert Guttorm Bakken ble minnet og hedret f\u00f8r start i Oberhof. Han ble tildelt startnummer 1, og det var et minutts applaus for ham p\u00e5 stadion. Han ble viet oppmerksomhet i TV-sendingen i forkant av rennet.<\/p>\n<p>Bakken skulle selv ha v\u00e6rt i verdenscuprennene i Oberhof, men ble funnet d\u00f8d p\u00e5 sitt hotellrom i Lavaz\u00e9 i Nord-Italia lille julaften. D\u00f8ds\u00e5rsaken er ikke kjent. Han ble 27 \u00e5r gammel.<\/p>\n<p>(\u00a9NTB)<\/p>\n","protected":false},"excerpt":{"rendered":"Italieneren Tommaso Giacomel (25) tok sprintseieren under verdenscupen i skiskyting i Oberhof torsdag. Ved m\u00e5lpassering hyllet han avd\u00f8de&hellip;\n","protected":false},"author":2,"featured_media":133065,"comment_status":"","ping_status":"","sticky":false,"template":"","format":"standard","meta":{"footnotes":""},"categories":[59],"tags":[30,28,29,83,82],"class_list":{"0":"post-133064","1":"post","2":"type-post","3":"status-publish","4":"format-standard","5":"has-post-thumbnail","7":"category-sport","8":"tag-no","9":"tag-norge","10":"tag-norway","11":"tag-sport","12":"tag-sports"},"share_on_mastodon":{"url":"https:\/\/pubeurope.com\/@no\/115865506423422362","error":""},"_links":{"self":[{"href":"https:\/\/www.europesays.com\/no\/wp-json\/wp\/v2\/posts\/133064","targetHints":{"allow":["GET"]}}],"collection":[{"href":"https:\/\/www.europesays.com\/no\/wp-json\/wp\/v2\/posts"}],"about":[{"href":"https:\/\/www.europesays.com\/no\/wp-json\/wp\/v2\/types\/post"}],"author":[{"embeddable":true,"href":"https:\/\/www.europesays.com\/no\/wp-json\/wp\/v2\/users\/2"}],"replies":[{"embeddable":true,"href":"https:\/\/www.europesays.com\/no\/wp-json\/wp\/v2\/comments?post=133064"}],"version-history":[{"count":0,"href":"https:\/\/www.europesays.com\/no\/wp-json\/wp\/v2\/posts\/133064\/revisions"}],"wp:featuredmedia":[{"embeddable":true,"href":"https:\/\/www.europesays.com\/no\/wp-json\/wp\/v2\/media\/133065"}],"wp:attachment":[{"href":"https:\/\/www.europesays.com\/no\/wp-json\/wp\/v2\/media?parent=133064"}],"wp:term":[{"taxonomy":"category","embeddable":true,"href":"https:\/\/www.europesays.com\/no\/wp-json\/wp\/v2\/categories?post=133064"},{"taxonomy":"post_tag","embeddable":true,"href":"https:\/\/www.europesays.com\/no\/wp-json\/wp\/v2\/tags?post=133064"}],"curies":[{"name":"wp","href":"https:\/\/api.w.org\/{rel}","templated":true}]}}