{"id":133075,"date":"2026-01-09T14:20:07","date_gmt":"2026-01-09T14:20:07","guid":{"rendered":"https:\/\/www.europesays.com\/no\/133075\/"},"modified":"2026-01-09T14:20:07","modified_gmt":"2026-01-09T14:20:07","slug":"frp-masar-mest-pa-regjeringa-store-geografiske-forskjellar-nrk-innlandet-lokale-nyheter-tv-og-radio","status":"publish","type":"post","link":"https:\/\/www.europesays.com\/no\/133075\/","title":{"rendered":"Frp \u00abmasar\u00bb mest p\u00e5 regjeringa \u2013 store geografiske forskjellar \u2013 NRK Innlandet \u2013 Lokale nyheter, TV og radio"},"content":{"rendered":"<p>Saka oppsummert<\/p>\n<ul>\n<li>Framstegspartiet st\u00e5r for 46,4 % av alle sp\u00f8rsm\u00e5l stilte til regjeringa denne perioden, med \u00e5tte av dei ti mest aktive representantane.<\/li>\n<li>Nykommar Kristian Eilertsen fr\u00e5 Frp er blant dei mest aktive.<\/li>\n<li>Mindretalsregjeringa gir opposisjonen st\u00f8rre h\u00f8ve til \u00e5 p\u00e5verka politiske saker og setja dagsorden, meiner enkelte.<\/li>\n<li>Sp-leiar Trygve Slagsvold Vedum som mest aktiv blant partileiarane.<\/li>\n<li>Geografiske forskjellar er tydelege, med Troms og \u00d8stfold som dei mest aktive fylka.<\/li>\n<\/ul>\n<p>Oppsummeringa er laga av ei KI-teneste fr\u00e5 OpenAI. Innhaldet er kvalitetssikra av NRKs journalistar f\u00f8r publisering.<\/p>\n<p>Framstegspartiet st\u00e5r for 46,4 prosent av alle sp\u00f8rsm\u00e5l stilt til regjeringa fram til nytt\u00e5r.<\/p>\n<p>Det viser ein gjennomgang NRK har gjort av alle sp\u00f8rsm\u00e5l, b\u00e5de munnlege og skriftlege, som stortingspolitikarane har stilt.<\/p>\n<p><strong>\u2013 Det er interessant \u00e5 sj\u00e5 kor mange som stiller sp\u00f8rsm\u00e5l, og kven det er. Det er ikkje s\u00e5 overraskande at Framstegspartiet, som det st\u00f8rste opposisjonspartiet, tar leiarskap i \u00e5 stille kritiske sp\u00f8rsm\u00e5l til regjeringa.<\/strong><\/p>\n<p>Det seier f\u00f8rsteamanuensis i samanliknande politikk ved UiT Noregs arktiske universitet, Troy Saghaug Broderstad.<\/p>\n<p>Blant partileiarane er det store forskjellar, der den tidlegare finansministeren fr\u00e5 Innlandet utmerkjer seg.<\/p>\n<p>I l\u00f8pet av det siste \u00e5ret f\u00f8r stortingsvalet hausten 2025 stilte Frp 807 av totalt 3234 sp\u00f8rsm\u00e5l. Dette utgjer 25 prosent av alle sp\u00f8rsm\u00e5l. Frp hadde den gongen 21 representantar, mot 47 n\u00e5.<\/p>\n<p><img decoding=\"async\"   src=\"data:image\/gif;base64,R0lGODlhAQABAIAAAAAAAP\/\/\/yH5BAEAAAAALAAAAAABAAEAAAIBRAA7\" loading=\"eager\" alt=\"Troy Saghaug Broderstad p\u00e5 universitetet i Troms\u00f8.\" title=\"Foto: Ida Louise Rostad \/ NRK\"\/><\/p>\n<p class=\"\">F\u00f8rsteamanuensis i samanliknande politikk ved UiT Noregs arktiske universitet, Troy Saghaug Broderstad.<\/p>\n<p>Foto: Ida Louise Rostad \/ NRK<\/p>\n<p>Frp leier an<\/p>\n<p>Det er liten tvil om kva parti som \u00abmasar\u00bb mest p\u00e5 regjeringa.<\/p>\n<p>Frp har \u00e5tte av dei ti \u00f8vste plassane, med Frank Sve og B\u00e5rd Hoksrud p\u00e5 topp med 30 sp\u00f8rsm\u00e5l kvar. Frps partileiar Sylvi Listhaug st\u00e5r sj\u00f8lv med seks sp\u00f8rsm\u00e5l til no.<\/p>\n<p><strong>P\u00e5 delt 4. plass ligg nykommaren Kristian Eilertsen fr\u00e5 Harstad.<\/strong><\/p>\n<p>\u2013 Det er litt artig at eg som fersk representant tronar i toppen av tabellen. Sj\u00f8lv om det er artig for min eigen del, s\u00e5 er det fordi ein gjer ein jobb for veljarane \u2013 dei som har stemt meg inn p\u00e5 Stortinget. Vi i Frp er veldig opptatte av \u00e5 f\u00e5 fram politikken v\u00e5r, for meir fridom og tryggleik, seier Eilertsen, som er helsepolitisk talsperson i Frp.<\/p>\n<p><img decoding=\"async\"   src=\"data:image\/gif;base64,R0lGODlhAQABAIAAAAAAAP\/\/\/yH5BAEAAAAALAAAAAABAAEAAAIBRAA7\" loading=\"eager\" alt=\"En person st\u00e5r utend\u00f8rs med en smarttelefon i h\u00e5nden. Vedkommende har p\u00e5 seg en m\u00f8rk jakke og en lys skjorte. Bakgrunnen viser en bygning med klassisk arkitektur. Det er en gr\u00e5 himmel, noe som indikerer at det kan v\u00e6re tidlig morgen eller sen ettermiddag. (Bildebeskrivelsen er laget av en KI-tjeneste)\" title=\"Foto: Ksenia Novikova \/ NRK\"\/><\/p>\n<p class=\"\">Kristian Eilertsen (Frp) er blant dei mest aktive sp\u00f8rsm\u00e5lsstillarane p\u00e5 Stortinget.<\/p>\n<p>Foto: Ksenia Novikova \/ NRK<\/p>\n<p>Broderstad er ikkje overraska over den h\u00f8ge plasseringa av nykommaren.<\/p>\n<p>\u2013 Han har eit klart \u00f8nske om \u00e5 markere seg i den nasjonale politikken og dominere dei skriftlege sp\u00f8rsm\u00e5la fr\u00e5 Troms-benken.<\/p>\n<p><strong>Kommunikasjonssjef ved Statsministerens kontor, Anne Kristin Hjukse, meiner tilgangen representantane har til \u00e5 stille sp\u00f8rsm\u00e5l er ein viktig del av demokratiet.<\/strong><\/p>\n<p>\u2013 Vi har inga samla oversikt over kor mykje tid kvart enkelt departement bruker p\u00e5 dei ulike oppg\u00e5vene sine, men svar p\u00e5 sp\u00f8rsm\u00e5l fr\u00e5 Stortinget har naturleg nok h\u00f8g prioritet.<\/p>\n<p><img decoding=\"async\"   src=\"data:image\/gif;base64,R0lGODlhAQABAIAAAAAAAP\/\/\/yH5BAEAAAAALAAAAAABAAEAAAIBRAA7\" loading=\"eager\" alt=\"Kommunikasjonssjef Statsministerens kontor \" title=\"Foto: William Jobling \/ NRK\"\/><\/p>\n<p class=\"\">Tilgangen stortingsrepresentantane har til \u00e5 stille sp\u00f8rsm\u00e5l til regjeringa er ein viktig del av demokratiet, meiner Anne Kristin Hjukse. Her saman med statsminister Jonas Gahr St\u00f8re (Ap) ved eit tidlegare h\u00f8ve.\n<\/p>\n<p>Foto: William Jobling \/ NRK<\/p>\n<p>Opnar for politiske l\u00f8ysingar<\/p>\n<p>Kvar veke kan stortingsrepresentantane stille to skriftlege og eitt munnleg sp\u00f8rsm\u00e5l kvar.<\/p>\n<p>Med \u00e5tte munnlege sp\u00f8rsm\u00e5l er Eilertsen den mest aktive til \u00e5 ta opp saker munnleg i Stortinget, og fjerdeplass n\u00e5r skriftlege sp\u00f8rsm\u00e5l er medrekna.<\/p>\n<p>\u2013 Moglegheita v\u00e5r til \u00e5 sette dagsordenen i Stortinget er gjennom sp\u00f8rsm\u00e5l, b\u00e5de munnleg og skriftleg. N\u00e5 har vi ei relativt svak mindretalsregjering, som gjer at det vi tar opp vil ha meir \u00e5 seie enn f\u00f8r.<\/p>\n<p>Broderstad er ikkje i tvil om at dagens mindretalsregjering, som er blant dei svakaste i historia, opnar for samarbeid utover budsjettsemja.<\/p>\n<p><strong>\u2013 Da er det viktig for Frp \u00e5 markere sin posisjon og sette dagsordenen, slik at ein kan pr\u00f8ve \u00e5 finne eit fleirtal i enkeltsaker som g\u00e5r p\u00e5 tvers av dei tradisjonelle skiljelinjene.<\/strong><\/p>\n<p>Han p\u00e5peikar at Arbeidarpartiet s\u00e6rleg har gjort ein \u00abganske stor endring\u00bb i sin m\u00e5te \u00e5 omtale innvandring p\u00e5.<\/p>\n<p>\u2013 Dei flyttar innvandringspolitikken sin mot h\u00f8gre, p\u00e5 same m\u00e5te som vi har sett i Danmark, Storbritannia og Sverige. Da er det naturleg at Framstegspartiet markerer sin posisjon, slik at dei kan vise kor moglegheitene er for \u00e5 danne eit kompromiss som g\u00e5r til h\u00f8gre i staden for til venstre.<\/p>\n<p><img decoding=\"async\"   src=\"data:image\/gif;base64,R0lGODlhAQABAIAAAAAAAP\/\/\/yH5BAEAAAAALAAAAAABAAEAAAIBRAA7\" loading=\"eager\" alt=\"St\u00f8re og Listhaug og resten av debattantene klare p\u00e5 Carls i Oslo. \" title=\"Foto: Truls Skram Ler\u00f8 \/ NRK\"\/><\/p>\n<p class=\"\">Jonas Gahr St\u00f8re (Ap) og regjeringa ser meir til h\u00f8gre i omtalen av innvandring. Da er det naturleg at Frp og Sylvi Listhaug viser kor dei st\u00e5r, meiner Troy Broderstad.<\/p>\n<p>Foto: Truls Skram Ler\u00f8 \/ NRK<\/p>\n<p>KrF i botn<\/p>\n<p>Nedst p\u00e5 lista ligg Harry Valderhaug i KrF fr\u00e5 M\u00f8re og Romsdal.<\/p>\n<p>Han er den einaste som til n\u00e5 ikkje har stilt sp\u00f8rsm\u00e5l.<\/p>\n<p><strong>\u2013 Dei f\u00f8rste m\u00e5nadene har eg jobba med \u00e5 komme meg inn i rolla p\u00e5 Stortinget, seier han.<\/strong><\/p>\n<p>Sj\u00f8lv har den mange\u00e5rige Giske-ordf\u00f8raren vore opptatt av \u00e5 sette seg godt inn i sakene, framfor \u00e5 stille mange sp\u00f8rsm\u00e5l.<\/p>\n<p>Broderstad er likevel ikkje i tvil om at sp\u00f8rsm\u00e5l bidrar til langt meir enn berre auka synlegheit og merksemd blant veljarane.<\/p>\n<p><strong>\u2013 Det handlar for representantane ogs\u00e5 om \u00e5 dokumentere at dei bidrar til \u00e5 pr\u00f8ve \u00e5 styre dagsordenen, eller i alle fall bidrar til diskusjonen som g\u00e5r f\u00f8re seg p\u00e5 Stortinget, seier han.<\/strong><\/p>\n<p><img decoding=\"async\"   src=\"data:image\/gif;base64,R0lGODlhAQABAIAAAAAAAP\/\/\/yH5BAEAAAAALAAAAAABAAEAAAIBRAA7\" loading=\"eager\" alt=\"Harry Valderhaug er vald inn til n\u00e6ringskomiteen\" title=\"Foto: Tore Ellingseter \/ NRK\"\/><\/p>\n<p class=\"\">Harry Valderhaug (KrF) forsikrar veljarane om at det vil komme sp\u00f8rsm\u00e5l ogs\u00e5 fr\u00e5 han. <\/p>\n<p>Foto: Tore Ellingseter \/ NRK<\/p>\n<p>Store forskjellar<\/p>\n<p>Blant partileiarane er Trygve Slagsvold Vedum (Sp) p\u00e5 topp med elleve sp\u00f8rsm\u00e5l. Tett f\u00f8lgt av Guri Melby (V) og Arild Hermstad (MDG) med ti sp\u00f8rsm\u00e5l kvar.<\/p>\n<p>Nedst ligg avtroppande partileiar Erna Solberg (H) med tre sp\u00f8rsm\u00e5l. Alle kom i den munnlege sp\u00f8rjetimen 12. november.<\/p>\n<p>\u2013 Dei siste par \u00e5ra har det vore eit veldig viktig prosjekt for Erna \u00e5 legge grunnlaget for eit generasjonsskifte i H\u00f8gre, blant anna gjennom \u00e5 gi plass og rom til andre talspersonar, skriv kommunikasjonssjef i H\u00f8gre, Cato Husab\u00f8 Fossen, i ein e-post til NRK.<\/p>\n<p>Fossen p\u00e5peikar at Solberg er med p\u00e5 ei rekke andre arenaer i Stortinget.<\/p>\n<p>KrF-leiar Dag-Inge Ulstein sit ikkje p\u00e5 Stortinget i denne perioden.<\/p>\n<p>Geografiske forskjellar<\/p>\n<p>Det er ikkje berre blant representantane og partia aktiviteten varierer. Dei geografiske forskjellane er markante.<\/p>\n<p><strong>\u00d8vst ligg Troms og \u00d8stfold, tett f\u00f8lgt av Oppland og Telemark.<\/strong><\/p>\n<p>\u2013 Sp\u00f8rsm\u00e5la er eit viktig arbeidsverkt\u00f8y for \u00e5 f\u00e5 sett saker p\u00e5 den politiske dagsordenen, seier Finn Krokeide i Frp fr\u00e5 Gj\u00f8vik.<\/p>\n<p><strong>\u2013 Eg bruker mine sp\u00f8rsm\u00e5l aktivt for \u00e5 l\u00f8fte saker som er viktige for Oppland og Innlandet.<\/strong>\n<\/p>\n<p><img decoding=\"async\"   src=\"data:image\/gif;base64,R0lGODlhAQABAIAAAAAAAP\/\/\/yH5BAEAAAAALAAAAAABAAEAAAIBRAA7\" loading=\"eager\" alt=\"Bilde av Finn Krokeide (til venstre) og Lars Rem etter nominasjonsm\u00f8te i FrP i Oppland valgskrets. \" title=\"Foto: Fremskrittspartiet\"\/><\/p>\n<p class=\"\">Finn Krokeide (til venstre) meiner det er eit sunt teikn at det blir godt stilt med sp\u00f8rsm\u00e5l fr\u00e5 Opplands representantar. Her saman med Lars Rem etter nominasjonsm\u00f8tet i partiet i 2024.<\/p>\n<p>Foto: Fremskrittspartiet<\/p>\n<p>Publisert<\/p>\n<p>09.01.2026, kl. 14.39<\/p>\n<p>Oppdatert<\/p>\n<p>09.01.2026, kl. 14.59<\/p>\n","protected":false},"excerpt":{"rendered":"Saka oppsummert Framstegspartiet st\u00e5r for 46,4 % av alle sp\u00f8rsm\u00e5l stilte til regjeringa denne perioden, med \u00e5tte av&hellip;\n","protected":false},"author":2,"featured_media":133076,"comment_status":"","ping_status":"","sticky":false,"template":"","format":"standard","meta":{"footnotes":""},"categories":[5],"tags":[20,21,24,25,15,19,22,23,17,18,13,30,28,29,14,16,26,27],"class_list":{"0":"post-133075","1":"post","2":"type-post","3":"status-publish","4":"format-standard","5":"has-post-thumbnail","7":"category-overskrifter","8":"tag-breaking-news","9":"tag-breakingnews","10":"tag-featured-news","11":"tag-featurednews","12":"tag-headlines","13":"tag-hovedoppslag","14":"tag-latest-news","15":"tag-latestnews","16":"tag-main-news","17":"tag-mainnews","18":"tag-news","19":"tag-no","20":"tag-norge","21":"tag-norway","22":"tag-nyheter","23":"tag-overskrifter","24":"tag-top-stories","25":"tag-topstories"},"share_on_mastodon":{"url":"https:\/\/pubeurope.com\/@no\/115865585266184290","error":""},"_links":{"self":[{"href":"https:\/\/www.europesays.com\/no\/wp-json\/wp\/v2\/posts\/133075","targetHints":{"allow":["GET"]}}],"collection":[{"href":"https:\/\/www.europesays.com\/no\/wp-json\/wp\/v2\/posts"}],"about":[{"href":"https:\/\/www.europesays.com\/no\/wp-json\/wp\/v2\/types\/post"}],"author":[{"embeddable":true,"href":"https:\/\/www.europesays.com\/no\/wp-json\/wp\/v2\/users\/2"}],"replies":[{"embeddable":true,"href":"https:\/\/www.europesays.com\/no\/wp-json\/wp\/v2\/comments?post=133075"}],"version-history":[{"count":0,"href":"https:\/\/www.europesays.com\/no\/wp-json\/wp\/v2\/posts\/133075\/revisions"}],"wp:featuredmedia":[{"embeddable":true,"href":"https:\/\/www.europesays.com\/no\/wp-json\/wp\/v2\/media\/133076"}],"wp:attachment":[{"href":"https:\/\/www.europesays.com\/no\/wp-json\/wp\/v2\/media?parent=133075"}],"wp:term":[{"taxonomy":"category","embeddable":true,"href":"https:\/\/www.europesays.com\/no\/wp-json\/wp\/v2\/categories?post=133075"},{"taxonomy":"post_tag","embeddable":true,"href":"https:\/\/www.europesays.com\/no\/wp-json\/wp\/v2\/tags?post=133075"}],"curies":[{"name":"wp","href":"https:\/\/api.w.org\/{rel}","templated":true}]}}