{"id":133077,"date":"2026-01-09T14:21:09","date_gmt":"2026-01-09T14:21:09","guid":{"rendered":"https:\/\/www.europesays.com\/no\/133077\/"},"modified":"2026-01-09T14:21:09","modified_gmt":"2026-01-09T14:21:09","slug":"marcus-pedersen-hamar-ny-jobb-for-marcus-pedersen-folk-fikk-vel-nyss-i-at-jeg-kanskje-skulle-gjore-noe-annet","status":"publish","type":"post","link":"https:\/\/www.europesays.com\/no\/133077\/","title":{"rendered":"Marcus pedersen, Hamar | Ny jobb for Marcus Pedersen: \u2013 Folk fikk vel nyss i at jeg kanskje skulle gj\u00f8re noe annet"},"content":{"rendered":"\n<p><b><a href=\"https:\/\/www.h-a.no\/ny-jobb-for-marcus-pedersen-folk-fikk-vel-nyss-i-at-jeg-kanskje-skulle-gjore-noe-annet\/s\/5-139-1911717\" rel=\"Follow nofollow noopener\" target=\"_blank\">HAMAR (Hamar Arbeiderblad):<\/a> <\/b>Marcus Pedersen kan se tilbake p\u00e5 en lang fotballkarriere p\u00e5 toppniv\u00e5 b\u00e5de i Norge og utenlands.<\/p>\n<p>Etter at han la opp som toppspiller har han holdt g\u00e5ende med fotballen i L\u00f8ten i 4. divisjon de siste \u00e5rene.<\/p>\n<p>Han jobber til daglig <a rel=\"Follow nofollow noopener\" href=\"https:\/\/www.h-a.no\/na-jobber-marcus-sammen-med-fatter-n-vi-utfyller-hverandre\/f\/5-139-1811922\" target=\"_blank\">med sin far for utstyrsleverand\u00f8ren Macron<\/a>.<\/p>\n<p><b>N\u00e5 debuterer han i en ny rolle. <\/b><\/p>\n<p>35-\u00e5ringen er nemlig klar som ny hovedtrener for Farts herrelag. Det bekrefter han selv overfor HA onsdag kveld.<\/p>\n<p>\u2013 Jeg ser veldig frem til muligheten jeg har f\u00e5tt i Fart. Jeg gleder meg til \u00e5 komme i gang med ny klubb og nye mennesker, sier Pedersen.<\/p>\n<p><b>Les ogs\u00e5: <a href=\"https:\/\/www.nettavisen.no\/sport\/avlyser-renn-i-det-finske-ski-mesterskapet-katastrofe\/s\/5-95-2816567\" rel=\"Follow nofollow noopener\" target=\"_blank\">Finland avlyser: \u2013 Katastrofe!<\/a><\/b><\/p>\n<p>Han sier muligheten dukket opp for en kort tid tilbake.<\/p>\n<p>\u2013 Folk fikk vel nyss i om jeg kanskje skulle gj\u00f8re noe annet enn der jeg hadde v\u00e6rt. Jeg er der f\u00f8rst og fremst som trener, s\u00e5 vet jeg jo at det kommer til \u00e5 kl\u00f8 i beina.<\/p>\n<p>   <img decoding=\"async\" width=\"5568\" height=\"3712\" fetchpriority=\"low\"  loading=\"lazy\"  src=\"https:\/\/www.europesays.com\/no\/wp-content\/uploads\/2026\/01\/Pedersen.jpg\" alt=\"FOTBALL: Marcus Pedersen takker Briskebybanden under sesongavslutningen mot Lillestr\u00f8m s\u00f8ndag.\" class=\"brick-c-cFOWSL\" style=\"--brick-image-ratio: 5568 \/ 3712;\"\/><\/p>\n<p>      TRENER: Marcus Pedersen ser fram til \u00e5 bidra b\u00e5de som spiller og trener.<br \/>\n      Foto: Fredrik Olastuen\n    <\/p>\n<p>  Trenerdr\u00f8m<\/p>\n<p>Han har lenge hatt ambisjoner om \u00e5 pr\u00f8ve seg i en trenerrolle.<\/p>\n<p>\u2013 Jeg synes jo det er veldig spennende \u00e5 jobbe med mennesker og utvikle b\u00e5de spilleren og mennesket, s\u00e5 absolutt noe jeg da hele tiden har sett for meg at jeg kan bli i fremtiden.<\/p>\n<p>Etter flere \u00e5r uten herrefotball kom Fart i gang igjen med et herrelag i 2023 med spill i 6. divisjon. Laget avsluttet fjor\u00e5rets sesong med 8. plass i 5. divisjon, med seks seire, tre uavgjort og 11 tap.<\/p>\n<p><b>Les ogs\u00e5: <a href=\"https:\/\/www.nettavisen.no\/sport\/guardiola-med-nedslaende-oppdatering-pa-bobb-han-har-ikke-trent-med-oss\/s\/5-95-2817315\" rel=\"Follow nofollow noopener\" target=\"_blank\">Guardiola med nedsl\u00e5ende oppdatering p\u00e5 Bobb: \u2013 Han har ikke trent med oss<\/a><\/b><\/p>\n<p>Den ferske hovedtreneren ser fram til \u00e5 l\u00e6re seg \u00e5 kjenne den unge spillerstallen, og utvikle laget.<\/p>\n<p>\u2013 Fart er en klubb alle kjenner til og som jeg f\u00f8ler alle har et godt forhold til. Det er mye ungt, veldig fine fasiliteter og en gjeng med gode folk i og rundt klubben, det jeg har f\u00e5tt inntrykk av, sier Pedersen.<\/p>\n<p>\u2013 Hvorfor blir du ikke med videre i L\u00f8ten?<\/p>\n<p>\u2013 Jeg har kanskje v\u00e6rt der i mange nok \u00e5r og hatt det fint der. Jeg har egentlig ikke et veldig godt svar p\u00e5 det. Men jeg har hatt det fint i L\u00f8ten og \u00f8nsker de lykke til videre. Heia Fart! sier han.<\/p>\n<p>   <img decoding=\"async\" width=\"5464\" height=\"3070\" fetchpriority=\"low\"  loading=\"lazy\"  src=\"https:\/\/www.europesays.com\/no\/wp-content\/uploads\/2026\/01\/fart__2_.jpg\" alt=\"Fart-bana sett fra lufta&#10;dronebilde&#10;Fartbana&#10;\u00d8vre vang &#10;&#10;Original bildetekst:&#10;Fart-bana sett fra lufta&#10;dronebilde&#10;Fartbana&#10;\u00d8vre vang\" class=\"brick-c-cFOWSL\" style=\"--brick-image-ratio: 5464 \/ 3070;\"\/><\/p>\n<p>      NY HJEMMEBANE: Fartbana blir Pedersens nye arbeidsplass.<br \/>\n      Foto: Jens Petter Larsen\n    <\/p>\n<p>  Glad for \u00e5 kunne gi muligheten<\/p>\n<p>\u2013 Det er bare morsomt \u00e5 legge til rette for Marcus. Vi ser frem til en god sesong, sier sportsansvarlig Jan Ronnie Aspeli i Fart.<\/p>\n<p>Han sier bekjentskaper og tilfeldigheter f\u00f8rte til at den tidligere toppfotballspilleren n\u00e5 debuterer som hovedtrener for \u00d8vre Vang-laget.<\/p>\n<p>Pedersen har signert en ett\u00e5rskontrakt. Han er tiltenkt en rolle hvor han kan v\u00e6re spillende trener, ut ifra eget \u00f8nske.<\/p>\n<p>\u2013 Dette m\u00e5 vel kalles en stjernesignering?<\/p>\n<p>\u2013 Som spiller b\u00f8r det v\u00e6re det. Han har nok fotball i beina til \u00e5 putte m\u00e5l i femte divisjon ogs\u00e5. Det er en bonus.<\/p>\n<p><b>Les ogs\u00e5: <a rel=\"Follow nofollow noopener\" href=\"https:\/\/www.nettavisen.no\/sport\/stjernene-strommer-til-age-hareides-begravelse\/s\/5-95-2813902\" target=\"_blank\">Verdensstjernen i sorg: \u2013 \u00c5ge betydde mye<\/a><\/b><\/p>\n<p>Aspeli sier det er g\u00f8y \u00e5 kunne tilrettelegge for at Pedersen kan utvikle seg i en trenerrolle.<\/p>\n<p>\u2013 Det er en ny veg for ham. Han elsker fotballen, det er denne vegen han vil g\u00e5, og da \u00f8nsker vi \u00e5 tilby ham den muligheten. Mange vet hvordan han har v\u00e6rt som spiller, s\u00e5 blir det spennende \u00e5 se hvordan han er som trener.<\/p>\n<p>\u2013 Hvilke ambisjoner har klubben med Pedersen i trenerjobben?<\/p>\n<p>\u2013 Ambisjonene er de samme som tidligere; \u00e5 v\u00e6re en breddeklubb hvor vi kan ha spillere som \u00f8nsker utvikle seg. I fjor hadde vi en veldig ung tropp, og det tror jeg vi vil sitte med i \u00e5r og. Vi i sportsutvalget har sagt at \u00e5 ha et etablert seniorlag er det viktigste; om det er i fjerde, femte, eller sjette divisjon er opp til spillergruppa.<\/p>\n","protected":false},"excerpt":{"rendered":"HAMAR (Hamar Arbeiderblad): Marcus Pedersen kan se tilbake p\u00e5 en lang fotballkarriere p\u00e5 toppniv\u00e5 b\u00e5de i Norge og&hellip;\n","protected":false},"author":2,"featured_media":133078,"comment_status":"","ping_status":"","sticky":false,"template":"","format":"standard","meta":{"footnotes":""},"categories":[59],"tags":[30,28,29,83,82],"class_list":{"0":"post-133077","1":"post","2":"type-post","3":"status-publish","4":"format-standard","5":"has-post-thumbnail","7":"category-sport","8":"tag-no","9":"tag-norge","10":"tag-norway","11":"tag-sport","12":"tag-sports"},"share_on_mastodon":{"url":"https:\/\/pubeurope.com\/@no\/115865589179535845","error":""},"_links":{"self":[{"href":"https:\/\/www.europesays.com\/no\/wp-json\/wp\/v2\/posts\/133077","targetHints":{"allow":["GET"]}}],"collection":[{"href":"https:\/\/www.europesays.com\/no\/wp-json\/wp\/v2\/posts"}],"about":[{"href":"https:\/\/www.europesays.com\/no\/wp-json\/wp\/v2\/types\/post"}],"author":[{"embeddable":true,"href":"https:\/\/www.europesays.com\/no\/wp-json\/wp\/v2\/users\/2"}],"replies":[{"embeddable":true,"href":"https:\/\/www.europesays.com\/no\/wp-json\/wp\/v2\/comments?post=133077"}],"version-history":[{"count":0,"href":"https:\/\/www.europesays.com\/no\/wp-json\/wp\/v2\/posts\/133077\/revisions"}],"wp:featuredmedia":[{"embeddable":true,"href":"https:\/\/www.europesays.com\/no\/wp-json\/wp\/v2\/media\/133078"}],"wp:attachment":[{"href":"https:\/\/www.europesays.com\/no\/wp-json\/wp\/v2\/media?parent=133077"}],"wp:term":[{"taxonomy":"category","embeddable":true,"href":"https:\/\/www.europesays.com\/no\/wp-json\/wp\/v2\/categories?post=133077"},{"taxonomy":"post_tag","embeddable":true,"href":"https:\/\/www.europesays.com\/no\/wp-json\/wp\/v2\/tags?post=133077"}],"curies":[{"name":"wp","href":"https:\/\/api.w.org\/{rel}","templated":true}]}}