{"id":133084,"date":"2026-01-09T14:26:07","date_gmt":"2026-01-09T14:26:07","guid":{"rendered":"https:\/\/www.europesays.com\/no\/133084\/"},"modified":"2026-01-09T14:26:07","modified_gmt":"2026-01-09T14:26:07","slug":"norgespris-elvia-norgespris-effekten-kuttet-stromforbruket-mindre-i-desember","status":"publish","type":"post","link":"https:\/\/www.europesays.com\/no\/133084\/","title":{"rendered":"Norgespris, Elvia | Norgespris-effekten: Kuttet str\u00f8mforbruket mindre i desember"},"content":{"rendered":"\n<p>For tredje m\u00e5ned p\u00e5 rad kan Norges st\u00f8rste nettselskap Elvia fortelle det samme: Str\u00f8mkunder som har valgt Norgespris ser ut til \u00e5 v\u00e6re litt mindre opptatt av \u00e5 kutte str\u00f8mforbruket sitt.<\/p>\n<p>Les ogs\u00e5: <a class=\"simple-relation related-teaser article--c-eRUmMG article--c-eRUmMG-fZoQSp-design-nettavisen article--c-eRUmMG-gwthdJ-cv\" href=\"https:\/\/www.nettavisen.no\/ba-folk-vakne-98-4-prosent-har-ignorert-radet\/s\/5-95-2809589\" rel=\"nofollow noopener\" target=\"_blank\">Ba folk v\u00e5kne: 98,4 prosent har ignorert r\u00e5det<\/a><\/p>\n<p>B\u00e5de kunder med og uten Norgespris kuttet str\u00f8mforbruket sitt i desember, sammenlignet med \u00e5ret f\u00f8r, men nedgangen var litt st\u00f8rre for dem uten Norgespris.<\/p>\n<ul>\n<li>Kunder med Norgespris: &#8211; 3,05 prosent<\/li>\n<li>Kunder uten Norgespris: &#8211; 5,7 prosent<\/li>\n<\/ul>\n<p>Det var mildere i desember p\u00e5 \u00d8stlandet, som er der Elvia holder til. Det bidro til lavere str\u00f8mforbruk.<\/p>\n<p>\u2013 V\u00e5re ferske tall viser at folk flest fortsatt bruker str\u00f8m med m\u00e5te, b\u00e5de de med og og de uten Norgespris. Det mest interessante n\u00e5 er at stadig flere velger ordningen, noe som kan henge sammen med at det blir kaldere og at prisene i \u00f8yeblikket er forholdsvis h\u00f8ye, sier Vibeke Ranum, direkt\u00f8r for Kundedivisjonen i Elvia.<\/p>\n<p>\u2013 Vi ser fortsatt ingen tegn til sl\u00f8sing med str\u00f8m selv om prisen er mer stabil for dem med Norgespris. Den billigste str\u00f8mmen er fortsatt den du ikke bruker, sier Ranum.<\/p>\n<p>Hun p\u00e5peker samtidig at andelen kunder som har valgt Norgespris har vokst ganske mye: N\u00e6r 80.000 nye Elvia-kunder har valgt Norgespris siden oktober.<\/p>\n<p>Bidro lite til forbruksrekord<\/p>\n<p>Norges st\u00f8rste nettselskap sier samtidig at de ikke ser noe tegn til at Norgespris-kundene har bidratt til at det denne uken ble satt ny rekord i str\u00f8mforbruket i Norge.<\/p>\n<p>Les ogs\u00e5: <a class=\"simple-relation related-teaser article--c-eRUmMG article--c-eRUmMG-fZoQSp-design-nettavisen article--c-eRUmMG-gwthdJ-cv\" href=\"https:\/\/www.nettavisen.no\/historisk-stromrekord-na-skyter-ogsa-prisen-til-himmels\/s\/5-95-2812413\" rel=\"nofollow noopener\" target=\"_blank\">Historisk str\u00f8mrekord: N\u00e5 skyter ogs\u00e5 prisen til himmels<\/a><\/p>\n<p>\u2013 Elvia har n\u00e5 sett p\u00e5 forbruket for flere omr\u00e5der i Elvias nett, i den samme timen som Statnett registrerte rekord. Forbruket er langt under tidligere registrerte maksforbruk i disse omr\u00e5dene. Basert p\u00e5 dette, er det liten grunn til \u00e5 anta at Norgespris har vesentlig p\u00e5virkning p\u00e5 forbruksrekorden som Statnett registrerer.<\/p>\n<p>Ulike kunder har valgt Norgespris<\/p>\n<p>Samtidig er det en sl\u00e5ende forskjell i statistikken Elvia viser til: Det er en enorm forskjell i gjennomsnittlig str\u00f8mforbruk mellom de to gruppene.<\/p>\n<ul>\n<li>Snittforbruk i desember med Norgespris: 1830 kWh<\/li>\n<li>Snittforbruk i desember uten Norgespris: 1102 kWh<\/li>\n<\/ul>\n<p>If\u00f8lge Elvia har de ikke statistikk om boligtype, men tallen gir god grunn til \u00e5 spekulere i at kunder med enebolig og rekkehus har valgt Norgespris, mens de som bor i leilighet i mye st\u00f8rre grad har valgt \u00e5 holde seg passive.<\/p>\n","protected":false},"excerpt":{"rendered":"For tredje m\u00e5ned p\u00e5 rad kan Norges st\u00f8rste nettselskap Elvia fortelle det samme: Str\u00f8mkunder som har valgt Norgespris&hellip;\n","protected":false},"author":2,"featured_media":133085,"comment_status":"","ping_status":"","sticky":false,"template":"","format":"standard","meta":{"footnotes":""},"categories":[10],"tags":[20,21,24,25,15,22,23,13,30,28,29,14,16,26,27],"class_list":{"0":"post-133084","1":"post","2":"type-post","3":"status-publish","4":"format-standard","5":"has-post-thumbnail","7":"category-norge","8":"tag-breaking-news","9":"tag-breakingnews","10":"tag-featured-news","11":"tag-featurednews","12":"tag-headlines","13":"tag-latest-news","14":"tag-latestnews","15":"tag-news","16":"tag-no","17":"tag-norge","18":"tag-norway","19":"tag-nyheter","20":"tag-overskrifter","21":"tag-top-stories","22":"tag-topstories"},"share_on_mastodon":{"url":"https:\/\/pubeurope.com\/@no\/115865608868462710","error":""},"_links":{"self":[{"href":"https:\/\/www.europesays.com\/no\/wp-json\/wp\/v2\/posts\/133084","targetHints":{"allow":["GET"]}}],"collection":[{"href":"https:\/\/www.europesays.com\/no\/wp-json\/wp\/v2\/posts"}],"about":[{"href":"https:\/\/www.europesays.com\/no\/wp-json\/wp\/v2\/types\/post"}],"author":[{"embeddable":true,"href":"https:\/\/www.europesays.com\/no\/wp-json\/wp\/v2\/users\/2"}],"replies":[{"embeddable":true,"href":"https:\/\/www.europesays.com\/no\/wp-json\/wp\/v2\/comments?post=133084"}],"version-history":[{"count":0,"href":"https:\/\/www.europesays.com\/no\/wp-json\/wp\/v2\/posts\/133084\/revisions"}],"wp:featuredmedia":[{"embeddable":true,"href":"https:\/\/www.europesays.com\/no\/wp-json\/wp\/v2\/media\/133085"}],"wp:attachment":[{"href":"https:\/\/www.europesays.com\/no\/wp-json\/wp\/v2\/media?parent=133084"}],"wp:term":[{"taxonomy":"category","embeddable":true,"href":"https:\/\/www.europesays.com\/no\/wp-json\/wp\/v2\/categories?post=133084"},{"taxonomy":"post_tag","embeddable":true,"href":"https:\/\/www.europesays.com\/no\/wp-json\/wp\/v2\/tags?post=133084"}],"curies":[{"name":"wp","href":"https:\/\/api.w.org\/{rel}","templated":true}]}}