{"id":13309,"date":"2025-08-20T15:17:12","date_gmt":"2025-08-20T15:17:12","guid":{"rendered":"https:\/\/www.europesays.com\/no\/13309\/"},"modified":"2025-08-20T15:17:12","modified_gmt":"2025-08-20T15:17:12","slug":"reiseliv-samferdsel-slik-snek-han-seg-om-bord-pa-flyet-det-er-oppsiktsvekkende","status":"publish","type":"post","link":"https:\/\/www.europesays.com\/no\/13309\/","title":{"rendered":"Reiseliv, Samferdsel | Slik snek han seg om bord p\u00e5 flyet: \u2013 Det er oppsiktsvekkende"},"content":{"rendered":"\n<p>(<a href=\"https:\/\/www.nordlys.no\/\" rel=\"Follow nofollow noopener\" target=\"_blank\">Nordlys<\/a>\ud83d\ude42 Uten verken billett eller ID-papirer klarte en 22 \u00e5r gammel mann \u00e5 komme seg med p\u00e5 et fly fra Troms\u00f8 til Oslo mandag ettermiddag. <\/p>\n<p>Tirsdag morgen har Avinor gjennomg\u00e5tt overv\u00e5kningsvideoene fra flyplassen. Her ser man hvordan 22-\u00e5ringen beveger seg p\u00e5 flyplassen. <\/p>\n<p>Oppsiktsvekkende<\/p>\n<p>\u2013 Det er oppsiktsvekkende, sier lufthavnsjefen etter \u00e5 ha hvordan 22-\u00e5ringen klarer \u00e5 komme seg gjennom slusene og inn i sikkerhetskontrollen. <\/p>\n<p>Ogs\u00e5 i 2023 klarte en person \u00e5 gj\u00f8re det samme. Han hadde stukket av fra \u00c5sg\u00e5rd psykiatriske sykehus. For \u00e5 komme seg inn i sikkerhetskontrollen i andre etasje, stilte personen seg helt inntil personen foran seg.<\/p>\n<p>Tok f\u00f8lge med to turister<\/p>\n<p>P\u00e5 mandag kom den 22 \u00e5r gamle mannen seg inn i sikkerhetskontrollen ved \u00e5 g\u00e5 gjennom slusene i f\u00f8lge med to turister. <\/p>\n<p>\u2013 Han g\u00e5r sammen med \u00e9n av dem, uten at de reagerer p\u00e5 det. Det er litt spesielt. Normalt ville man nok reagere om noen pr\u00f8vde \u00e5 snike seg inn sammen med deg, sier lufthavnsjef Ivar Helsing Schr\u00f8en. <\/p>\n<p>22-\u00e5ringen klarte ogs\u00e5 \u00e5 komme seg om bord p\u00e5 flyet. Tirsdag morgen hadde ikke lufthavnledelsen sett dette p\u00e5 videooverv\u00e5kningen. <\/p>\n<p>\u2013 Det er store mengder materiale vi gjennomg\u00e5r, sier Schr\u00f8en. <\/p>\n<p>\u2013 Ser sv\u00e6rt alvorlig p\u00e5 dette<\/p>\n<p>Det var f\u00f8rst om bord i flyet at kabinbesetningen reagerte p\u00e5 mannens oppf\u00f8rsel. Det f\u00f8rte til at politiet ble varslet, som p\u00e5grep mannen da flyet ankom Gardermoen, mandag klokka 19.17. <\/p>\n<p>\u2013 Dette skjer sv\u00e6rt sjeldent. P\u00e5 en flyplass er det flere kontrollpunkter som skal forhindre slike hendelser, som ved sikkerhetskontrollen og ved gate f\u00f8r ombordstigning. Vi ser sv\u00e6rt alvorlig p\u00e5 dette og sammen med flyplassen skal vi gjennomg\u00e5 rutinene, skriver Silje Glorvigen, pressevakt i Norwegian i en e\u2013post til Nordlys. <\/p>\n<p>Hun skriver ogs\u00e5 at forholdet blir anmeldt. <\/p>\n<p>Mannen er opprinnelig fra Afghanistan, men har lovlig opphold i Norge. Han er for tiden bosatt i Troms. <\/p>\n<p>\u2013 De fleste av oss ville nok ikke akseptert at noen g\u00e5r inn sammen med deg inn p\u00e5 et omr\u00e5de der man m\u00e5 verifisere at man har billett, s\u00e5 det vil jeg si er oppsiktsvekkende, men det viser at det er fullt mulig. <\/p>\n<p>Avinor presiserer at mannen ble sikkerhetskontrollert p\u00e5 samme m\u00e5te som de \u00f8vrige passasjerene. <\/p>\n<p>\u2013 Ut fra videoen ser dette ut som en normal fyr. Han oppf\u00f8rer seg helt som en vanlig passasjer og det er ingenting unormalt. Han ser reiseklar ut, med sekk p\u00e5 ryggen og kaffekoppen i h\u00e5nda. Det er ingen p\u00e5fallende oppf\u00f8rsel.<\/p>\n","protected":false},"excerpt":{"rendered":"(Nordlys\ud83d\ude42 Uten verken billett eller ID-papirer klarte en 22 \u00e5r gammel mann \u00e5 komme seg med p\u00e5 et&hellip;\n","protected":false},"author":2,"featured_media":13310,"comment_status":"","ping_status":"","sticky":false,"template":"","format":"standard","meta":{"footnotes":""},"categories":[10],"tags":[36,20,21,24,25,2582,15,22,23,13,30,28,29,14,16,218,1209,223,1510,26,27],"class_list":{"0":"post-13309","1":"post","2":"type-post","3":"status-publish","4":"format-standard","5":"has-post-thumbnail","7":"category-norge","8":"tag-art","9":"tag-breaking-news","10":"tag-breakingnews","11":"tag-featured-news","12":"tag-featurednews","13":"tag-flyplass","14":"tag-headlines","15":"tag-latest-news","16":"tag-latestnews","17":"tag-news","18":"tag-no","19":"tag-norge","20":"tag-norway","21":"tag-nyheter","22":"tag-overskrifter","23":"tag-pluss","24":"tag-reiseliv","25":"tag-samferdsel","26":"tag-story","27":"tag-top-stories","28":"tag-topstories"},"share_on_mastodon":{"url":"","error":""},"_links":{"self":[{"href":"https:\/\/www.europesays.com\/no\/wp-json\/wp\/v2\/posts\/13309","targetHints":{"allow":["GET"]}}],"collection":[{"href":"https:\/\/www.europesays.com\/no\/wp-json\/wp\/v2\/posts"}],"about":[{"href":"https:\/\/www.europesays.com\/no\/wp-json\/wp\/v2\/types\/post"}],"author":[{"embeddable":true,"href":"https:\/\/www.europesays.com\/no\/wp-json\/wp\/v2\/users\/2"}],"replies":[{"embeddable":true,"href":"https:\/\/www.europesays.com\/no\/wp-json\/wp\/v2\/comments?post=13309"}],"version-history":[{"count":0,"href":"https:\/\/www.europesays.com\/no\/wp-json\/wp\/v2\/posts\/13309\/revisions"}],"wp:featuredmedia":[{"embeddable":true,"href":"https:\/\/www.europesays.com\/no\/wp-json\/wp\/v2\/media\/13310"}],"wp:attachment":[{"href":"https:\/\/www.europesays.com\/no\/wp-json\/wp\/v2\/media?parent=13309"}],"wp:term":[{"taxonomy":"category","embeddable":true,"href":"https:\/\/www.europesays.com\/no\/wp-json\/wp\/v2\/categories?post=13309"},{"taxonomy":"post_tag","embeddable":true,"href":"https:\/\/www.europesays.com\/no\/wp-json\/wp\/v2\/tags?post=13309"}],"curies":[{"name":"wp","href":"https:\/\/api.w.org\/{rel}","templated":true}]}}