{"id":133090,"date":"2026-01-09T14:29:26","date_gmt":"2026-01-09T14:29:26","guid":{"rendered":"https:\/\/www.europesays.com\/no\/133090\/"},"modified":"2026-01-09T14:29:26","modified_gmt":"2026-01-09T14:29:26","slug":"siste-sesong-med-the-witcher-kommer-i-ar","status":"publish","type":"post","link":"https:\/\/www.europesays.com\/no\/133090\/","title":{"rendered":"Siste sesong med The Witcher kommer i \u00e5r"},"content":{"rendered":"<p>Den femte og siste sesongen med TV-serien The Witcher kommer i 2026. Det bekreftet Netflix denne uka.<\/p>\n<p>I sin <a role=\"link\" href=\"https:\/\/www.netflix.com\/tudum\/articles\/new-shows-on-netflix-2026#ComingSoon\" rel=\"nofollow noopener\" target=\"_blank\">oppsummering av \u00e5ret som kommer<\/a>, trakk str\u00f8mmetjenesten frem The Witcher under banneret \u00abkommer snart\u00bb. Alts\u00e5 har vi ingen n\u00f8yaktig premieredato, men en gang f\u00f8r nytt\u00e5r tar eventyret slutt.<\/p>\n<p>\u2013 Det n\u00e6rmer seg slutten. M\u00f8rke krefter sl\u00e5r seg sammen p\u00e5 tvers av kontinentet, med onde planer for Ciri. Selv om Geralt og Yennefer kan redde deres datter og oppfylle deres siste \u00f8nske om \u00e5 gjenforenes som en familie, vil de st\u00e5 overfor hindre og fiender som de aldri har sett maken til f\u00f8r, lyder den offisielle beskrivelsen av sesong fem.<\/p>\n<p>        <a href=\"https:\/\/i.bo3.no\/image\/389458\/G5FnZ4fXYAANedX.jpg?c=0&amp;h=838&amp;w=1676\" rel=\"nofollow noopener\" target=\"_blank\"><\/p>\n<p>        <img decoding=\"async\" onload=\"this.style = null\" src=\"https:\/\/www.europesays.com\/no\/wp-content\/uploads\/2026\/01\/G5FnZ4fXYAANedX.jpg\" style=\"background-image: url('data:image\/jpeg;base64,\/9j\/4QC8RXhpZgAASUkqAAgAAAAGABIBAwABAAAAAQAAABoBBQABAAAAVgAAABsBBQABAAAAXgAAACgBAwABAAAAAgAAABMCAwABAAAAAQAAAGmHBAABAAAAZgAAAAAAAABIAAAAAQAAAEgAAAABAAAABgAAkAcABAAAADAyMTABkQcABAAAAAECAwAAoAcABAAAADAxMDABoAMAAQAAAP\/\/AAACoAQAAQAAACgAAAADoAQAAQAAABQAAAAAAAAA\/9sAQwAIBgYHBgUIBwcHCQkICgwUDQwLCwwZEhMPFB0aHx4dGhwcICQuJyAiLCMcHCg3KSwwMTQ0NB8nOT04MjwuMzQy\/9sAQwEJCQkMCwwYDQ0YMiEcITIyMjIyMjIyMjIyMjIyMjIyMjIyMjIyMjIyMjIyMjIyMjIyMjIyMjIyMjIyMjIyMjIy\/8AAEQgAFAAoAwEiAAIRAQMRAf\/EAB8AAAEFAQEBAQEBAAAAAAAAAAABAgMEBQYHCAkKC\/\/EALUQAAIBAwMCBAMFBQQEAAABfQECAwAEEQUSITFBBhNRYQcicRQygZGhCCNCscEVUtHwJDNicoIJChYXGBkaJSYnKCkqNDU2Nzg5OkNERUZHSElKU1RVVldYWVpjZGVmZ2hpanN0dXZ3eHl6g4SFhoeIiYqSk5SVlpeYmZqio6Slpqeoqaqys7S1tre4ubrCw8TFxsfIycrS09TV1tfY2drh4uPk5ebn6Onq8fLz9PX29\/j5+v\/EAB8BAAMBAQEBAQEBAQEAAAAAAAABAgMEBQYHCAkKC\/\/EALURAAIBAgQEAwQHBQQEAAECdwABAgMRBAUhMQYSQVEHYXETIjKBCBRCkaGxwQkjM1LwFWJy0QoWJDThJfEXGBkaJicoKSo1Njc4OTpDREVGR0hJSlNUVVZXWFlaY2RlZmdoaWpzdHV2d3h5eoKDhIWGh4iJipKTlJWWl5iZmqKjpKWmp6ipqrKztLW2t7i5usLDxMXGx8jJytLT1NXW19jZ2uLj5OXm5+jp6vLz9PX29\/j5+v\/aAAwDAQACEQMRAD8A09K0+4gtV8yUHA9amvtQbSofPYZArmrTWZzbqCTV0XMWq2j2lxJtLdCa+UjRbqe8e1Gr0R1+mSQ3+mrdoR83UVFPDHMjA\/drj7HUptFzYI25c8GjUPGItIWAGWA5xTnhpOf7taB7ay94s6rcpBG0IQutFchp3iGbUrqVZ22KeRmim8LOk+Voz5ufVF60P+jqatPwARwRRRWk\/iMlsVYJGa7bcc4Heo2t4pJWDoDk80UVpFtXF0KNxaw25Zo0ANFFFdcHdakbH\/\/Z');background-size:cover;background-position:50% 50%;\" class=\"image-container__image \" width=\"1000\" height=\"500\" loading=\"lazy\" fetchpriority=\"auto\" \/><\/p>\n<p>        <\/a><\/p>\n<p>                                    Det sp\u00f8rs om Yennefer og Geralt f\u00e5r den slutten de dr\u00f8mmer om.<\/p>\n<p>                        Netflix\n                    <\/p>\n<p>The Witcher fikk en brakstart p\u00e5 Netflix, med flere rekorder for str\u00f8mmetjenesten og fornyet popularitet for spillene. Innen sesong tre kom p\u00e5 skjermen, ble det imidlertid klart at hovedrolleinnehaver <strong>Henry Cavill<\/strong> skulle bort \u2013 med <strong>Liam Hemsworth<\/strong> i den utakknemlige rollen som erstatter fra sesong fire.<\/p>\n<p>Det gikk omtrent som fans fryktet, men <a role=\"link\" href=\"https:\/\/www.gamer.no\/artikler\/en-varslet-katastrofe\/519489\" rel=\"nofollow noopener\" target=\"_blank\">if\u00f8lge v\u00e5r egen <strong>Espen Jansen<\/strong><\/a> var Hemsworth langt ifra det som \u00f8dela mest. <\/p>\n<p>\u2013 Overgangen fra Henry Cavill til den litt kjedelige Liam Hemsworth er et tydelig symptom, men er samtidig ikke n\u00e6rheten av \u00e5 v\u00e6re det st\u00f8rste problemet serien har \u00e5 slite med. Det er i stedet sl\u00f8vt manus, lite minneverdige bifigurer og fullstendig usammenhengende tematikk. Ikke bare er det vanskelig \u00e5 f\u00f8lge, men jeg kjenner ogs\u00e5 at jeg bryr meg mindre og mindre.<\/p>\n<p><strong>LES OGS\u00c5: <a href=\"https:\/\/www.gamer.no\/artikler\/stranger-things-finaledrama-hentet-fra-baldurs-gate-3\/519801\" rel=\"nofollow noopener\" target=\"_blank\">Siste episode av Stranger Things hentet inspirasjon fra Baldur&#8217;s Gate 3 \u00bb<\/a><\/strong><\/p>\n","protected":false},"excerpt":{"rendered":"Den femte og siste sesongen med TV-serien The Witcher kommer i 2026. Det bekreftet Netflix denne uka. I&hellip;\n","protected":false},"author":2,"featured_media":133091,"comment_status":"","ping_status":"","sticky":false,"template":"","format":"standard","meta":{"footnotes":""},"categories":[58],"tags":[71,30,28,29,72],"class_list":{"0":"post-133090","1":"post","2":"type-post","3":"status-publish","4":"format-standard","5":"has-post-thumbnail","7":"category-underholdning","8":"tag-entertainment","9":"tag-no","10":"tag-norge","11":"tag-norway","12":"tag-underholdning"},"share_on_mastodon":{"url":"https:\/\/pubeurope.com\/@no\/115865620516205944","error":""},"_links":{"self":[{"href":"https:\/\/www.europesays.com\/no\/wp-json\/wp\/v2\/posts\/133090","targetHints":{"allow":["GET"]}}],"collection":[{"href":"https:\/\/www.europesays.com\/no\/wp-json\/wp\/v2\/posts"}],"about":[{"href":"https:\/\/www.europesays.com\/no\/wp-json\/wp\/v2\/types\/post"}],"author":[{"embeddable":true,"href":"https:\/\/www.europesays.com\/no\/wp-json\/wp\/v2\/users\/2"}],"replies":[{"embeddable":true,"href":"https:\/\/www.europesays.com\/no\/wp-json\/wp\/v2\/comments?post=133090"}],"version-history":[{"count":0,"href":"https:\/\/www.europesays.com\/no\/wp-json\/wp\/v2\/posts\/133090\/revisions"}],"wp:featuredmedia":[{"embeddable":true,"href":"https:\/\/www.europesays.com\/no\/wp-json\/wp\/v2\/media\/133091"}],"wp:attachment":[{"href":"https:\/\/www.europesays.com\/no\/wp-json\/wp\/v2\/media?parent=133090"}],"wp:term":[{"taxonomy":"category","embeddable":true,"href":"https:\/\/www.europesays.com\/no\/wp-json\/wp\/v2\/categories?post=133090"},{"taxonomy":"post_tag","embeddable":true,"href":"https:\/\/www.europesays.com\/no\/wp-json\/wp\/v2\/tags?post=133090"}],"curies":[{"name":"wp","href":"https:\/\/api.w.org\/{rel}","templated":true}]}}