{"id":133094,"date":"2026-01-09T14:33:18","date_gmt":"2026-01-09T14:33:18","guid":{"rendered":"https:\/\/www.europesays.com\/no\/133094\/"},"modified":"2026-01-09T14:33:18","modified_gmt":"2026-01-09T14:33:18","slug":"donald-trump-venezuela-stemmer-det-trump-sier-at-regimet-i-venezuela-involvert-i-narkotikatrafikk-og-terrorisme","status":"publish","type":"post","link":"https:\/\/www.europesays.com\/no\/133094\/","title":{"rendered":"Donald Trump, Venezuela | Stemmer det Trump sier, at regimet i Venezuela involvert i narkotikatrafikk og terrorisme?"},"content":{"rendered":"\n<p>3. januar gjennomf\u00f8rte USA et angrep p\u00e5 Venezuela og tok president Nicol\u00e1s Maduro til fange. Trump har sagt at <a href=\"https:\/\/edition.cnn.com\/world\/live-news\/venezuela-explosions-caracas-intl-hnk-01-03-26\" rel=\"nofollow noopener\" target=\"_blank\">USA har til hensikt<\/a> \u00e5 styre Venezuela p\u00e5 ubestemt tid og la amerikanske oljeselskaper ta kontroll over Venezuelas oljeressurser.<\/p>\n<p>Alt dette begrunnes av Trump med p\u00e5stander om at Venezuela som stat smugler narkotika til USA, at Nicol\u00e1s Maduro leder narkotikakartellet Cartel de los Soles og at Venezuela skal v\u00e6re ansvarlige for at tusenvis av amerikanere har d\u00f8dd overdoser.<\/p>\n<p>Dette er etter Trumps oppfatning narkoterrorisme.<\/p>\n<p>USA gir ogs\u00e5 Maduro skylden for at flere millioner av venezuelanere har migrert til USA.<\/p>\n<p>Fredsprisvinner <a href=\"https:\/\/www.semana.com\/mundo\/articulo\/si-hubiera-dicho-no-puedo-aceptar-el-nobel-porque-es-de-trump-hoy-seria-presidenta-se-revela-la-rabia-del-presidente-con-machado\/202603\/\" rel=\"nofollow noopener\" target=\"_blank\">Maria Corina Machado<\/a> har p\u00e5 sin side sagt at Venezuela <a href=\"https:\/\/www.youtube.com\/shorts\/BFG3BexuNFo\" rel=\"nofollow noopener\" target=\"_blank\">allerede er invadert<\/a> av russiske og iranske agenter, terrorgrupper som Hizbollah og Hamas, av colombiansk gerilja og av narkotikakarteller.<\/p>\n<p>    Vil du se neste video?<\/p>\n<p>    <a href=\"https:\/\/www.nettavisen.no\/nyheter\/ukrainsk-jagerfly-odelegger-for-vladimir-putin-i-pokrovsk\/v\/5-95-2807927\" class=\"recommend-poster\" data-adp-clicklabel=\"video-recommend\" data-adp-clickvalue=\"poster\" rel=\"nofollow noopener\" target=\"_blank\"><br \/>\n      <img decoding=\"async\" width=\"200\" height=\"200\" loading=\"lazy\" src=\"https:\/\/www.europesays.com\/no\/wp-content\/uploads\/2026\/01\/JAGERFLY+BREDDE.jpg\" alt=\"\" class=\"brick-c-cFOWSL\" style=\"--brick-image-ratio: 200 \/ 200;\"\/><\/p>\n<p>Nye bilder: Rammer Putin hardt0:41<\/p>\n<p>    <\/a><\/p>\n<p>N\u00e5r karteller blir terrorister, og statsledere blir kartelledere<\/p>\n<p>USA har i 2025 f\u00f8rt opp <a href=\"https:\/\/insightcrime.org\/venezuela-organized-crime-news\/tren-de-aragua\/\" rel=\"nofollow noopener\" target=\"_blank\">Tren de Aragua<\/a> og <a href=\"https:\/\/insightcrime.org\/venezuela-organized-crime-news\/cartel-de-los-soles-profile\/\" rel=\"nofollow noopener\" target=\"_blank\">Cartel de los Soles<\/a> p\u00e5 listen over Foreign Terrorist Organizations (FTO), i tillegg til en rekke <a href=\"https:\/\/www.congress.gov\/crs-product\/IF10613\" rel=\"nofollow noopener\" target=\"_blank\">andre narkotikakarteller<\/a> i for eksempel Mexico, Colombia.<\/p>\n<p>USA har nylig ogs\u00e5 definert <a href=\"https:\/\/sml.snl.no\/fentanyl\" rel=\"nofollow noopener\" target=\"_blank\">fentanyl,<\/a> (syntetisk narkotika), som et <a href=\"https:\/\/www.whitehouse.gov\/presidential-actions\/2025\/12\/designating-fentanyl-as-a-weapon-of-mass-destruction\/\" rel=\"nofollow noopener\" target=\"_blank\">masse\u00f8deleggelsesv\u00e5pen (WMD).<\/a><\/p>\n<p>Der tidligere administrasjoner, med noen unntak, opererte med et skille mellom migrasjon, organisert kriminalitet, WMD og terrorisme, ser Trump administrasjonen det de kaller narkoterrorisme som en samlet trussel mot USA.<\/p>\n<p><b>N\u00e5r karteller blir terrorister, narkotika blir masse\u00f8deleggelsesv\u00e5pen og statsledere blir kartelledere blir bildet veldig uoversiktlig.<\/b><\/p>\n<p>Paradokset er at Trump administrasjonens retorikk b\u00e5de er langt utenfor virkeligheten, samtidig som det er en kjerne av sannhet i noe av det Trump sier.<\/p>\n<p>Jeg \u00f8nsker derfor \u00e5 rydde litt i kaoset, slik at folk kan forst\u00e5 hva dette handler om.<\/p>\n<p>            Tron Lj\u00f8dal<\/p>\n<p>Tron Lj\u00f8dal (f.1974) er tidligere analytiker for Organisasjonen i Amerikanske Stater (OAS). <\/p>\n<p>Hanhadde en sentral rolle i demobiliseringen av deparamilit\u00e6re i Colombia. <\/p>\n<p>Han har mer enn 20 \u00e5rs erfaring med Colombia og regionen rundt.<\/p>\n<p> I 2009 jobbet han som forsker p\u00e5 situasjonen i Venezuela og har fulgt landet siden. <\/p>\n<p>Lj\u00f8dal er tidligere r\u00e5dgiver i UD og jobbet da med implementering av fredsavtalen i S\u00f8r-Sudan. <\/p>\n<p>Lj\u00f8dal er utdannet statsviter ved Universidad Javeriana i Colombia.<\/p>\n<p>  Det er Fentanyl som dreper<\/p>\n<p>I 2023 var det 105.000 overdosed\u00f8dsfall i USA. 69 prosent av alle d\u00f8dsfallene skyldtes Fentanyl, mens 28 prosent skyldtes kokain, men da ofte i kombinasjonsmisbruk med fentanyl, <a href=\"https:\/\/nida.nih.gov\/research-topics\/trends-statistics\/overdose-death-rates#Fig8\" rel=\"nofollow noopener\" target=\"_blank\">if\u00f8lge amerikanske helsemyndigheter<\/a>.<\/p>\n<p><a href=\"https:\/\/insightcrime.org\/tag\/fentanyl\/\" rel=\"nofollow noopener\" target=\"_blank\">Fentanyl<\/a> produseres i Mexico med kjemikalier som importeres fra Kina. Fentanyl <a href=\"https:\/\/www.bbc.co.uk\/news\/articles\/cvg93nn1e6go\" rel=\"nofollow noopener\" target=\"_blank\">smugles over landegrensen mellom USA og Mexico<\/a> og ikke via Venezuela eller Colombia. Det kan tenkes at Kina tillater denne smuglingen som en <a href=\"https:\/\/mwi.westpoint.edu\/wp-content\/uploads\/2025\/04\/Domestic-Fentanyl-Crisis-Strategic-Context_Responding-China-Drug-Warfare.pdf\" rel=\"nofollow noopener\" target=\"_blank\">form for hybridkrigf\u00f8ring mot USA<\/a>, men det er ikke bekreftet.<\/p>\n<p><b>Les ogs\u00e5: <\/b><a rel=\"Follow nofollow noopener\" href=\"https:\/\/www.nettavisen.no\/norsk-debatt\/derfor-frykter-ikke-solvik-olsen-trump-men-kaller-gronland-utspill-uakseptabelt\/o\/5-95-2811441\" target=\"_blank\">Trump er i forhandlingsmodus <\/a><\/p>\n<p>De kriminelle har ingen politisk agenda<\/p>\n<p>Produksjon og smugling av narkotika i Latin-Amerika kontrolleres av kriminelle akt\u00f8rer som ofte omtales som karteller, men som er en blanding mellom fleksible nettverk og noen store kriminelle organisasjoner som for eksempel <a href=\"https:\/\/insightcrime.org\/mexico-organized-crime-news\/sinaloa-cartel-profile\/\" rel=\"nofollow noopener\" target=\"_blank\">Sinaloakartellet<\/a> (Mexico), <a href=\"https:\/\/insightcrime.org\/venezuela-organized-crime-news\/tren-de-aragua\/\" rel=\"nofollow noopener\" target=\"_blank\">Tren de Aragua<\/a> (Venezuela), <a href=\"https:\/\/insightcrime.org\/colombia-organized-crime-news\/urabenos-profile\/\" rel=\"nofollow noopener\" target=\"_blank\">Clan del Golfo<\/a> (Colombia) og ulike colombianske geriljagrupper (som egentlig er kriminelle organisasjoner).<\/p>\n<p>Flere av disse organisasjonene kontrollerer store territorier i Mexico, Colombia og Venezuela og har private armeer med uniformerte soldater og milit\u00e6re v\u00e5pen.<\/p>\n<p>De fleste v\u00e5pen som brukes av kriminelle i Latin Amerika (med unntak av Venezuela) kommer via USA.<\/p>\n<p>Ingen av disse akt\u00f8rene har i dag noen reell politisk motivasjon og ingen av dem er terrororganisasjoner i tradisjonell forstand.<\/p>\n<p>N\u00e5r det er sagt er dette grupper som ofte gjennomf\u00f8rer drap, massakre og av og til ogs\u00e5 terrorangrep i for eksempel Mexico og Colombia. Disse angrepene er nesten alltid rettet mot rivaliserende grupperinger eller sivile latinamerikanere og s\u00e5 godt som aldri mot amerikanske borgere eller interesser.<\/p>\n<p><b>Les ogs\u00e5: <\/b><a rel=\"Follow nofollow noopener\" href=\"https:\/\/www.nettavisen.no\/norsk-debatt\/en-farligere-trump\/o\/5-95-2806253\" target=\"_blank\">En farligere Trump <\/a><\/p>\n<p>Geriljaen utnytter Colombias president p\u00e5 det groveste<\/p>\n<p>Over 60 prosent av all kokain <a href=\"https:\/\/www.unodc.org\/documents\/data-and-analysis\/cocaine\/Global_cocaine_report_2023.pdf\" rel=\"nofollow noopener\" target=\"_blank\">produseres i Colombia<\/a> og veldig lite i Venezuela. <a href=\"https:\/\/css.unodc.org\/documents\/crop-monitoring\/Colombia\/Colombia_monitoreo_2023.pdf\" rel=\"nofollow noopener\" target=\"_blank\">Kokainproduksjonen i Colombia<\/a> har vokst kraftig fra 2013 og frem til i dag.<\/p>\n<p>Colombias president Gustavo Petro <a href=\"https:\/\/www.aljazeera.com\/news\/2026\/1\/5\/trump-threatens-colombias-petro-says-cuba-looks-like-its-ready-to-fall\" rel=\"nofollow noopener\" target=\"_blank\">produserer ikke kokain som han sender til USA<\/a>. Imidlertid har kokainproduksjon og <a href=\"https:\/\/ideaspaz.org\/publicaciones\/investigaciones-analisis\/2025-11\/lo-que-dicen-las-nuevas-cifras-sobre-el-aumento-de-integrantes-de-grupos-armados-en-colombia\" rel=\"nofollow noopener\" target=\"_blank\">de v\u00e6pnede grupperinger i Colombia<\/a> vokst kraftig siden han tiltr\u00e5dte som president i 2022. Det skyldes ikke, slik mange tror, at han samarbeider med geriljaen og narkotikakarteller. Det skyldes at han har v\u00e6rt naiv og ettergivende i forhandlinger med geriljaen, som har <a href=\"https:\/\/insightcrime.org\/investigations\/peace-never-had-chance-colombia-eln-venezuela\/\" rel=\"nofollow noopener\" target=\"_blank\">utnyttet Petro p\u00e5 det groveste.<\/a><\/p>\n<p>Venezuela er et viktig transittland for kokain som produseres i Colombia, b\u00e5de for kokain som smugles til USA, men ogs\u00e5 til Europa.<\/p>\n<p>Cartel de los Soles &#8211; et begrep \u2013 ikke en organisasjon<\/p>\n<p>Mange medlemmer av regimet i Venezuela, <a href=\"https:\/\/www.semana.com\/economia\/empresas\/articulo\/bienes-aviones-y-joyas-esta-es-la-fortuna-que-amaso-nicolas-maduro-en-venezuela\/202601\/\" rel=\"nofollow noopener\" target=\"_blank\">inklusive Nicol\u00e1s Maduro,<\/a> har mottatt betydelige inntekter fra narkotikasmugling i form av bestikkelser. Inntekter fra narkotika, smugling av sanksjonert olje og andre kriminelle aktiviteter har bidratt til \u00e5 holde regimet i livet og f\u00f8rt til massiv korrupsjon i Venezuela.<\/p>\n<p><a href=\"https:\/\/insightcrime.org\/venezuela-organized-crime-news\/cartel-de-los-soles-profile\/\" rel=\"nofollow noopener\" target=\"_blank\">Cartel de los Soles<\/a> er et begrep, ikke en organisasjon. Utrykket viser til \u00absoler\u00bb, som milit\u00e6re i Venezuela bruker som gradsdistinksjoner (i Norge er det \u00abstjerner\u00bb). Begrepet er en betegnelse p\u00e5 grupperinger innen det venezuelanske milit\u00e6re mottar bestikkelser i bytte mot \u00e5 tolerere narkotikasmugling og andre kriminelle aktiviteter.<\/p>\n<p>Fordi Cartel de los Soles ikke eksisterer, er ikke Nicol\u00e1s Maduro heller leder av det.<\/p>\n<p>   <img decoding=\"async\" width=\"3284\" height=\"2189\" fetchpriority=\"low\"  loading=\"lazy\"  src=\"https:\/\/www.europesays.com\/no\/wp-content\/uploads\/2026\/01\/NTB_JjX8CQn7x8w.jpg\" alt=\"Venezuela's Defence Minister Vladimir Padrino attends the swearing-in ceremony of Vice President Delcy Rodriguez as Venezuela\u2019s interim president at the National Assembly, after the U.S. launched a strike on the country and captured President Nicolas Maduro and his wife Cilia Flores, in Caracas, Venezuela, January 5, 2026. REUTERS\/Leonardo Fernandez Viloria \" class=\"brick-c-cFOWSL\" style=\"--brick-image-ratio: 3284 \/ 2189;\"\/><\/p>\n<p>      GENERAL: Vladimir Padrino, Maduro regimets Forsvarsminister. P\u00e5 bildet kan man se \u00absolene\u00bb som viser at Padrino er en \u00ab4 solers\u00bb general.<br \/>\n      Foto: Leonardo Fernandez Viloria (REUTERS)\n    <\/p>\n<p>Det er riktig at <a href=\"https:\/\/insightcrime.org\/venezuela-organized-crime-news\/venezuela\/\" rel=\"nofollow noopener\" target=\"_blank\">Venezuela har invitert colombianske geriljagrupper inn i landet<\/a> og tillatt dem \u00e5 operere fritt og smugle kokain gjennom Venezuela. Colombiansk gerilja har operert i Venezuela helt siden 1970 tallet, men det var f\u00f8rst i 1999, n\u00e5r Hugo Ch\u00e1vez kom til makten, at regimet bestemte \u00e5 aktivt invitere geriljaen inn.<\/p>\n<p>Maduros regime har ogs\u00e5 tillatt russisk, cubansk og <a href=\"https:\/\/www.rand.org\/content\/dam\/rand\/pubs\/perspectives\/PEA3500\/PEA3585-1\/RAND_PEA3585-1.pdf\" rel=\"nofollow noopener\" target=\"_blank\">iransk etterretning, Hizbollah og Hamas<\/a> \u00e5 operere i landet.<\/p>\n<p>Mexicanske karteller, Clan del Golfo og Tren de Aragua har tjent store inntekter p\u00e5 \u00e5 smugle flere millioner migranter til USA. Motivasjonen for dette er \u00f8konomisk, ikke politisk.<\/p>\n<p>Maduro regimet er involvert i narkotikakriminalitet<\/p>\n<p>USA baserer sin utenrikspolitikk p\u00e5 en rekke forestillinger som er utbredt p\u00e5 h\u00f8yresiden i USA og Latin-Amerika.<\/p>\n<p>Min konklusjon er at b\u00e5de narkotika og migrasjon er en reell og meget alvorlig trussel mot USA. Tidligere regjeringer i USA har i de siste 10 \u00e5rene mislykkes i \u00e5 h\u00e5ndtere disse utfordringene og har egentlig ikke hatt noen gode svar p\u00e5 problemene.<\/p>\n<p>Det er ingen tvil om at Maduro regimet er involvert i narkotikakriminalitet. Likevel mener jeg Trump administrasjonens virkelighetsforst\u00e5else feil og da blir konsekvensene ogs\u00e5 helt gale.<\/p>\n<p>  <a data-static=\"\" href=\"#skip-\" class=\"brick-c-fgNmNC\">Hopp over karusellen.<\/a><\/p>\n<p data-static=\"\" class=\"brick-c-fgNmNC\" id=\"carousel-title-\">Innholdskarusell med 20 artikler.<\/p>\n","protected":false},"excerpt":{"rendered":"3. januar gjennomf\u00f8rte USA et angrep p\u00e5 Venezuela og tok president Nicol\u00e1s Maduro til fange. Trump har sagt&hellip;\n","protected":false},"author":2,"featured_media":133095,"comment_status":"","ping_status":"","sticky":false,"template":"","format":"standard","meta":{"footnotes":""},"categories":[12],"tags":[20,21,24,25,15,22,23,13,30,28,29,14,16,26,27,42,43,44,45],"class_list":{"0":"post-133094","1":"post","2":"type-post","3":"status-publish","4":"format-standard","5":"has-post-thumbnail","7":"category-verden","8":"tag-breaking-news","9":"tag-breakingnews","10":"tag-featured-news","11":"tag-featurednews","12":"tag-headlines","13":"tag-latest-news","14":"tag-latestnews","15":"tag-news","16":"tag-no","17":"tag-norge","18":"tag-norway","19":"tag-nyheter","20":"tag-overskrifter","21":"tag-top-stories","22":"tag-topstories","23":"tag-verden","24":"tag-world","25":"tag-world-news","26":"tag-worldnews"},"share_on_mastodon":{"url":"https:\/\/pubeurope.com\/@no\/115865636365314415","error":""},"_links":{"self":[{"href":"https:\/\/www.europesays.com\/no\/wp-json\/wp\/v2\/posts\/133094","targetHints":{"allow":["GET"]}}],"collection":[{"href":"https:\/\/www.europesays.com\/no\/wp-json\/wp\/v2\/posts"}],"about":[{"href":"https:\/\/www.europesays.com\/no\/wp-json\/wp\/v2\/types\/post"}],"author":[{"embeddable":true,"href":"https:\/\/www.europesays.com\/no\/wp-json\/wp\/v2\/users\/2"}],"replies":[{"embeddable":true,"href":"https:\/\/www.europesays.com\/no\/wp-json\/wp\/v2\/comments?post=133094"}],"version-history":[{"count":0,"href":"https:\/\/www.europesays.com\/no\/wp-json\/wp\/v2\/posts\/133094\/revisions"}],"wp:featuredmedia":[{"embeddable":true,"href":"https:\/\/www.europesays.com\/no\/wp-json\/wp\/v2\/media\/133095"}],"wp:attachment":[{"href":"https:\/\/www.europesays.com\/no\/wp-json\/wp\/v2\/media?parent=133094"}],"wp:term":[{"taxonomy":"category","embeddable":true,"href":"https:\/\/www.europesays.com\/no\/wp-json\/wp\/v2\/categories?post=133094"},{"taxonomy":"post_tag","embeddable":true,"href":"https:\/\/www.europesays.com\/no\/wp-json\/wp\/v2\/tags?post=133094"}],"curies":[{"name":"wp","href":"https:\/\/api.w.org\/{rel}","templated":true}]}}