{"id":133096,"date":"2026-01-09T14:34:11","date_gmt":"2026-01-09T14:34:11","guid":{"rendered":"https:\/\/www.europesays.com\/no\/133096\/"},"modified":"2026-01-09T14:34:11","modified_gmt":"2026-01-09T14:34:11","slug":"politikk-kommunekommisjonen-stoltenberg-advarer-om-diskusjon-om-kommunereform","status":"publish","type":"post","link":"https:\/\/www.europesays.com\/no\/133096\/","title":{"rendered":"Politikk, Kommunekommisjonen | Stoltenberg advarer om diskusjon om kommunereform"},"content":{"rendered":"\n<p>Fredag legger den regjeringsutnevnte kommunekommisjonen fram sine anbefalinger til kommunalminister Bj\u00f8rnar Skj\u00e6ran (Ap) og finansminister Jens Stoltenberg (Ap).<\/p>\n<p>Fra talerstolen kom finansministeren samtidig med en erkjennelse:<\/p>\n<p>\u2013 Kommunene trenger mer penger. Og de skal f\u00e5 mer penger, sa Stoltenberg.<\/p>\n<p>Dette sier han om kommunesammensl\u00e5ing<\/p>\n<p>P\u00e5 sp\u00f8rsm\u00e5l fra TV2 om det ikke er \u00e5penbart at det m\u00e5 gj\u00f8res noe med kommunestrukturen i Norge, svarte Stoltenberg at det er en viktig diskusjon.<\/p>\n<p>Likevel advarte han:<\/p>\n<p>\u2013 Jeg mener det er viktig at vi n\u00e5 ikke gj\u00f8r hele fornyelse av kommunesektoren til et sp\u00f8rsm\u00e5l om antall kommuner, svarte Stoltenberg og la til at kommisjonens forslag er viktige uavhengig antall kommuner.<\/p>\n<p>\u2013 Det er synd om alt som ligger her og i andre rapporter, og eventuelt neste rapport ogs\u00e5, blir parkert som en stor debatt om antall kommuner. Det er mange ting som g\u00e5r langt utover det, la han til.<\/p>\n<p>Skroter bygdeskole-tilskudd<\/p>\n<p>Den store overraskelsen kommunekommisjonen kommer med, er at de tar til orde for \u00e5 skrote l\u00e6rernormen, slik Nationen tidligere har omtalt.<\/p>\n<p>Dagens l\u00e6rernorm stiller minstekrav til hvor mange l\u00e6rere det m\u00e5 v\u00e6re per antall elever. Maks 15 elever per l\u00e6rer p\u00e5 1.-4. trinn og 20 p\u00e5 5.-10. trinn.<\/p>\n<p>Kommisjonen foresl\u00e5r ogs\u00e5 \u00e5 skrinlegge grendeskoletillegget som skal redde grendeskoler fra nedleggelser. I stedet tar utvalget til orde for at tilskuddet heller fordeles etter inntektssystemets ordin\u00e6re kriterier, og at kommunene kan prioritere bruken av midlene uten f\u00f8ringer.<\/p>\n<p>            Fakta om kommunekommisjonens anbefalinger<\/p>\n<ul>\n<li>Kommunekommisjonen er utnevnt av regjeringen og har hatt i oppdrag \u00e5 foresl\u00e5 endringer i statens styring av kommunesektoren. Forslagene i f\u00f8rste rapport er f\u00f8lgende:<\/li>\n<li>Avvikle l\u00e6rernormen, som stiller krav om antall elever per l\u00e6rer i grunnskolen.<\/li>\n<li>Fjerne kompetansekrav i helse- og omsorgstjenesten og g\u00e5 bort fra at kommuner skal ha knyttet til seg lege, sykepleier, fysioterapeut, jordmor, helsesykepleier, ergoterapeut og psykolog.<\/li>\n<li>Innlemme, sl\u00e5 sammen og forenkle \u00f8remerkede tilskudd og med det lempe p\u00e5 statlig styring av kommunal ressursbruk.<\/li>\n<li>Avvikle grunnskoletilskuddet i inntektssystemet, som inneb\u00e6rer \u00e5 fjerne tilskuddet kommunene f\u00e5r etter antall grunnskoler i kommunen.<\/li>\n<li>Forenkling av investeringstilskuddet til omsorgsboliger og sykehjem. Blant annet fjerne krav til utforming av ikke-lovp\u00e5lagte omsorgsplasser og kutte i plan-, dokumentasjons- og rapporteringskrav.<\/li>\n<\/ul>\n<p>Kilder: <a rel=\"noopener nofollow\" href=\"https:\/\/www.regjeringen.no\/contentassets\/edf80b0fe8604da4baf52a06d4093851\/no\/pdfs\/nou202620260001000dddpdfs.pdf\" target=\"_blank\">regjeringen.no<\/a><\/p>\n<p>  \u2013 Jeg er medansvarlig<\/p>\n<p>Kommisjonen innlemmer ogs\u00e5 en rekke \u00f8remerkede tilskudd i kommunenes ramme, som er penger de selv kan disponere friere. Totalt foresl\u00e5r kommisjonen \u00e5 avvikle 22 \u00f8remerkede tilskudd.<\/p>\n<p>Stoltenberg roste kommisjonens grep p\u00e5 \u00f8remerkede tilskudd.<\/p>\n<p>\u2013 Vi skal ha ikke null statlige tilskudd og null statlig regulering av kommunene, men det blir for mye, sa finansministeren.<\/p>\n<p>  <a href=\"https:\/\/www.nationen.no\/5-148-846111\" class=\"related-teaser has-image default-story-teaser article--c-eRUmMG article--c-eRUmMG-jKCPdD-design-default\" rel=\"nofollow noopener\" target=\"_blank\"><\/p>\n<p>    <img decoding=\"async\" loading=\"lazy\"  src=\"https:\/\/www.europesays.com\/no\/wp-content\/uploads\/2026\/01\/NTB_HJ07n-ZN1HM__1_.jpg\" alt=\"\" class=\"brick-c-cFOWSL\" style=\"\"\/><\/p>\n<p>\n            Les ogs\u00e5<\/p>\n<p>              Advarer Ap mot skroting av hjertebarn: &#8211; B\u00f8r ikke pr\u00f8ve det igjen\n        <\/p>\n<p>  <\/a><\/p>\n<p>Han erkjente samtidig at det statlige trykket p\u00e5 kommunene har v\u00e6rt for sterkt.<\/p>\n<p>\u2013 Jeg er medansvarlig ogs\u00e5 for den slitasjen, sa Stoltenberg.<\/p>\n<p>De \u00f8nsker ogs\u00e5 \u00e5 fjerne kravet til de sju yrkesgruppene hver kommunene skal m\u00e5tte stille med innenfor helse og omsorg, som lege, sykepleier, fysioterapeut, jordmor, helsesykepleier, ergoterapeut og psykolog.<\/p>\n<p>  <a href=\"https:\/\/www.nationen.no\/5-148-846181\" class=\"related-teaser has-image default-story-teaser article--c-eRUmMG article--c-eRUmMG-jKCPdD-design-default\" rel=\"nofollow noopener\" target=\"_blank\"><\/p>\n<p>    <img decoding=\"async\" loading=\"lazy\"  src=\"https:\/\/www.europesays.com\/no\/wp-content\/uploads\/2026\/01\/IMG_20190510_105148.jpg\" alt=\"\" class=\"brick-c-cFOWSL\" style=\"\"\/><\/p>\n<p>\n            Les ogs\u00e5<\/p>\n<p>              Frykter veterin\u00e6rer skal bli skviset: \u2013 Krise\n        <\/p>\n<p>  <\/a><\/p>\n","protected":false},"excerpt":{"rendered":"Fredag legger den regjeringsutnevnte kommunekommisjonen fram sine anbefalinger til kommunalminister Bj\u00f8rnar Skj\u00e6ran (Ap) og finansminister Jens Stoltenberg (Ap).&hellip;\n","protected":false},"author":2,"featured_media":133097,"comment_status":"","ping_status":"","sticky":false,"template":"","format":"standard","meta":{"footnotes":""},"categories":[10],"tags":[36,20,21,24,25,15,661,15307,22,23,13,30,28,29,14,16,41,1510,26,27],"class_list":{"0":"post-133096","1":"post","2":"type-post","3":"status-publish","4":"format-standard","5":"has-post-thumbnail","7":"category-norge","8":"tag-art","9":"tag-breaking-news","10":"tag-breakingnews","11":"tag-featured-news","12":"tag-featurednews","13":"tag-headlines","14":"tag-kommune","15":"tag-kommunekommisjonen","16":"tag-latest-news","17":"tag-latestnews","18":"tag-news","19":"tag-no","20":"tag-norge","21":"tag-norway","22":"tag-nyheter","23":"tag-overskrifter","24":"tag-politikk","25":"tag-story","26":"tag-top-stories","27":"tag-topstories"},"share_on_mastodon":{"url":"","error":""},"_links":{"self":[{"href":"https:\/\/www.europesays.com\/no\/wp-json\/wp\/v2\/posts\/133096","targetHints":{"allow":["GET"]}}],"collection":[{"href":"https:\/\/www.europesays.com\/no\/wp-json\/wp\/v2\/posts"}],"about":[{"href":"https:\/\/www.europesays.com\/no\/wp-json\/wp\/v2\/types\/post"}],"author":[{"embeddable":true,"href":"https:\/\/www.europesays.com\/no\/wp-json\/wp\/v2\/users\/2"}],"replies":[{"embeddable":true,"href":"https:\/\/www.europesays.com\/no\/wp-json\/wp\/v2\/comments?post=133096"}],"version-history":[{"count":0,"href":"https:\/\/www.europesays.com\/no\/wp-json\/wp\/v2\/posts\/133096\/revisions"}],"wp:featuredmedia":[{"embeddable":true,"href":"https:\/\/www.europesays.com\/no\/wp-json\/wp\/v2\/media\/133097"}],"wp:attachment":[{"href":"https:\/\/www.europesays.com\/no\/wp-json\/wp\/v2\/media?parent=133096"}],"wp:term":[{"taxonomy":"category","embeddable":true,"href":"https:\/\/www.europesays.com\/no\/wp-json\/wp\/v2\/categories?post=133096"},{"taxonomy":"post_tag","embeddable":true,"href":"https:\/\/www.europesays.com\/no\/wp-json\/wp\/v2\/tags?post=133096"}],"curies":[{"name":"wp","href":"https:\/\/api.w.org\/{rel}","templated":true}]}}