{"id":133104,"date":"2026-01-09T14:45:18","date_gmt":"2026-01-09T14:45:18","guid":{"rendered":"https:\/\/www.europesays.com\/no\/133104\/"},"modified":"2026-01-09T14:45:18","modified_gmt":"2026-01-09T14:45:18","slug":"oscar-bobb-fotball-guardiola-med-nedslaende-oppdatering-pa-bobb-han-har-ikke-trent-med-oss","status":"publish","type":"post","link":"https:\/\/www.europesays.com\/no\/133104\/","title":{"rendered":"Oscar Bobb, Fotball | Guardiola med nedsl\u00e5ende oppdatering p\u00e5 Bobb: \u2013 Han har ikke trent med oss"},"content":{"rendered":"\n<p>Det sa Guardiola p\u00e5 en pressekonferanse fredag.<\/p>\n<p>\u2013 Han er fortsatt skadet. Han har ikke trent med oss siden ligacupkampen mot Brentford, sa Guardiola.<\/p>\n<p>Den aktuelle kampen ble spilt 17. desember. Dermed n\u00e6rmer Bobb seg \u00e5 ha v\u00e6rt p\u00e5 sidelinjen en m\u00e5ned.<\/p>\n<p>Samtidig med at nordmannen er skadet, sirkulerer det overgangsrykter om ham. Borussia Dortmund, Bournemouth, Newcastle og Crystal Palace er alle nevnt som potensielle nye arbeidsgivere.<\/p>\n<p>Nordmannen skal ha en prislapp p\u00e5 30 millioner britiske pund, tilsvarende rundt 405 millioner kroner.<\/p>\n<p>Bakgrunnen for at Bobb er p\u00e5 vei ut d\u00f8rene, er blant annet at Manchester City torsdag bekreftet signeringen av Premier League-juvelen Antoine Semenyo. Det betyr trolig enda mindre spilletid for nordmannen.<\/p>\n<p>Bobb har i h\u00f8st slitt med \u00e5 f\u00e5 fast tillit i City. Vingen har ogs\u00e5 hatt skadetr\u00f8bbel.<\/p>\n<p>En overgang til en klubb der han f\u00e5r ukentlig spilletid, vil v\u00e6re positivt for landslagssjef St\u00e5le Solbakken foran VM-sluttspillet i USA, Canada og Mexico i sommer.<\/p>\n<p>(\u00a9NTB)<\/p>\n","protected":false},"excerpt":{"rendered":"Det sa Guardiola p\u00e5 en pressekonferanse fredag. \u2013 Han er fortsatt skadet. Han har ikke trent med oss&hellip;\n","protected":false},"author":2,"featured_media":133105,"comment_status":"","ping_status":"","sticky":false,"template":"","format":"standard","meta":{"footnotes":""},"categories":[59],"tags":[30,28,29,83,82],"class_list":{"0":"post-133104","1":"post","2":"type-post","3":"status-publish","4":"format-standard","5":"has-post-thumbnail","7":"category-sport","8":"tag-no","9":"tag-norge","10":"tag-norway","11":"tag-sport","12":"tag-sports"},"share_on_mastodon":{"url":"https:\/\/pubeurope.com\/@no\/115865683407180706","error":""},"_links":{"self":[{"href":"https:\/\/www.europesays.com\/no\/wp-json\/wp\/v2\/posts\/133104","targetHints":{"allow":["GET"]}}],"collection":[{"href":"https:\/\/www.europesays.com\/no\/wp-json\/wp\/v2\/posts"}],"about":[{"href":"https:\/\/www.europesays.com\/no\/wp-json\/wp\/v2\/types\/post"}],"author":[{"embeddable":true,"href":"https:\/\/www.europesays.com\/no\/wp-json\/wp\/v2\/users\/2"}],"replies":[{"embeddable":true,"href":"https:\/\/www.europesays.com\/no\/wp-json\/wp\/v2\/comments?post=133104"}],"version-history":[{"count":0,"href":"https:\/\/www.europesays.com\/no\/wp-json\/wp\/v2\/posts\/133104\/revisions"}],"wp:featuredmedia":[{"embeddable":true,"href":"https:\/\/www.europesays.com\/no\/wp-json\/wp\/v2\/media\/133105"}],"wp:attachment":[{"href":"https:\/\/www.europesays.com\/no\/wp-json\/wp\/v2\/media?parent=133104"}],"wp:term":[{"taxonomy":"category","embeddable":true,"href":"https:\/\/www.europesays.com\/no\/wp-json\/wp\/v2\/categories?post=133104"},{"taxonomy":"post_tag","embeddable":true,"href":"https:\/\/www.europesays.com\/no\/wp-json\/wp\/v2\/tags?post=133104"}],"curies":[{"name":"wp","href":"https:\/\/api.w.org\/{rel}","templated":true}]}}