{"id":133114,"date":"2026-01-09T14:58:19","date_gmt":"2026-01-09T14:58:19","guid":{"rendered":"https:\/\/www.europesays.com\/no\/133114\/"},"modified":"2026-01-09T14:58:19","modified_gmt":"2026-01-09T14:58:19","slug":"reagerer-urettferdig-behandlet","status":"publish","type":"post","link":"https:\/\/www.europesays.com\/no\/133114\/","title":{"rendered":"Reagerer: &#8211; Urettferdig behandlet"},"content":{"rendered":"<p class=\"bold m-bold italic m-italic\" data-lab-font_weight=\"bold\" data-lab-italic=\"italic\"> \u00a0Se Manchester United-Brighton p\u00e5 <a href=\"https:\/\/play.tv2.no\/sport\/fotball\/emirates-fa-cup-1ab7p0pe\/manchester-united-brighton-25ndqj4p\" target=\"_blank\" rel=\"nofollow noopener\">TV 2 Play<\/a> s\u00f8ndag fra kl. 17.00!<\/p>\n<p>Manchester-v\u00e6ret er som vanlig gr\u00e5tt,\u00a0men p\u00e5 verkstedet til Stanley Chow er det alt annet.<\/p>\n<p>Fargene florerer. Det samme gj\u00f8r Manchester United-kunst. Chows kunstverk pryder gallerier, hoteller og butikker over hele Manchester.\u00a0<\/p>\n<p>Kultfiguren finner frem sitt selv-designede bilde av Ole Gunnar Solskj\u00e6r.\u00a0<\/p>\n<p>        <img class=\"image__img lazyload\" itemprop=\"image\" title=\"Foto: Elias Engevik \/ TV 2\" alt=\"OLE OVER RUBEN: Stanley Chow er klar p\u00e5 at han \u00f8nsker Solskj\u00e6r som Amorims etterf\u00f8lger. Foto: Elias Engevik \/ TV 2\" width=\"978\" height=\"551\" bad-src=\"https:\/\/www.europesays.com\/no\/wp-content\/uploads\/2026\/01\/18446239.webp.jpeg\" fetchpriority=\"auto\" \/><\/p>\n<p>      OLE OVER RUBEN: Stanley Chow er klar p\u00e5 at han \u00f8nsker Solskj\u00e6r som Amorims etterf\u00f8lger.<br \/>\n         Foto: Elias Engevik \/ TV 2<\/p>\n<p class=\"bold m-bold\" data-lab-font_weight=\"bold\">\u2013 Jeg hadde elsket \u00e5 se ham tilbake som midlertidig trener. Hans United spilte den beste fotballen vi har sett p\u00e5 Old Trafford de siste ti-tolv \u00e5rene, sier Chow til TV 2.\u00a0<\/p>\n<p>For Ole Gunnar SSolskj\u00e6r er en het kandidat til \u00e5 ta over Manchester United\u00a0\u2013 igjen. If\u00f8lge engelske medier konkurrerer han med Michael Carrick om jobben som manager ut sesongen.\u00a0<\/p>\n<p>\u2013 Jeg er en romantiker. Det er derfor jeg lager kunst. Jeg vil bare at ting skal v\u00e6re vakkert. Det er en del av hjertet mitt, sier Chow, og legger til:\u00a0<\/p>\n<p>\u2013 Det ville v\u00e6rt en vakker historie om Solskj\u00e6r kom tilbake. Det er som et filmmanus. Ingenting hadde v\u00e6rt bedre enn om han kom tilbake og lykkes.\u00a0<\/p>\n<p>      <img class=\"image__img lazyload\" itemprop=\"image\" title=\"Foto: Elias Engevik \/ TV 2\" alt=\"KUNSTNER: Stanley Chow med selv-designet bilde av Ole Gunnar Solskj\u00e6r. Foto: Elias Engevik \/ TV 2\" width=\"978\" height=\"652\" bad-src=\"https:\/\/www.europesays.com\/no\/wp-content\/uploads\/2026\/01\/18446244.webp.jpeg\" fetchpriority=\"auto\" \/><\/p>\n<p>      KUNSTNER: Stanley Chow med selv-designet bilde av Ole Gunnar Solskj\u00e6r.<br \/>\n         Foto: Elias Engevik \/ TV 2<\/p>\n<p>      <img class=\"image__img lazyload\" itemprop=\"image\" title=\"Foto: Elias Engevik \/ TV 2\" alt=\"KUNSTNER: Stanley Chow med selv-designet bilde av Ole Gunnar Solskj\u00e6r. Foto: Elias Engevik \/ TV 2\" width=\"978\" height=\"652\" bad-src=\"https:\/\/www.europesays.com\/no\/wp-content\/uploads\/2026\/01\/18446245.webp.jpeg\" fetchpriority=\"auto\" \/><\/p>\n<p>      KUNSTNER: Stanley Chow med selv-designet bilde av Ole Gunnar Solskj\u00e6r.<br \/>\n         Foto: Elias Engevik \/ TV 2<\/p>\n<p>      <img class=\"image__img lazyload\" itemprop=\"image\" title=\"Foto: Elias Engevik \/ TV 2\" alt=\"KUNSTNER: Stanley Chow med selv-designet bilde av Ole Gunnar Solskj\u00e6r. Foto: Elias Engevik \/ TV 2\" width=\"978\" height=\"652\" bad-src=\"https:\/\/www.europesays.com\/no\/wp-content\/uploads\/2026\/01\/18446246.webp.jpeg\" fetchpriority=\"auto\" \/><\/p>\n<p>      KUNSTNER: Stanley Chow med selv-designet bilde av Ole Gunnar Solskj\u00e6r.<br \/>\n         Foto: Elias Engevik \/ TV 2<\/p>\n<p>\u00d8l-beskjed til Solskj\u00e6r<\/p>\n<p>Chow blir veldig engasjert n\u00e5r han viser frem Solskj\u00e6r-kunsten sin i h\u00e5nden. United-supporteren sammenligner nordmannen med selveste Sir Alex Ferguson.\u00a0<\/p>\n<p>\u2013 Uansett hvor Ole g\u00e5r i Manchester, \u00f8nsker folk \u00e5 kj\u00f8pe en \u00f8l til ham. Folk vil si gratulerer, takke for alt han har gjort, og spesielt m\u00e5let i 1999. Han er en legende for alltid.\u00a0<\/p>\n<p>Selv ikke katastrofeukene h\u00f8sten 2021 har gjort noe med Chows syn p\u00e5 Solskj\u00e6r som potensiell United-manager.\u00a0<\/p>\n<p class=\"bold m-bold\" data-lab-font_weight=\"bold\">\u2013 Da han fikk sparken, ble han veldig urettferdig behandlet. Ledelsen gjorde noen d\u00e5rlige beslutninger, mener Chow.<\/p>\n<p>\u2013 Hadde ikke United kj\u00f8pt tilbake Cristiano Ronaldo, tror jeg Solskj\u00e6r fortsatt hadde v\u00e6rt manager. Det tror jeg definitivt.\u00a0<\/p>\n<p>The Athletic-journalist med innr\u00f8mmelse<\/p>\n<p>Chows urokkelige Solskj\u00e6r-optimisme er ikke delt med alle i Manchester.\u00a0Noen supportere er\u00a0<a href=\"https:\/\/www.tv2.no\/sport\/manchester-united-fan-vi-kan-ikke-ga-tilbake\/18441860\/\" target=\"_blank\" style=\"letter-spacing: 0.01em;\" rel=\"nofollow noopener\">ikke like positive til en Solskj\u00e6r-retur<\/a> og mener at han har f\u00e5tt sin sjanse.\u00a0<\/p>\n<p>The Athletics Carl Anka p\u00e5peker dog at nordmannen kanskje ikke har f\u00e5tt nok anerkjennelse for jobben han gjorde sist han var United-manager.<\/p>\n<p>        <img class=\"image__img lazyload\" itemprop=\"image\" title=\"Foto: Elias Engevik \/ TV 2\" alt=\"THE ATHLETIC-PROFIL: Carl Anka dekker Manchester United. Foto: Elias Engevik \/ TV 2\" width=\"675\" height=\"379\" bad-src=\"https:\/\/www.europesays.com\/no\/wp-content\/uploads\/2026\/01\/18446283.webp.jpeg\" fetchpriority=\"auto\" \/><\/p>\n<p>      THE ATHLETIC-PROFIL: Carl Anka dekker Manchester United.<br \/>\n         Foto: Elias Engevik \/ TV 2<\/p>\n<p>\u2013 Personlig, som reporter, s\u00e5 brukte jeg nok for mye tid p\u00e5 \u00e5 se oppover p\u00e5 tabellen mot Manchester City og Liverpool, i stedet for \u00e5 innse det veldig gode arbeidet Ole Gunnar Solskj\u00e6r gjorde for at ting ikke skulle kollapse, sier journalisten til TV 2.<\/p>\n<p>Anka p\u00e5peker at Solskj\u00e6r er den eneste United-manageren siden Ferguson som har ledet klubben til en topp-tre-plassering to sesonger p\u00e5 rad.\u00a0<\/p>\n<p>\u2013 Det er rett \u00e5 si, i ettertid, at b\u00e5de pressen og supportere ikke satte nok pris p\u00e5 alt han fikk til sist, sier Anka, og legger til:<\/p>\n<p>\u2013 Hans v\u00e6rem\u00e5te ga alle et l\u00f8ft den gangen. Akkurat den egenskapen trenger United n\u00e5, da laget kanskje ikke har s\u00e5 mye selvtillit om dagen.\u00a0<\/p>\n<p>        <img class=\"image__img lazyload\" itemprop=\"image\" title=\"Foto: Dave Thompson \/ AP \/ NTB\" alt=\"KOMPISDUELL: Blir det Michael Carrick eller Ole Gunnar Solskj\u00e6r som f\u00e5r muligheten p\u00e5 Old Trafford igjen? Foto: Dave Thompson \/ AP \/ NTB\" width=\"675\" height=\"379\" bad-src=\"https:\/\/www.europesays.com\/no\/wp-content\/uploads\/2026\/01\/18438497.webp.jpeg\" fetchpriority=\"auto\" \/><\/p>\n<p>      KOMPISDUELL: Blir det Michael Carrick eller Ole Gunnar Solskj\u00e6r som f\u00e5r muligheten p\u00e5 Old Trafford igjen?<br \/>\n         Foto: Dave Thompson \/ AP \/ NTB<\/p>\n<p>S\u00e5 gjenst\u00e5r det \u00e5 se om nordmannen f\u00e5r ta h\u00e5nden p\u00e5 rattet igjen eller om det blir kompisen Carrick.\u00a0<a href=\"https:\/\/www.skysports.com\/football\/news\/11667\/13491992\/man-utd-new-manager-latest-ole-gunnar-solskjaer-and-michael-carrick-unlikely-to-work-together-in-interim-roles-at-old-trafford\" target=\"_blank\" rel=\"nofollow noopener\">Sky Sports<\/a> melder nemlig torsdag at det er lite sannsynlig at de vil arbeide sammen.\u00a0<\/p>\n<p>N\u00e5r Manchester United m\u00f8ter Brighton, blir det uansett med <a href=\"https:\/\/www.tv2.no\/sport\/fletcher-bekrefter-leder-laget-mot-brighton\/18442047\/\" target=\"_blank\" rel=\"nofollow noopener\">Darren Fletcher som midlertidig manager<\/a>.\u00a0<\/p>\n<p>  Se Manchester United-Brighton p\u00e5\u00a0<a href=\"https:\/\/play.tv2.no\/sport\/fotball\/emirates-fa-cup-1ab7p0pe\/manchester-united-brighton-25ndqj4p\" target=\"_blank\" rel=\"nofollow noopener\">TV 2 Play<\/a>\u00a0s\u00f8ndag fra kl. 17.00!<\/p>\n","protected":false},"excerpt":{"rendered":"\u00a0Se Manchester United-Brighton p\u00e5 TV 2 Play s\u00f8ndag fra kl. 17.00! Manchester-v\u00e6ret er som vanlig gr\u00e5tt,\u00a0men p\u00e5 verkstedet&hellip;\n","protected":false},"author":2,"featured_media":133115,"comment_status":"","ping_status":"","sticky":false,"template":"","format":"standard","meta":{"footnotes":""},"categories":[5],"tags":[20,21,24,25,15,19,22,23,17,18,13,30,28,29,14,16,26,27],"class_list":{"0":"post-133114","1":"post","2":"type-post","3":"status-publish","4":"format-standard","5":"has-post-thumbnail","7":"category-overskrifter","8":"tag-breaking-news","9":"tag-breakingnews","10":"tag-featured-news","11":"tag-featurednews","12":"tag-headlines","13":"tag-hovedoppslag","14":"tag-latest-news","15":"tag-latestnews","16":"tag-main-news","17":"tag-mainnews","18":"tag-news","19":"tag-no","20":"tag-norge","21":"tag-norway","22":"tag-nyheter","23":"tag-overskrifter","24":"tag-top-stories","25":"tag-topstories"},"share_on_mastodon":{"url":"https:\/\/pubeurope.com\/@no\/115865734510559218","error":""},"_links":{"self":[{"href":"https:\/\/www.europesays.com\/no\/wp-json\/wp\/v2\/posts\/133114","targetHints":{"allow":["GET"]}}],"collection":[{"href":"https:\/\/www.europesays.com\/no\/wp-json\/wp\/v2\/posts"}],"about":[{"href":"https:\/\/www.europesays.com\/no\/wp-json\/wp\/v2\/types\/post"}],"author":[{"embeddable":true,"href":"https:\/\/www.europesays.com\/no\/wp-json\/wp\/v2\/users\/2"}],"replies":[{"embeddable":true,"href":"https:\/\/www.europesays.com\/no\/wp-json\/wp\/v2\/comments?post=133114"}],"version-history":[{"count":0,"href":"https:\/\/www.europesays.com\/no\/wp-json\/wp\/v2\/posts\/133114\/revisions"}],"wp:featuredmedia":[{"embeddable":true,"href":"https:\/\/www.europesays.com\/no\/wp-json\/wp\/v2\/media\/133115"}],"wp:attachment":[{"href":"https:\/\/www.europesays.com\/no\/wp-json\/wp\/v2\/media?parent=133114"}],"wp:term":[{"taxonomy":"category","embeddable":true,"href":"https:\/\/www.europesays.com\/no\/wp-json\/wp\/v2\/categories?post=133114"},{"taxonomy":"post_tag","embeddable":true,"href":"https:\/\/www.europesays.com\/no\/wp-json\/wp\/v2\/tags?post=133114"}],"curies":[{"name":"wp","href":"https:\/\/api.w.org\/{rel}","templated":true}]}}