{"id":133116,"date":"2026-01-09T15:09:15","date_gmt":"2026-01-09T15:09:15","guid":{"rendered":"https:\/\/www.europesays.com\/no\/133116\/"},"modified":"2026-01-09T15:09:15","modified_gmt":"2026-01-09T15:09:15","slug":"kenneth-jobbar-pa-spreng-for-a-fikse-oydelagde-vassroyr-morenytt-no","status":"publish","type":"post","link":"https:\/\/www.europesays.com\/no\/133116\/","title":{"rendered":"Kenneth jobbar p\u00e5 spreng for \u00e5 fikse \u00f8ydelagde vassr\u00f8yr &#8211; morenytt.no"},"content":{"rendered":"<ol>\n<li><a href=\"https:\/\/news.google.com\/rss\/articles\/CBMiowFBVV95cUxNQ0tzb2J3VlRhY3M4TjFMREk5ME1mVEtLcjIyRklzODdqQzJxWDJqYmN1RW4yeHgxQk9SWGVyYmxGbjhmSVF5QW1FZE9xdktyUTQ5OFJBbzc4eDUtWGkyRDRHT0MwVHhDc21iWFZYVGh2N29GYmZpcHJzRmoxN3RIVGpNQ0tFVi0xYkh6NElvZ1NpTkFQaGNqTkR4dzd3OFRjZ0ln?oc=5\" target=\"_blank\" rel=\"nofollow noopener\">Kenneth jobbar p\u00e5 spreng for \u00e5 fikse \u00f8ydelagde vassr\u00f8yr<\/a>&nbsp;&nbsp;morenytt.no<\/li>\n<li><a href=\"https:\/\/news.google.com\/rss\/articles\/CBMipwFBVV95cUxNS3FlbUhSNUtVWm1IMXlTeGFaNWQ1VXRzZnFkLWx1S25haWVYUTZSY2lZRFA0WG9aUDY0dlU4X3ZCa0ZieGFCMzlUZGwyc2w2T2FtejhBcTg0MXRRdkpVRmFocnRlclZXdGJrc01MVGNrZDJwQWs0SS1zNjhxeklEWUNFRVJWdVIwZ3l1cHZQcnE2MVBsSnQ3NEZYdkRCdWxfVGtSck1qTQ?oc=5\" target=\"_blank\" rel=\"nofollow noopener\">Kulda gir r\u00f8r-tr\u00f8bbel for flere \u2013 slik unng\u00e5r du frost i r\u00f8rene<\/a>&nbsp;&nbsp;rbnett.no<\/li>\n<li><a href=\"https:\/\/news.google.com\/rss\/articles\/CBMiogFBVV95cUxQNmpSYkY1cFd4WlNLNXVEbWEyQ3lyMlZkNGt4YThLa29jRElyXy1BcThGXy1IYi1pSWdTSGFFS2VHd0xUR3NtaC1HeWFFcFhlTXQ2NTdWanFRNHJjeGlydEN4MU5MRTBGVmJGNm5ibkx2MDlMZF91RjgzdzRyVDE4R3U3QUdieEF4cmZwSzV2NWNTTzRXVGFJS3M0QlBtOHlRVGc?oc=5\" target=\"_blank\" rel=\"nofollow noopener\">Ikke gj\u00f8r denne str\u00f8mtabben i kulda: \u2013 Ble en dyr erfaring for mange<\/a>&nbsp;&nbsp;Hamar Arbeiderblad<\/li>\n<li><a href=\"https:\/\/news.google.com\/rss\/articles\/CBMingFBVV95cUxNVWtMOEFLTUdJSzFRdm1McGRFNHI4Vi1seVZBZEJVc0JLODBWemJQbk9CdmVnN0E4dXJPZjg5SlY5MjdRZ0owUnNLMGdvb2xhVEF1TkJTNTlGTWJKWkcxSkh2cHhUdkFfa2ZvcXhHRFhmV19hbzhXSjhwRVd5LTQ1cjZTdlFaRFVJUWZBczQyNWlXVEdVU2JTdGdacmJ6Zw?oc=5\" target=\"_blank\" rel=\"nofollow noopener\">S\u00e5 mykje varme m\u00e5 du ha p\u00e5 for \u00e5 unng\u00e5 frosne r\u00f8yr i kulda<\/a>&nbsp;&nbsp;NRK<\/li>\n<li><a href=\"https:\/\/news.google.com\/rss\/articles\/CBMiogFBVV95cUxQQ0J4eV80aWowclJLejRNMXRtSHNfUTQ2MjdzZkxaNUtTZFNyR0RxREJVUnYwVG1BNWV3ZW5vcFp1eUZITlNyZzJzUnllX25lVTU1Xy1rWU50UGRLMWxOM0hPTWpkOUZlb3Q3bXhCMFVQa0JfWm42WUljVVBHbElKYk5DODFVSnRpZGFYMGVMUV9nR0xfNEtfeFVwa09xZkZjc3c?oc=5\" target=\"_blank\" rel=\"nofollow noopener\">Lar du vannet renne for \u00e5 unng\u00e5 at det fryser? Det er ikke lov<\/a>&nbsp;&nbsp;Bergens Tidende<\/li>\n<\/ol>\n","protected":false},"excerpt":{"rendered":"Kenneth jobbar p\u00e5 spreng for \u00e5 fikse \u00f8ydelagde vassr\u00f8yr&nbsp;&nbsp;morenytt.no Kulda gir r\u00f8r-tr\u00f8bbel for flere \u2013 slik unng\u00e5r du&hellip;\n","protected":false},"author":2,"featured_media":133117,"comment_status":"","ping_status":"","sticky":false,"template":"","format":"standard","meta":{"footnotes":""},"categories":[5],"tags":[20,21,24,25,15,19,22,23,17,18,13,30,28,29,14,16,26,27],"class_list":{"0":"post-133116","1":"post","2":"type-post","3":"status-publish","4":"format-standard","5":"has-post-thumbnail","7":"category-overskrifter","8":"tag-breaking-news","9":"tag-breakingnews","10":"tag-featured-news","11":"tag-featurednews","12":"tag-headlines","13":"tag-hovedoppslag","14":"tag-latest-news","15":"tag-latestnews","16":"tag-main-news","17":"tag-mainnews","18":"tag-news","19":"tag-no","20":"tag-norge","21":"tag-norway","22":"tag-nyheter","23":"tag-overskrifter","24":"tag-top-stories","25":"tag-topstories"},"share_on_mastodon":{"url":"https:\/\/pubeurope.com\/@no\/115865777886010316","error":""},"_links":{"self":[{"href":"https:\/\/www.europesays.com\/no\/wp-json\/wp\/v2\/posts\/133116","targetHints":{"allow":["GET"]}}],"collection":[{"href":"https:\/\/www.europesays.com\/no\/wp-json\/wp\/v2\/posts"}],"about":[{"href":"https:\/\/www.europesays.com\/no\/wp-json\/wp\/v2\/types\/post"}],"author":[{"embeddable":true,"href":"https:\/\/www.europesays.com\/no\/wp-json\/wp\/v2\/users\/2"}],"replies":[{"embeddable":true,"href":"https:\/\/www.europesays.com\/no\/wp-json\/wp\/v2\/comments?post=133116"}],"version-history":[{"count":0,"href":"https:\/\/www.europesays.com\/no\/wp-json\/wp\/v2\/posts\/133116\/revisions"}],"wp:featuredmedia":[{"embeddable":true,"href":"https:\/\/www.europesays.com\/no\/wp-json\/wp\/v2\/media\/133117"}],"wp:attachment":[{"href":"https:\/\/www.europesays.com\/no\/wp-json\/wp\/v2\/media?parent=133116"}],"wp:term":[{"taxonomy":"category","embeddable":true,"href":"https:\/\/www.europesays.com\/no\/wp-json\/wp\/v2\/categories?post=133116"},{"taxonomy":"post_tag","embeddable":true,"href":"https:\/\/www.europesays.com\/no\/wp-json\/wp\/v2\/tags?post=133116"}],"curies":[{"name":"wp","href":"https:\/\/api.w.org\/{rel}","templated":true}]}}