{"id":133118,"date":"2026-01-09T15:10:07","date_gmt":"2026-01-09T15:10:07","guid":{"rendered":"https:\/\/www.europesays.com\/no\/133118\/"},"modified":"2026-01-09T15:10:07","modified_gmt":"2026-01-09T15:10:07","slug":"luke-littler-med-historisk-sponsoravtale","status":"publish","type":"post","link":"https:\/\/www.europesays.com\/no\/133118\/","title":{"rendered":"Luke Littler med historisk sponsoravtale"},"content":{"rendered":"\n<p class=\"_lead_o9xde_2 _lead_xtcu6_50 layout-component text-serif-m layout-normal text-serif-l layout-component layout-wide layout-padded _wide_17hqh_1 layout-padded\">Den ferske dartverdensmesteren Luke Littler har sikret seg en ny sponsoravtale med historiske dimensjoner. Den skal v\u00e6re verdt 270 millioner kroner.<\/p>\n<p><img alt=\"Luke Littler blir s\u00f8kkrik.  Foto: Dave Shopland \/ AP \/ NTB\" class=\"_image_qp4xg_65 layout-component layout-wide\" data-fullscreen- data-track-element-type=\"Article image fullscreen\" data-track-name=\"ImageFullscreen\" fetchpriority=\"high\" decoding=\"sync\" loading=\"eager\" height=\"2134\" itemprop=\"image\"  src=\"https:\/\/www.europesays.com\/no\/wp-content\/uploads\/2026\/01\/2e4037b1-26e5-4d62-aee2-3449c9f94879.jpeg\"  style=\"object-position:0% 0%\" width=\"3201\"\/>Luke Littler blir s\u00f8kkrik.  Foto: Dave Shopland \/ AP \/ NTB<\/p>\n<ul aria-hidden=\"true\" class=\"_images_ntbth_112\">\n<li><a class=\"_link_ntbth_117\" href=\"https:\/\/www.vg.no\/forfatter\/ntb\" style=\"z-index:1\" title=\"NTB\" rel=\"nofollow noopener\" target=\"_blank\"><img alt=\"Bilde av NTB\" class=\"_image_ntbth_93\" fetchpriority=\"low\" loading=\"lazy\" decoding=\"async\" itemprop=\"image\"  src=\"https:\/\/www.europesays.com\/no\/wp-content\/uploads\/2026\/01\/1767971407_364_c33980b0-5d07-4027-84a1-813f90a7c8d6.png\"  width=\"480\"\/><\/a><\/li>\n<\/ul>\n<p> Oppdatert fredag 9. januar kl. 15:45     <\/p>\n<p class=\"_paragraph_o9xde_4 _paragraph_xtcu6_10 layout-component text-serif-m layout-normal text-serif-m layout-padded\">18-\u00e5ringen, som innkasserte en f\u00f8rstepremiepott p\u00e5 13,5 millioner kroner da han sist l\u00f8rdag tok sin andre VM-tittel i Alexandra Palace, har fornyet kontrakten med utstyrsleverand\u00f8ren Target Darts.<\/p>\n<p class=\"_paragraph_o9xde_4 _paragraph_xtcu6_10 layout-component text-serif-m layout-normal text-serif-m layout-padded\">Nyhetsbyr\u00e5et PA hevder \u00e5 kjenne til at avtalen, med potensielle l\u00f8nnsinntekter og bonuser, samt en prosentandel fra salg av produkter og utstyr, er verdt 20 millioner britiske pund over ti \u00e5r.<\/p>\n<p class=\"_paragraph_o9xde_4 _paragraph_xtcu6_10 layout-component text-serif-m layout-normal text-serif-m layout-padded\">Det tilsvarer rundt 270 millioner.<\/p>\n<p class=\"_paragraph_o9xde_4 _paragraph_xtcu6_10 layout-component text-serif-m layout-normal text-serif-m layout-padded\">Avtalen er i s\u00e5 fall den mest lukrative dartsporten noensinne har sett.<\/p>\n<p class=\"_paragraph_o9xde_4 _paragraph_xtcu6_10 layout-component text-serif-m layout-normal text-serif-m layout-padded\">Littler har v\u00e6rt en yndling siden han slo gjennom ved \u00e5 spille seg fram til VM-finalen i 2024 som 16-\u00e5ring.<\/p>\n<p class=\"_paragraph_o9xde_4 _paragraph_xtcu6_10 layout-component text-serif-m layout-normal text-serif-m layout-padded\">Briten har n\u00e6rmest blitt st\u00f8rre enn sporten selv. N\u00e5 selges det egne Littler-produkter som fansen kan kj\u00f8pe.<\/p>\n<p class=\"_paragraph_o9xde_4 _paragraph_xtcu6_10 layout-component text-serif-m layout-normal text-serif-m layout-padded\">\u2013 Target har trodd p\u00e5 meg fra dag \u00e9n, og jeg er glad for at det er mange flere \u00e5r i vente, sier Littler om den nye kontrakten.<\/p>\n<p class=\"_paragraph_o9xde_4 _paragraph_xtcu6_10 layout-component text-serif-m layout-normal text-serif-m layout-padded\">18-\u00e5ringen overrasket samtlige ansatte i Target Darts med Airpods til jul. P\u00e5 to innholdsrike \u00e5r i toppen har briten innkassert nesten 38 millioner kroner i premiepenger.<\/p>\n<p class=\"_paragraph_o9xde_4 _paragraph_xtcu6_10 layout-component text-serif-m layout-normal text-serif-m layout-padded\">Han har ogs\u00e5 lukrative avtaler med en rekke andre selskaper.<\/p>\n<p class=\"_paragraph_o9xde_4 _paragraph_xtcu6_10 layout-component text-serif-m layout-normal text-serif-m layout-padded\">Littler forbereder seg for tiden til World Series-kamper i Bahrain og Saudi-Arabia.<\/p>\n","protected":false},"excerpt":{"rendered":"Den ferske dartverdensmesteren Luke Littler har sikret seg en ny sponsoravtale med historiske dimensjoner. Den skal v\u00e6re verdt&hellip;\n","protected":false},"author":2,"featured_media":133119,"comment_status":"","ping_status":"","sticky":false,"template":"","format":"standard","meta":{"footnotes":""},"categories":[59],"tags":[30,28,29,83,82],"class_list":{"0":"post-133118","1":"post","2":"type-post","3":"status-publish","4":"format-standard","5":"has-post-thumbnail","7":"category-sport","8":"tag-no","9":"tag-norge","10":"tag-norway","11":"tag-sport","12":"tag-sports"},"share_on_mastodon":{"url":"https:\/\/pubeurope.com\/@no\/115865781912464638","error":""},"_links":{"self":[{"href":"https:\/\/www.europesays.com\/no\/wp-json\/wp\/v2\/posts\/133118","targetHints":{"allow":["GET"]}}],"collection":[{"href":"https:\/\/www.europesays.com\/no\/wp-json\/wp\/v2\/posts"}],"about":[{"href":"https:\/\/www.europesays.com\/no\/wp-json\/wp\/v2\/types\/post"}],"author":[{"embeddable":true,"href":"https:\/\/www.europesays.com\/no\/wp-json\/wp\/v2\/users\/2"}],"replies":[{"embeddable":true,"href":"https:\/\/www.europesays.com\/no\/wp-json\/wp\/v2\/comments?post=133118"}],"version-history":[{"count":0,"href":"https:\/\/www.europesays.com\/no\/wp-json\/wp\/v2\/posts\/133118\/revisions"}],"wp:featuredmedia":[{"embeddable":true,"href":"https:\/\/www.europesays.com\/no\/wp-json\/wp\/v2\/media\/133119"}],"wp:attachment":[{"href":"https:\/\/www.europesays.com\/no\/wp-json\/wp\/v2\/media?parent=133118"}],"wp:term":[{"taxonomy":"category","embeddable":true,"href":"https:\/\/www.europesays.com\/no\/wp-json\/wp\/v2\/categories?post=133118"},{"taxonomy":"post_tag","embeddable":true,"href":"https:\/\/www.europesays.com\/no\/wp-json\/wp\/v2\/tags?post=133118"}],"curies":[{"name":"wp","href":"https:\/\/api.w.org\/{rel}","templated":true}]}}