{"id":133128,"date":"2026-01-09T15:19:09","date_gmt":"2026-01-09T15:19:09","guid":{"rendered":"https:\/\/www.europesays.com\/no\/133128\/"},"modified":"2026-01-09T15:19:09","modified_gmt":"2026-01-09T15:19:09","slug":"hagle-ingebjorg-bratland-hagle-og-bratland-debuterer-med-et-brak-pa-topplista-med-baby-du-er-ra","status":"publish","type":"post","link":"https:\/\/www.europesays.com\/no\/133128\/","title":{"rendered":"Hagle, Ingebj\u00f8rg Bratland | Hagle og Bratland debuterer med et brak p\u00e5 Topplista, med \u00abBaby, du er r\u00e5!\u00bb"},"content":{"rendered":"\n<p>Sangen \u00abBaby, du er r\u00e5!\u00bb fra \u00abHver gang vi m\u00f8tes\u00bb har landet p\u00e5 et brak p\u00e5 <a href=\"https:\/\/topplista.no\/charts\/singles\/\" rel=\"Follow nofollow noopener\" target=\"_blank\">Topplistas singelliste<\/a>, rett inn p\u00e5 en 2. plass.<\/p>\n<p><b>Les ogs\u00e5: <\/b><a class=\"simple-relation related-teaser article--c-eRUmMG article--c-eRUmMG-fZoQSp-design-nettavisen article--c-eRUmMG-gwthdJ-cv\" href=\"https:\/\/www.nettavisen.no\/roger-whittaker-norgesvennen-som-ble-kjent-ved-en-tilfeldighet\/s\/5-95-2814304\" rel=\"nofollow noopener\" target=\"_blank\">Roger Whittaker: Norgesvennen som ble kjent ved en tilfeldighet<\/a><\/p>\n<p>\u2013 Strukket det langt<\/p>\n<p>\u00abBaby, du er r\u00e5!\u00bb er en versjon av Espen Linds \u00abBaby You\u2019re So Cool\u00bb, og er sluppet i forbindelse med \u00abHver gang vi m\u00f8tes\u00bb-deltakelsen til Andr\u00e9 Jensen fra Hagle.<\/p>\n<p>I Hagle og Ingebj\u00f8rg Bratlands versjon er originalens melodiske kjerne bevart, med elementer av barber shop-inspirert kor og en produksjon som henter referanser fra britisk rap. Sammen med Bratlands r\u00f8tter i b\u00e5de country og visetradisjonen, blir tolkningen en leken sjangermiks.<\/p>\n<p>\u2013 Musikalsk sett er dette en av de rareste l\u00e5tene vi har laga, og nettopp derfor en av de g\u00f8yeste. Vi har strukket uttrykket v\u00e5rt ganske langt\u00bb, sier Andr\u00e9 Jensen i en pressemelding.<\/p>\n<p><b>Les ogs\u00e5:<\/b> <a class=\"simple-relation related-teaser article--c-eRUmMG article--c-eRUmMG-fZoQSp-design-nettavisen article--c-eRUmMG-gwthdJ-cv\" href=\"https:\/\/www.nettavisen.no\/dette-er-fjorarets-aller-mest-populare-later\/s\/5-95-2812296\" rel=\"nofollow noopener\" target=\"_blank\">Dette er fjor\u00e5rets aller mest popul\u00e6re l\u00e5ter<\/a><\/p>\n<p>P\u00e5 <a href=\"https:\/\/topplista.no\/charts\/singles\/\" rel=\"Follow nofollow noopener\" target=\"_blank\">ukas singelliste<\/a> ligger l\u00e5ta rett bak f\u00f8rsteplassen, som det nok en uke er Taylor Swifts \u00abThe Fate of Ophelia\u00bb som har sikret seg.<\/p>\n<p>Beyonc\u00e9-hyllest<\/p>\n<p>Det er ikke bare p\u00e5 andreplassen at \u00abHver gang vi m\u00f8tes\u00bb er synlig p\u00e5 topp 10, Synne Vo med \u201cUerstattele\u201d gj\u00f8r det ogs\u00e5 sterkt p\u00e5 8. plass, mens hele seks andre l\u00e5ter fra programmet (to fra i fjor) er representert nedover p\u00e5 lista.<\/p>\n<p>\u00abUerstattele\u00bb er en norsk versjon av sin Beyonc\u00e9s \u00abIrreplaceable\u00bb fra 2006. Betyr det at Beyonc\u00e9 er med p\u00e5 \u00abHver gang vi m\u00f8tes\u00bb? Nei da, l\u00e5ta er med ettersom Espen Lind var en av tekstforfatterne bak nettopp \u00abIrreplacable\u00bb.<\/p>\n<p>Med eller uten Beyonc\u00e9, vi gjetter at vi vil se mye mer fra \u00e5rets \u00abHver gang vi m\u00f8tes\u00bb-sesong p\u00e5 <a href=\"https:\/\/topplista.no\/\" rel=\"Follow nofollow noopener\" target=\"_blank\">Topplista<\/a> i tiden fremover.<\/p>\n<p>Zara Larsson holder seg stabilt h\u00f8yt p\u00e5 3. plass p\u00e5 singellista, etter nok en viral runde.<\/p>\n<p><b>Les ogs\u00e5: <\/b><a class=\"simple-relation related-teaser article--c-eRUmMG article--c-eRUmMG-fZoQSp-design-nettavisen article--c-eRUmMG-gwthdJ-cv\" href=\"https:\/\/www.nettavisen.no\/derfor-koker-det-rundt-zara-larsson-11-ar-gammel-hit-har-tatt-helt-av\/s\/5-95-2805162\" rel=\"nofollow noopener\" target=\"_blank\">Derfor \u00abkoker\u00bb det rundt Zara Larsson: 11 \u00e5r gammel hit har tatt helt av<\/a><\/p>\n<p>Fleetwood Mac og Stranger Things<\/p>\n<p>   <img decoding=\"async\" width=\"1024\" height=\"713\" fetchpriority=\"low\"  loading=\"lazy\"  src=\"https:\/\/www.europesays.com\/no\/wp-content\/uploads\/2026\/01\/Fleetwood+Mac.jpg\" alt=\"CIRCA 1976:  (Clockwise from left) Lindsey Buckingham, Mick Fleetwood, Christine McVie, John McVie and Stevie Nicks (center) of the rock and roll group \" fleetwood=\"\" mac=\"\" pose=\"\" for=\"\" a=\"\" portrait=\"\" in=\"\" circa=\"\" by=\"\" michael=\"\" ochs=\"\" archives=\"\" images=\"\" class=\"brick-c-cFOWSL\" style=\"--brick-image-ratio: 1024 \/ 713;\"\/><\/p>\n<p>      FLEETWOOD MAC: Lindsey Buckingham, Mick Fleetwood, Christine McVie, John McVie og Stevie Nicks (i midten) poserer for et portrett rundt 1976.<br \/>\n      Foto: Michael Ochs Archives\/Getty Images\n    <\/p>\n<p>P\u00e5 ukas <a href=\"https:\/\/topplista.no\/charts\/albums\/\" rel=\"Follow nofollow noopener\" target=\"_blank\">albumliste<\/a> er det Tobias Sten og Ari Bajgora som tar henholdsvis f\u00f8rste og andreplass, mens <a href=\"https:\/\/topplista.no\/charts\/physicalalbums\/\" rel=\"Follow nofollow noopener\" target=\"_blank\">fysisk album<\/a> domineres av Fleetwood Macs \u00abRumours\u00bb.<\/p>\n<p>Den nye versjonen av albumet har forbedret lydkvalitet (mastret fra originale analoge taper), og kommer i forkant av en varslet Apple TV+-dokumentar og den p\u00e5g\u00e5ende hyllest-turn\u00e9en \u00abRumours of Fleetwood Mac\u00bb.<\/p>\n<p>Det er ikke bare \u00e9n gammel traver som er tilbake p\u00e5 en liste denne uka \u2013 Prince &amp; The Revolution med \u00abPurple Rain\u00bb er ogs\u00e5 innom singellista for f\u00f8rste gang siden 1984, da den n\u00e5dde til 5. plass.<\/p>\n<p>Denne uka f\u00f8rer returen til en 68. plass, og skyldes uten tvil en god dose drahjelp fra den siste sesongen av \u00abStranger Things\u00bb.<\/p>\n<p><a href=\"https:\/\/topplista.no\/\" rel=\"Follow nofollow noopener\" target=\"_blank\">Sjekk alle ukas topplister her.<\/a><\/p>\n","protected":false},"excerpt":{"rendered":"Sangen \u00abBaby, du er r\u00e5!\u00bb fra \u00abHver gang vi m\u00f8tes\u00bb har landet p\u00e5 et brak p\u00e5 Topplistas singelliste,&hellip;\n","protected":false},"author":2,"featured_media":133129,"comment_status":"","ping_status":"","sticky":false,"template":"","format":"standard","meta":{"footnotes":""},"categories":[58],"tags":[71,30,28,29,72],"class_list":{"0":"post-133128","1":"post","2":"type-post","3":"status-publish","4":"format-standard","5":"has-post-thumbnail","7":"category-underholdning","8":"tag-entertainment","9":"tag-no","10":"tag-norge","11":"tag-norway","12":"tag-underholdning"},"share_on_mastodon":{"url":"https:\/\/pubeurope.com\/@no\/115865817138286390","error":""},"_links":{"self":[{"href":"https:\/\/www.europesays.com\/no\/wp-json\/wp\/v2\/posts\/133128","targetHints":{"allow":["GET"]}}],"collection":[{"href":"https:\/\/www.europesays.com\/no\/wp-json\/wp\/v2\/posts"}],"about":[{"href":"https:\/\/www.europesays.com\/no\/wp-json\/wp\/v2\/types\/post"}],"author":[{"embeddable":true,"href":"https:\/\/www.europesays.com\/no\/wp-json\/wp\/v2\/users\/2"}],"replies":[{"embeddable":true,"href":"https:\/\/www.europesays.com\/no\/wp-json\/wp\/v2\/comments?post=133128"}],"version-history":[{"count":0,"href":"https:\/\/www.europesays.com\/no\/wp-json\/wp\/v2\/posts\/133128\/revisions"}],"wp:featuredmedia":[{"embeddable":true,"href":"https:\/\/www.europesays.com\/no\/wp-json\/wp\/v2\/media\/133129"}],"wp:attachment":[{"href":"https:\/\/www.europesays.com\/no\/wp-json\/wp\/v2\/media?parent=133128"}],"wp:term":[{"taxonomy":"category","embeddable":true,"href":"https:\/\/www.europesays.com\/no\/wp-json\/wp\/v2\/categories?post=133128"},{"taxonomy":"post_tag","embeddable":true,"href":"https:\/\/www.europesays.com\/no\/wp-json\/wp\/v2\/tags?post=133128"}],"curies":[{"name":"wp","href":"https:\/\/api.w.org\/{rel}","templated":true}]}}