{"id":133130,"date":"2026-01-09T15:22:10","date_gmt":"2026-01-09T15:22:10","guid":{"rendered":"https:\/\/www.europesays.com\/no\/133130\/"},"modified":"2026-01-09T15:22:10","modified_gmt":"2026-01-09T15:22:10","slug":"kate-middleton-apner-seg-om-kreftbehandlingen","status":"publish","type":"post","link":"https:\/\/www.europesays.com\/no\/133130\/","title":{"rendered":"Kate Middleton \u00e5pner seg om kreftbehandlingen"},"content":{"rendered":"\n<p class=\"_lead_o9xde_2 _lead_xtcu6_50 layout-component text-serif-m layout-normal text-serif-l layout-component layout-wide layout-padded _wide_17hqh_1 layout-padded\">Prinsesse Kate sier hun er \u00abdypt takknemlig\u00bb.<\/p>\n<p><img alt=\" Foto: Isabel Infantes \/ Pa Photos \/ NTB\" class=\"_image_qp4xg_65 layout-component layout-wide\" data-fullscreen- data-track-element-type=\"Article image fullscreen\" data-track-name=\"ImageFullscreen\" fetchpriority=\"high\" decoding=\"sync\" loading=\"eager\" height=\"5453\" itemprop=\"image\"  src=\"https:\/\/www.europesays.com\/no\/wp-content\/uploads\/2026\/01\/95ac89e2-75f2-4183-8f37-e199689fd723.jpeg\"  style=\"object-position:0% 0%\" width=\"3825\"\/> Foto: Isabel Infantes \/ Pa Photos \/ NTB<\/p>\n<ul aria-hidden=\"true\" class=\"_images_ntbth_112\">\n<li><a class=\"_link_ntbth_117\" href=\"https:\/\/www.vg.no\/forfatter\/hanne-kretuz-hansen\" style=\"z-index:1\" title=\"Hanne Kreutz-Hansen\" rel=\"nofollow noopener\" target=\"_blank\"><img alt=\"Bilde av Hanne Kreutz-Hansen\" class=\"_image_ntbth_93\" fetchpriority=\"low\" loading=\"lazy\" decoding=\"async\" itemprop=\"image\"  src=\"https:\/\/www.europesays.com\/no\/wp-content\/uploads\/2026\/01\/1767972128_595_91499188-43f5-43fa-b038-5716eac94ffb.jpeg\"  width=\"480\"\/><\/a><\/li>\n<\/ul>\n<p> Oppdatert fredag 9. januar kl. 15:58    <\/p>\n<ul class=\"_list_o9xde_3 _list_64s2r_85 _unordered_o9xde_106 text-sans-m\">\n<li class=\"_item_o9xde_30\">Prinsesse Kate slapp fjerde del av videoserien \u00abMother Nature\u00bb p\u00e5 sin 44-\u00e5rsdag.<\/li>\n<li class=\"_item_o9xde_30\">Kate delte hvordan naturen hjalp henne med \u00e5 bli frisk etter kreftbehandling.<\/li>\n<li class=\"_item_o9xde_30\">Under et sykehusbes\u00f8k snakket hun og prins William om erfaringene fra sykdom og behandling.<\/li>\n<\/ul>\n<p>Vis mer <\/p>\n<p class=\"_paragraph_o9xde_4 _paragraph_xtcu6_10 layout-component text-serif-m layout-normal text-serif-m layout-padded\">Fredag slapp Kate Middleton den fjerde og siste delen av videoserien \u00abMother Nature\u00bb. <\/p>\n<p class=\"_paragraph_o9xde_4 _paragraph_xtcu6_10 layout-component text-serif-m layout-normal text-serif-m layout-padded\">Filmen ble delt p\u00e5 prinsessen av Wales&#8217; 44-\u00e5rsdag. I filmen kan man se Kate utforske naturen mens hun deler hvordan naturen har hjulpet henne med \u00e5 bli frisk, skriver <a href=\"https:\/\/people.com\/kate-middleton-says-shes-deeply-grateful-emotional-video-44th-birthday-11882169\" class=\"_link_o9xde_39\" rel=\"nofollow noopener\" target=\"_blank\">People.<\/a><\/p>\n<p class=\"_paragraph_o9xde_4 _paragraph_xtcu6_10 layout-component text-serif-m layout-normal text-serif-m layout-padded\">Tidligere i uken kom hun ogs\u00e5 med en sjelden og f\u00f8lelsesladet uttalelse om egen kreftbehandling under et sykehusbes\u00f8k sammen med <a href=\"https:\/\/www.vg.no\/tag\/prins-william?utm_source=vg-article&amp;utm_medium=auto-tagger&amp;utm_campaign=6qzjnL\" class=\"_link_o9xde_39\" rel=\"nofollow noopener\" target=\"_blank\">prins William<\/a>.<\/p>\n<p class=\"_paragraph_o9xde_4 _paragraph_xtcu6_10 layout-component text-serif-m layout-normal text-serif-m layout-padded\">Under bes\u00f8ket p\u00e5 Charing Cross Hospital i vest-London snakket prinsessen med en frivillig som jobbet med kjemoterapi-pasienter. Da den frivillige fortalte om hvordan pasienter og p\u00e5r\u00f8rende er p\u00e5 sykehuset \u00abi timevis\u00bb, svarte Kate, if\u00f8lge magasinet <a href=\"https:\/\/people.com\/kate-middleton-rare-emotional-revelation-cancer-treatment-hospital-visit-11881396\" class=\"_link_o9xde_39\" rel=\"nofollow noopener\" target=\"_blank\">Hello!<\/a>.<\/p>\n<p class=\"_paragraph_o9xde_4 _paragraph_xtcu6_10 layout-component text-serif-m layout-normal text-serif-m layout-padded\">\u2013 Vi vet det, la hun til og r\u00f8rte ved prins Williams arm.<\/p>\n<p><img alt=\"Det kongelige paret bes\u00f8kte Charing Cross Hospital for \u00e5 fremheve arbeidet til NHS-ansatte og frivillige som m\u00f8ter \u00f8kt ettersp\u00f8rsel etter tjenester i vinterm\u00e5nedene.  Foto: Isabel Infantes \/ AP \/ NTB\" class=\"_image_qp4xg_65 layout-component layout-normal\" data-fullscreen- data-track-element-type=\"Article image fullscreen\" data-track-name=\"ImageFullscreen\" decoding=\"async\" loading=\"lazy\" height=\"4000\" itemprop=\"image\"  src=\"https:\/\/www.europesays.com\/no\/wp-content\/uploads\/2026\/01\/ef8e1278-e0c8-4763-92bf-76374276214e.png\"  style=\"object-position:0% 0%\" width=\"6000\"\/>Det kongelige paret bes\u00f8kte Charing Cross Hospital for \u00e5 fremheve arbeidet til NHS-ansatte og frivillige som m\u00f8ter \u00f8kt ettersp\u00f8rsel etter tjenester i vinterm\u00e5nedene.  Foto: Isabel Infantes \/ AP \/ NTB<\/p>\n<p class=\"_paragraph_o9xde_4 _paragraph_xtcu6_10 layout-component text-serif-m layout-normal text-serif-m layout-padded\">Prins William refererte ogs\u00e5 til konas helsereise f\u00f8r en rundebordsdiskusjon p\u00e5 sykehuset.<\/p>\n<p class=\"_paragraph_o9xde_4 _paragraph_xtcu6_10 layout-component text-serif-m layout-normal text-serif-m layout-padded\">\u2013 Vi har begge hatt forskjellige opplevelser med sykehus. Jeg gjennom arbeidet med luftambulansen, Catherine gjennom sin nylige helsereise, sa han if\u00f8lge The Sun.<\/p>\n<p class=\"_paragraph_o9xde_4 _paragraph_xtcu6_10 layout-component text-serif-m layout-normal text-serif-m layout-padded\">\u2013 \u00c5 komme hit i dag og minne oss selv om hvor viktige alle teamene er, alt personalet, pasientene. Det er s\u00e5 hjertevarmende, fortsatte prinsen.<\/p>\n<p><img alt=\"Foto: Isabel Infantes \/ Pa Photos \/ NTB\" class=\"_image_qp4xg_65 layout-component layout-normal\" data-fullscreen- data-track-element-type=\"Article image fullscreen\" data-track-name=\"ImageFullscreen\" decoding=\"async\" loading=\"lazy\" height=\"3344\" itemprop=\"image\"  src=\"https:\/\/www.europesays.com\/no\/wp-content\/uploads\/2026\/01\/4304d628-0068-42a2-82cf-73137ebe9c6f.jpeg\"  style=\"object-position:0% 0%\" width=\"2134\"\/>Foto: Isabel Infantes \/ Pa Photos \/ NTB<\/p>\n<p class=\"_paragraph_o9xde_4 _paragraph_xtcu6_10 layout-component text-serif-m layout-normal text-serif-m layout-padded\">\u00abModer Natur-serien har v\u00e6rt en dypt personlig og kreativ refleksjon over hvordan naturen har hjulpet meg med \u00e5 bli frisk. Men den er ogs\u00e5 en historie om naturens kraft og kreativitet i kollektiv helbredelse\u00bb, skriver hun p\u00e5 Instragram-kontoen <a href=\"https:\/\/www.instagram.com\/reel\/DTQYNrZjYd8\/?igsh=MWphMTU0dWFmN2JudQ%3D%3D\" class=\"_link_o9xde_39\" rel=\"nofollow noopener\" target=\"_blank\">Princeandprincessofwales<\/a>.<\/p>\n<p class=\"_paragraph_o9xde_4 _paragraph_xtcu6_10 layout-component text-serif-m layout-normal text-serif-m layout-padded\">\u2013 Selv i den kaldeste, m\u00f8rkeste \u00e5rstiden har vinteren en m\u00e5te \u00e5 gi oss stillhet, t\u00e5lmodighet og stille ettertanke, sier hun i videoen, og fortsetter:<\/p>\n<p class=\"_paragraph_o9xde_4 _paragraph_xtcu6_10 layout-component text-serif-m layout-normal text-serif-m layout-padded\">\u2013 Jeg reflekterer over hvor dypt takknemlig jeg. <\/p>\n<p class=\"_paragraph_o9xde_4 _paragraph_xtcu6_10 layout-component text-serif-m layout-normal text-serif-m layout-padded\">Selv har prinsessen g\u00e5tt gjennom<a href=\"https:\/\/www.vg.no\/nyheter\/i\/k0ajOX\/prinsessen-med-roerende-gest\" data-track-element-type=\"Link\" data-track-id=\"link:k0ajOX\" class=\"_link_o9xde_39\" rel=\"nofollow noopener\" target=\"_blank\"> behandling<\/a> ved Royal Marsden Hospital i Chelsea etter at hun ble diagnostisert med kreft i mars 2024.<\/p>\n<p class=\"_paragraph_o9xde_4 _paragraph_xtcu6_10 layout-component text-serif-m layout-normal text-serif-m layout-padded\">Hun fullf\u00f8rte cellegiftbehandlingen i september og kunngjorde i januar at hun var i remisjon.<\/p>\n<p class=\"_paragraph_o9xde_4 _paragraph_xtcu6_10 layout-component text-serif-m layout-normal text-serif-m layout-padded\">Prinsen har tidligere fortalt om hvordan de <a href=\"https:\/\/www.vg.no\/rampelys\/i\/8qbW4W\/prins-william-aapner-opp-om-hvordan-de-fortalte-barna-om-kreftdiagnosen-til-kate\" data-track-element-type=\"Link\" data-track-id=\"link:8qbW4W\" class=\"_link_o9xde_39\" rel=\"nofollow noopener\" target=\"_blank\">snakket med barna <\/a>om kreften.<\/p>\n<p><img alt=\"Fjor\u00e5rets julekort fra Det britiske kongehuset.\" class=\"_image_qp4xg_65 layout-component layout-normal\" data-fullscreen- data-track-element-type=\"Article image fullscreen\" data-track-name=\"ImageFullscreen\" decoding=\"async\" loading=\"lazy\" height=\"1058\" itemprop=\"image\"  src=\"https:\/\/www.europesays.com\/no\/wp-content\/uploads\/2026\/01\/baf2dc1f-1b41-4510-840a-52ebad826618.png\"  style=\"object-position:0% 0%\" width=\"1502\"\/>Fjor\u00e5rets julekort fra Det britiske kongehuset.<\/p>\n<p class=\"_paragraph_o9xde_4 _paragraph_xtcu6_10 layout-component text-serif-m layout-normal text-serif-m layout-padded\">I h\u00f8st ble h\u00e5ret til prinsessen en <a href=\"https:\/\/www.vg.no\/rampelys\/i\/Gyp1a9\/prinsesse-kates-haar-er-snakkis\" data-track-element-type=\"Link\" data-track-id=\"link:Gyp1a9\" class=\"_link_o9xde_39\" rel=\"nofollow noopener\" target=\"_blank\">snakkis.<\/a><\/p>\n<p><img alt=\"\" class=\"_image_qp4xg_65 layout-component layout-normal\" data-fullscreen- data-track-element-type=\"Article image fullscreen\" data-track-name=\"ImageFullscreen\" decoding=\"async\" loading=\"lazy\" height=\"1668\" itemprop=\"image\"  src=\"https:\/\/www.europesays.com\/no\/wp-content\/uploads\/2026\/01\/3dc33f82-6f68-473f-9759-b5a566cc7d5d.jpeg\"  style=\"object-position:0% 0%\" width=\"2500\"\/>    <script async src=\"\/\/www.instagram.com\/embed.js\"><\/script><\/p>\n","protected":false},"excerpt":{"rendered":"Prinsesse Kate sier hun er \u00abdypt takknemlig\u00bb. Foto: Isabel Infantes \/ Pa Photos \/ NTB Oppdatert fredag 9.&hellip;\n","protected":false},"author":2,"featured_media":133131,"comment_status":"","ping_status":"","sticky":false,"template":"","format":"standard","meta":{"footnotes":""},"categories":[12],"tags":[20,21,24,25,15,4758,704,22,23,13,30,28,29,14,16,4636,26,27,42,46,43,44,45],"class_list":{"0":"post-133130","1":"post","2":"type-post","3":"status-publish","4":"format-standard","5":"has-post-thumbnail","7":"category-verden","8":"tag-breaking-news","9":"tag-breakingnews","10":"tag-featured-news","11":"tag-featurednews","12":"tag-headlines","13":"tag-kate-middleton","14":"tag-kreftbehandling","15":"tag-latest-news","16":"tag-latestnews","17":"tag-news","18":"tag-no","19":"tag-norge","20":"tag-norway","21":"tag-nyheter","22":"tag-overskrifter","23":"tag-prins-william","24":"tag-top-stories","25":"tag-topstories","26":"tag-verden","27":"tag-vgai","28":"tag-world","29":"tag-world-news","30":"tag-worldnews"},"share_on_mastodon":{"url":"https:\/\/pubeurope.com\/@no\/115865828928330782","error":""},"_links":{"self":[{"href":"https:\/\/www.europesays.com\/no\/wp-json\/wp\/v2\/posts\/133130","targetHints":{"allow":["GET"]}}],"collection":[{"href":"https:\/\/www.europesays.com\/no\/wp-json\/wp\/v2\/posts"}],"about":[{"href":"https:\/\/www.europesays.com\/no\/wp-json\/wp\/v2\/types\/post"}],"author":[{"embeddable":true,"href":"https:\/\/www.europesays.com\/no\/wp-json\/wp\/v2\/users\/2"}],"replies":[{"embeddable":true,"href":"https:\/\/www.europesays.com\/no\/wp-json\/wp\/v2\/comments?post=133130"}],"version-history":[{"count":0,"href":"https:\/\/www.europesays.com\/no\/wp-json\/wp\/v2\/posts\/133130\/revisions"}],"wp:featuredmedia":[{"embeddable":true,"href":"https:\/\/www.europesays.com\/no\/wp-json\/wp\/v2\/media\/133131"}],"wp:attachment":[{"href":"https:\/\/www.europesays.com\/no\/wp-json\/wp\/v2\/media?parent=133130"}],"wp:term":[{"taxonomy":"category","embeddable":true,"href":"https:\/\/www.europesays.com\/no\/wp-json\/wp\/v2\/categories?post=133130"},{"taxonomy":"post_tag","embeddable":true,"href":"https:\/\/www.europesays.com\/no\/wp-json\/wp\/v2\/tags?post=133130"}],"curies":[{"name":"wp","href":"https:\/\/api.w.org\/{rel}","templated":true}]}}