{"id":133134,"date":"2026-01-09T15:26:07","date_gmt":"2026-01-09T15:26:07","guid":{"rendered":"https:\/\/www.europesays.com\/no\/133134\/"},"modified":"2026-01-09T15:26:07","modified_gmt":"2026-01-09T15:26:07","slug":"bjarne-brondbo-klager-inn-sikkerhetsvakt-pa-gardermoen-foler-seg-trakassert-3","status":"publish","type":"post","link":"https:\/\/www.europesays.com\/no\/133134\/","title":{"rendered":"Bjarne Br\u00f8ndbo klager inn sikkerhetsvakt p\u00e5 Gardermoen \u2013 f\u00f8ler seg trakassert"},"content":{"rendered":"<p class=\"extendedContent hyperion-css-eyn926\" data-test-tag=\"lead-text\">DDE-vokalist Bjarne Br\u00f8ndbo mener seg trakassert av en maktsyk sikkerhetsansatt p\u00e5 Oslo lufthavn f\u00f8r jul. Avinor beklager og skal unders\u00f8ke, skriver Flysmart24.<\/p>\n<p><img decoding=\"async\" class=\"image-asset hyperion-css-u06ts1\" data-test-tag=\"image-asset\" src=\"https:\/\/www.europesays.com\/no\/wp-content\/uploads\/2026\/01\/28a36337-7dea-4e3f-a63a-71d1cf808a66.jpeg\"  alt=\"DDE-vokalist Bjarne Br\u00f8ndbo mener seg trakassert av en sikkerhetsansatt p\u00e5 Gardermoen og har klaget henne inn til Avinor. \"  loading=\"eager\" fetchpriority=\"high\" style=\"aspect-ratio:2048 \/ 1365\"\/>DDE-vokalist Bjarne Br\u00f8ndbo mener seg trakassert av en sikkerhetsansatt p\u00e5 Gardermoen og har klaget henne inn til Avinor. Foto: Jonas F\u00e6ste Laksekj\u00f8n \/ NTB<\/p>\n<p>Publisert: 09.01.2026 13:04<\/p>\n<p class=\"paywall hyperion-css-1j42uic\"> Br\u00f8ndbo mener blant annet at han ble urettmessig anklaget for sniking i k\u00f8en, <a aria-label=\"if\u00f8lge nettstedet\" class=\"default hyperion-css-1raymq9\" href=\"https:\/\/flysmart24.no\/2026\/01\/09\/bjarne-brondbo-trakassert-pa-flyplassen\/\" target=\"_blank\" rel=\"noopener nofollow noreferrer\" data-test-tag=\"external-link\">if\u00f8lge nettstedet<\/a>.<\/p>\n<p class=\"paywall hyperion-css-1j42uic\">Br\u00f8ndbo skriver at han sto foran i k\u00f8en og uventet fikk kjeft av den kvinnelige sikkerhetskontroll\u00f8ren idet han skulle legge h\u00e5ndbagasjen sin p\u00e5 b\u00e5ndet for sjekk. <\/p>\n<p class=\"paywall hyperion-css-1j42uic\">\u2013 Hun skulle bestemme n\u00e5r mine kasser fikk plass p\u00e5 b\u00e5ndet. Alts\u00e5 m\u00e5tte jeg vente samt motta kjeft for \u00e5 flytte p\u00e5 kasser som stod p\u00e5 b\u00e5ndet. Ganske vanskelig \u00e5 f\u00e5 plass n\u00e5r du st\u00e5r p\u00e5 den fremste plassen, og de tre bak deg selvsagt plasserer kasser kontinuerlig, skriver han.<\/p>\n<p class=\"paywall hyperion-css-1j42uic\">Videre skriver Br\u00f8ndbo at han deretter ble beskyldt for \u00e5 snike i k\u00f8en f\u00f8r metalls\u00f8keren. Han skriver at han sto fremst og ble beordret til \u00e5 g\u00e5 bakerst.<\/p>\n<p class=\"paywall hyperion-css-1j42uic\">\u2013 Trakassering kaller jeg dette. Som en offentlig kjent person s\u00e5 var hele situasjonen meget ubehagelig, skriver han.<\/p>\n<p class=\"paywall hyperion-css-1j42uic\">Avinor beklager at Br\u00f8ndbo har hatt en d\u00e5rlig opplevelse, skriver pressevakt Karoline Pedersen til Flysmart24.<\/p>\n<p class=\"paywall hyperion-css-1j42uic\">\u2013 Hva som har skjedd i dette tilfellet, vil vi n\u00f8ste opp i med v\u00e5r leverand\u00f8r Avarn, som bemanner sikkerhetskontrollen, skriver Pedersen.<\/p>\n","protected":false},"excerpt":{"rendered":"DDE-vokalist Bjarne Br\u00f8ndbo mener seg trakassert av en maktsyk sikkerhetsansatt p\u00e5 Oslo lufthavn f\u00f8r jul. Avinor beklager og&hellip;\n","protected":false},"author":2,"featured_media":133135,"comment_status":"","ping_status":"","sticky":false,"template":"","format":"standard","meta":{"footnotes":""},"categories":[58],"tags":[71,30,28,29,72],"class_list":{"0":"post-133134","1":"post","2":"type-post","3":"status-publish","4":"format-standard","5":"has-post-thumbnail","7":"category-underholdning","8":"tag-entertainment","9":"tag-no","10":"tag-norge","11":"tag-norway","12":"tag-underholdning"},"share_on_mastodon":{"url":"https:\/\/pubeurope.com\/@no\/115865844801670095","error":""},"_links":{"self":[{"href":"https:\/\/www.europesays.com\/no\/wp-json\/wp\/v2\/posts\/133134","targetHints":{"allow":["GET"]}}],"collection":[{"href":"https:\/\/www.europesays.com\/no\/wp-json\/wp\/v2\/posts"}],"about":[{"href":"https:\/\/www.europesays.com\/no\/wp-json\/wp\/v2\/types\/post"}],"author":[{"embeddable":true,"href":"https:\/\/www.europesays.com\/no\/wp-json\/wp\/v2\/users\/2"}],"replies":[{"embeddable":true,"href":"https:\/\/www.europesays.com\/no\/wp-json\/wp\/v2\/comments?post=133134"}],"version-history":[{"count":0,"href":"https:\/\/www.europesays.com\/no\/wp-json\/wp\/v2\/posts\/133134\/revisions"}],"wp:featuredmedia":[{"embeddable":true,"href":"https:\/\/www.europesays.com\/no\/wp-json\/wp\/v2\/media\/133135"}],"wp:attachment":[{"href":"https:\/\/www.europesays.com\/no\/wp-json\/wp\/v2\/media?parent=133134"}],"wp:term":[{"taxonomy":"category","embeddable":true,"href":"https:\/\/www.europesays.com\/no\/wp-json\/wp\/v2\/categories?post=133134"},{"taxonomy":"post_tag","embeddable":true,"href":"https:\/\/www.europesays.com\/no\/wp-json\/wp\/v2\/tags?post=133134"}],"curies":[{"name":"wp","href":"https:\/\/api.w.org\/{rel}","templated":true}]}}