{"id":133155,"date":"2026-01-09T15:45:06","date_gmt":"2026-01-09T15:45:06","guid":{"rendered":"https:\/\/www.europesays.com\/no\/133155\/"},"modified":"2026-01-09T15:45:06","modified_gmt":"2026-01-09T15:45:06","slug":"skal-avhore-siktede-etter-drapet-i-lokken-nrk-trondelag-lokale-nyheter-tv-og-radio","status":"publish","type":"post","link":"https:\/\/www.europesays.com\/no\/133155\/","title":{"rendered":"Skal avh\u00f8re siktede etter drapet i L\u00f8kken \u2013 NRK Tr\u00f8ndelag \u2013 Lokale nyheter, TV og radio"},"content":{"rendered":"<p>Det skriver politiet i en pressemelding fredag.<\/p>\n<p>L\u00f8rdag 13. desember ble Marita L\u00f8fshus Haugen (35) <a href=\"https:\/\/www.nrk.no\/trondelag\/kvinne-funnet-dod-_-mann-pagrepet-og-siktet-for-drap-1.17691797\" ec-id=\"pp:article:1.17691797\" ec-name=\"funnet d\u00f8d utend\u00f8rs\" rel=\"nofollow noopener\" target=\"_blank\">funnet d\u00f8d utend\u00f8rs<\/a> p\u00e5 L\u00f8kken i Orkland kommune i Tr\u00f8ndelag.<\/p>\n<p><strong>Like etter hun ble funnet, p\u00e5grep politiet J\u00f8rn Andersen og siktet ham for drapet. Han har s\u00e5 langt ikke \u00f8nsket \u00e5 forklare seg for politiet.<\/strong><\/p>\n<p>Etter avtale med Andersens forsvarer skal det n\u00e5 bli gjennomf\u00f8rt avh\u00f8r.<\/p>\n<p>\u2013 I denne saken er det jobbet effektivt b\u00e5de hos politiet og eksterne samarbeidsakt\u00f8rer, og det foreligger mye informasjon i saken etter kort tid, skriver politiadvokat Ole Andreas Aftret.<\/p>\n<p><strong>\u2013 Det gjenst\u00e5r likevel etterforskingsskritt, og det vil v\u00e6re s\u00e6rlig aktuelt for politiet \u00e5 jobbe videre med opplysninger fra det kommende avh\u00f8ret av siktede.<\/strong><\/p>\n<p><img decoding=\"async\"   src=\"data:image\/gif;base64,R0lGODlhAQABAIAAAAAAAP\/\/\/yH5BAEAAAAALAAAAAABAAEAAAIBRAA7\" loading=\"eager\" alt=\"Bildet viser et minnesmerke med tennte lys og blomster som er plassert p\u00e5 sn\u00f8. R\u00f8de roser og hvite blomster er lagt rundt flere lys med tekst p\u00e5, som st\u00e5r p\u00e5 en sn\u00f8dekt overflate. Omgivelsene er preget av tr\u00e6r og natur, som gir kontekst til minnesmarkeringen. Dette bildet kan v\u00e6re knyttet til en sorgprosess eller en markering av en spesiell hendelse. (Bildebeskrivelsen er laget av en KI-tjeneste)\" title=\"Foto: Bjarte M. Johannesen \/ NRK\"\/><\/p>\n<p>Foto: Bjarte M. Johannesen \/ NRK<\/p>\n<p>Styrket mistanke<\/p>\n<p>Andersen har sittet varetektsfengslet siden han ble p\u00e5grepet. P\u00e5talemakta begj\u00e6rte at varetektsfengslingen ble forlenget med fire nye uker.<\/p>\n<p>Det har Andersen samtykket til og fredag ble fengslingen forlenget.<\/p>\n<p><strong>\u2013 Mistanken er etter v\u00e5rt syn styrket etter forrige fengsling, sier Aftret. <\/strong><\/p>\n<p>\u2013 I tiden etter forrige fengsling er det kommet svar p\u00e5 noen tekniske analyser og gjennomf\u00f8rt flere vitneavh\u00f8r.<\/p>\n<p><img decoding=\"async\"   src=\"data:image\/gif;base64,R0lGODlhAQABAIAAAAAAAP\/\/\/yH5BAEAAAAALAAAAAABAAEAAAIBRAA7\" loading=\"eager\" alt=\"Ole Andreas Aftret, politiadvokat i Tr\u00f8ndelag politidistrikt\" title=\"Foto: Sunniva Skurtveit \/ NRK\"\/><\/p>\n<p class=\"\">Politiadvokat Ole Andreas Aftret forteller fredag at varetektsfengslingen av Andersen er forlenget.<\/p>\n<p>Foto: Sunniva Skurtveit \/ NRK<\/p>\n<p>\u2013 Samlet mener politiet at opplysningene som er innhentet styrker hypotesen om at siktede drepte avd\u00f8de, samtidig som de svekker en hypotese om at andre var involvert.<\/p>\n<p>Andersen sin forsvarer, Fredrik Brodwall, har ikke \u00f8nsket \u00e5 kommentere saken.<\/p>\n<p><strong>\u2013 Fengslingen antas p\u00e5krevd for \u00e5 hindre siktede i \u00e5 beg\u00e5 nye straffbare handlinger, sier Aftret.<\/strong><\/p>\n<p>Han peker p\u00e5 Andersen sin historikk fra tidligere saker og at politiet mener denne saken har likhetstrekk med tidligere saker.<\/p>\n<p>\u2013 Etter v\u00e5rt syn er det fare for nye volds- eller trusselhandlinger dersom han l\u00f8slates, sier Aftret.<\/p>\n<p><img decoding=\"async\"   src=\"data:image\/gif;base64,R0lGODlhAQABAIAAAAAAAP\/\/\/yH5BAEAAAAALAAAAAABAAEAAAIBRAA7\" loading=\"eager\" alt=\"Politiet etterforsker en \u00e5stedsscene i en sn\u00f8dekt gate om natten. To personer i politiuniform unders\u00f8ker bakken, mens en tredje b\u00f8yer seg for \u00e5 samle bevis. Omr\u00e5det er delvis opplyst, med sn\u00f8 og en traktorvei synlig i bakgrunnen. Deler av scenen er avsperret med politib\u00e5nd. (Bildebeskrivelsen er laget av en KI-tjeneste)\" title=\"Foto: Bjarte M. Johannesen \/ NRK\"\/><\/p>\n<p>Foto: Bjarte M. Johannesen \/ NRK<\/p>\n<p>Tidligere d\u00f8mt for drap<\/p>\n<p>Siktede J\u00f8rn Andersen er tidligere d\u00f8mt for drap.<\/p>\n<p><strong>6. november 1999 ble 16 \u00e5r gamle Linn Charlott Nesblom drept. Andersen som da var 28 \u00e5r ble d\u00f8mt til 15 \u00e5r i fengsel for overlagt drap.<\/strong><\/p>\n<p>Selv sa han seg <a href=\"https:\/\/www.nrk.no\/nordland\/-ikke-straffeskyldig-1.91900\" ec-id=\"pp:article:1.91900\" ec-name=\"ikke skyldig i drapet.\" rel=\"nofollow noopener\" target=\"_blank\">ikke skyldig i drapet.<\/a><\/p>\n<p><img decoding=\"async\"   src=\"data:image\/gif;base64,R0lGODlhAQABAIAAAAAAAP\/\/\/yH5BAEAAAAALAAAAAABAAEAAAIBRAA7\" loading=\"eager\" alt=\"Bj\u00f8rnli Gjestheim er opplyst med juledekorasjoner og en lysende &quot;God jul&quot;-neonskilt. Inngangspartiet er prydet med julestjerner og sn\u00f8. Bygningen er dekket av sn\u00f8, og vinduene har gardiner. Omgivelsene er m\u00f8rke, noe som fremhever belysningen. (Bildebeskrivelsen er laget av en KI-tjeneste)\" title=\"Foto: Bjarte M. Johannesen \/ NRK\"\/><\/p>\n<p class=\"\">Marita L\u00f8fshus Haugen ble funnet d\u00f8d utenfor Bj\u00f8rnlihiet pub p\u00e5 L\u00f8kken 13. desember.<\/p>\n<p>Foto: Bjarte M. Johannesen \/ NRK<\/p>\n<p>Da han var ute p\u00e5 pr\u00f8vel\u00f8slatelse, ut\u00f8vde han grov vold mot en annen tidligere kj\u00e6reste.<\/p>\n<p>Derfor ble han i 2011 d\u00f8mt til 4 \u00e5r og seks m\u00e5neder forvaring for grov vold og trusler mot ekskj\u00e6resten.<\/p>\n<p>Publisert<\/p>\n<p>09.01.2026, kl. 14.28<\/p>\n<p>Oppdatert<\/p>\n<p>09.01.2026, kl. 16.39<\/p>\n","protected":false},"excerpt":{"rendered":"Det skriver politiet i en pressemelding fredag. L\u00f8rdag 13. desember ble Marita L\u00f8fshus Haugen (35) funnet d\u00f8d utend\u00f8rs&hellip;\n","protected":false},"author":2,"featured_media":133156,"comment_status":"","ping_status":"","sticky":false,"template":"","format":"standard","meta":{"footnotes":""},"categories":[5],"tags":[20,21,24,25,15,19,22,23,17,18,13,30,28,29,14,16,26,27],"class_list":{"0":"post-133155","1":"post","2":"type-post","3":"status-publish","4":"format-standard","5":"has-post-thumbnail","7":"category-overskrifter","8":"tag-breaking-news","9":"tag-breakingnews","10":"tag-featured-news","11":"tag-featurednews","12":"tag-headlines","13":"tag-hovedoppslag","14":"tag-latest-news","15":"tag-latestnews","16":"tag-main-news","17":"tag-mainnews","18":"tag-news","19":"tag-no","20":"tag-norge","21":"tag-norway","22":"tag-nyheter","23":"tag-overskrifter","24":"tag-top-stories","25":"tag-topstories"},"share_on_mastodon":{"url":"https:\/\/pubeurope.com\/@no\/115865919336725640","error":""},"_links":{"self":[{"href":"https:\/\/www.europesays.com\/no\/wp-json\/wp\/v2\/posts\/133155","targetHints":{"allow":["GET"]}}],"collection":[{"href":"https:\/\/www.europesays.com\/no\/wp-json\/wp\/v2\/posts"}],"about":[{"href":"https:\/\/www.europesays.com\/no\/wp-json\/wp\/v2\/types\/post"}],"author":[{"embeddable":true,"href":"https:\/\/www.europesays.com\/no\/wp-json\/wp\/v2\/users\/2"}],"replies":[{"embeddable":true,"href":"https:\/\/www.europesays.com\/no\/wp-json\/wp\/v2\/comments?post=133155"}],"version-history":[{"count":0,"href":"https:\/\/www.europesays.com\/no\/wp-json\/wp\/v2\/posts\/133155\/revisions"}],"wp:featuredmedia":[{"embeddable":true,"href":"https:\/\/www.europesays.com\/no\/wp-json\/wp\/v2\/media\/133156"}],"wp:attachment":[{"href":"https:\/\/www.europesays.com\/no\/wp-json\/wp\/v2\/media?parent=133155"}],"wp:term":[{"taxonomy":"category","embeddable":true,"href":"https:\/\/www.europesays.com\/no\/wp-json\/wp\/v2\/categories?post=133155"},{"taxonomy":"post_tag","embeddable":true,"href":"https:\/\/www.europesays.com\/no\/wp-json\/wp\/v2\/tags?post=133155"}],"curies":[{"name":"wp","href":"https:\/\/api.w.org\/{rel}","templated":true}]}}