{"id":133163,"date":"2026-01-09T15:59:06","date_gmt":"2026-01-09T15:59:06","guid":{"rendered":"https:\/\/www.europesays.com\/no\/133163\/"},"modified":"2026-01-09T15:59:06","modified_gmt":"2026-01-09T15:59:06","slug":"beslutning-om-trump-toll-fra-usas-hoyesterett-kommer-ikke-i-dag-e24","status":"publish","type":"post","link":"https:\/\/www.europesays.com\/no\/133163\/","title":{"rendered":"Beslutning om Trump-toll fra USAs h\u00f8yesterett kommer ikke i dag \u2013 E24"},"content":{"rendered":"<p class=\"hyperion-css-ffjyk2\">2. april i \u00e5r erkl\u00e6rte Trump USAs vedvarende handelsunderskudd for en nasjonal krise. Deretter innf\u00f8rte han \u00f8kte tollsatser mot n\u00e6r hele verden under den s\u00e5kalte\u00a0IEEPA-lovgivningenIEEPA-lovgivningenInternational Emergency Economic Powers Act\u00a0fra 1977. Trump erkl\u00e6rte ogs\u00e5 nasjonal krise som f\u00f8lge av fentanyl-import og innf\u00f8rte toll med samme lovgivning.<\/p>\n<p class=\"hyperion-css-ffjyk2\">Det er Trumps rett til \u00e5 bruke denne lovgivningen for \u00e5 innf\u00f8re toll som skal vurderes av USAs h\u00f8yesterett onsdag. Tidligere har to lavere rettsinstanser gitt saks\u00f8kerne\u00a0<a data-test-tag=\"internal-link\" href=\"https:\/\/e24.no\/internasjonal-oekonomi\/i\/lwRA49\/amerikansk-domstol-blokkerer-trumps-toll\" class=\"hyperion-css-1rezu2g\" rel=\"nofollow noopener\" target=\"\" aria-label=\"medhold\">medhold<\/a>.<\/p>\n<p class=\"hyperion-css-ffjyk2\">Sjef\u00f8konom Kjersti Haugland <a data-test-tag=\"internal-link\" href=\"https:\/\/e24.no\/internasjonal-oekonomi\/i\/eMl1Ga\/trump-tollene-i-retten-vil-nok-komme-noen-kraftige-tirader\" class=\"hyperion-css-1rezu2g\" rel=\"nofollow noopener\" target=\"\" aria-label=\"omtalte i november\">omtalte i november<\/a> uenigheten slik: <\/p>\n<p class=\"hyperion-css-ffjyk2\">\u00abSaks\u00f8kerne mener at det er Kongressen, ikke presidenten, som skal bestemme niv\u00e5et p\u00e5 og innretningen av skatter og avgifter, og at tollsatser og skatter generelt ikke er nevnt i IEEPA<\/p>\n<p class=\"hyperion-css-ffjyk2\">Trump-administrasjonen mener p\u00e5 sin side at disse tollsatsene ikke handler om budsjett, men om utenrikspolitikk, et felt der presidenten har mye makt.\u00bb<\/p>\n","protected":false},"excerpt":{"rendered":"2. april i \u00e5r erkl\u00e6rte Trump USAs vedvarende handelsunderskudd for en nasjonal krise. Deretter innf\u00f8rte han \u00f8kte tollsatser&hellip;\n","protected":false},"author":2,"featured_media":133164,"comment_status":"","ping_status":"","sticky":false,"template":"","format":"standard","meta":{"footnotes":""},"categories":[12],"tags":[20,21,24,25,15,22,23,13,30,28,29,14,16,26,27,42,43,44,45],"class_list":{"0":"post-133163","1":"post","2":"type-post","3":"status-publish","4":"format-standard","5":"has-post-thumbnail","7":"category-verden","8":"tag-breaking-news","9":"tag-breakingnews","10":"tag-featured-news","11":"tag-featurednews","12":"tag-headlines","13":"tag-latest-news","14":"tag-latestnews","15":"tag-news","16":"tag-no","17":"tag-norge","18":"tag-norway","19":"tag-nyheter","20":"tag-overskrifter","21":"tag-top-stories","22":"tag-topstories","23":"tag-verden","24":"tag-world","25":"tag-world-news","26":"tag-worldnews"},"share_on_mastodon":{"url":"https:\/\/pubeurope.com\/@no\/115865974401232832","error":""},"_links":{"self":[{"href":"https:\/\/www.europesays.com\/no\/wp-json\/wp\/v2\/posts\/133163","targetHints":{"allow":["GET"]}}],"collection":[{"href":"https:\/\/www.europesays.com\/no\/wp-json\/wp\/v2\/posts"}],"about":[{"href":"https:\/\/www.europesays.com\/no\/wp-json\/wp\/v2\/types\/post"}],"author":[{"embeddable":true,"href":"https:\/\/www.europesays.com\/no\/wp-json\/wp\/v2\/users\/2"}],"replies":[{"embeddable":true,"href":"https:\/\/www.europesays.com\/no\/wp-json\/wp\/v2\/comments?post=133163"}],"version-history":[{"count":0,"href":"https:\/\/www.europesays.com\/no\/wp-json\/wp\/v2\/posts\/133163\/revisions"}],"wp:featuredmedia":[{"embeddable":true,"href":"https:\/\/www.europesays.com\/no\/wp-json\/wp\/v2\/media\/133164"}],"wp:attachment":[{"href":"https:\/\/www.europesays.com\/no\/wp-json\/wp\/v2\/media?parent=133163"}],"wp:term":[{"taxonomy":"category","embeddable":true,"href":"https:\/\/www.europesays.com\/no\/wp-json\/wp\/v2\/categories?post=133163"},{"taxonomy":"post_tag","embeddable":true,"href":"https:\/\/www.europesays.com\/no\/wp-json\/wp\/v2\/tags?post=133163"}],"curies":[{"name":"wp","href":"https:\/\/api.w.org\/{rel}","templated":true}]}}