{"id":133165,"date":"2026-01-09T16:11:07","date_gmt":"2026-01-09T16:11:07","guid":{"rendered":"https:\/\/www.europesays.com\/no\/133165\/"},"modified":"2026-01-09T16:11:07","modified_gmt":"2026-01-09T16:11:07","slug":"oljetanker-donald-trump-usa-har-tatt-kontroll-over-nok-en-sanksjonert-oljetanker-i-det-karibiske-hav","status":"publish","type":"post","link":"https:\/\/www.europesays.com\/no\/133165\/","title":{"rendered":"Oljetanker, Donald Trump | USA har tatt kontroll over nok en sanksjonert oljetanker i Det karibiske hav"},"content":{"rendered":"\n<p>Bordingen skjedde uten problemer, if\u00f8lge den amerikanske s\u00f8rkommandoen Southcom. De har lagt ut bilder fra bordingen i en melding p\u00e5 X.<\/p>\n<p>Marineinfanterister og mannskap fra marinen, blant annet hangarskipet Gerald R. Ford, var blant dem som deltok i aksjonen, som skjedde f\u00f8r daggry fredag.<\/p>\n<p>Olina seiler if\u00f8lge den offentlig tilgjengelige shippingdatabasen Equasis under et falskt Timor-Leste-flagg. Det hadde tidligere seilt fra Venezuela og var p\u00e5 vei tilbake til regionen, if\u00f8lge en kilde i shippingmilj\u00f8et.<\/p>\n<p><b>Les ogs\u00e5: <a class=\"simple-relation related-teaser article--c-eRUmMG article--c-eRUmMG-fZoQSp-design-nettavisen article--c-eRUmMG-gwthdJ-cv\" href=\"https:\/\/www.nettavisen.no\/norge-var-orientert-om-bording-av-russisk-skip\/s\/5-95-2814330\" rel=\"nofollow noopener\" target=\"_blank\">Norge var orientert om bording av russisk skip<\/a><\/b><\/p>\n<p>USA har fire ganger f\u00f8r Olina beslaglagt oljetankere i et fors\u00f8k p\u00e5 \u00e5 kontrollere eksporten av olje fra Venezuela.<\/p>\n<p>Tre av dem har v\u00e6rt i Karibia, den fjerde ble beslaglagt s\u00f8r for Island etter en langvarig jakt.<\/p>\n<p>Onsdag ble ogs\u00e5 oljetankeren Marinera bordet av amerikanske soldater i internasjonalt farvann ved Island. Det skjedde etter at skipet slapp unna USAs f\u00f8rste fors\u00f8k p\u00e5 \u00e5 borde det utenfor Venezuela i Det karibiske hav for et par uker siden.<\/p>\n<p><b>Les ogs\u00e5: <a class=\"simple-relation related-teaser article--c-eRUmMG article--c-eRUmMG-fZoQSp-design-nettavisen article--c-eRUmMG-gwthdJ-cv\" href=\"https:\/\/www.nettavisen.no\/verdenskjent-okonom-med-advarsel-til-nordmenn-med-penger-i-fond\/s\/5-95-2814235\" rel=\"nofollow noopener\" target=\"_blank\">Verdenskjent \u00f8konom med advarsel til nordmenn med penger i fond<\/a><\/b><\/p>\n","protected":false},"excerpt":{"rendered":"Bordingen skjedde uten problemer, if\u00f8lge den amerikanske s\u00f8rkommandoen Southcom. De har lagt ut bilder fra bordingen i en&hellip;\n","protected":false},"author":2,"featured_media":3844,"comment_status":"","ping_status":"","sticky":false,"template":"","format":"standard","meta":{"footnotes":""},"categories":[12],"tags":[20,21,24,25,15,22,23,13,30,28,29,14,16,26,27,42,43,44,45],"class_list":{"0":"post-133165","1":"post","2":"type-post","3":"status-publish","4":"format-standard","5":"has-post-thumbnail","7":"category-verden","8":"tag-breaking-news","9":"tag-breakingnews","10":"tag-featured-news","11":"tag-featurednews","12":"tag-headlines","13":"tag-latest-news","14":"tag-latestnews","15":"tag-news","16":"tag-no","17":"tag-norge","18":"tag-norway","19":"tag-nyheter","20":"tag-overskrifter","21":"tag-top-stories","22":"tag-topstories","23":"tag-verden","24":"tag-world","25":"tag-world-news","26":"tag-worldnews"},"share_on_mastodon":{"url":"https:\/\/pubeurope.com\/@no\/115866021571550222","error":""},"_links":{"self":[{"href":"https:\/\/www.europesays.com\/no\/wp-json\/wp\/v2\/posts\/133165","targetHints":{"allow":["GET"]}}],"collection":[{"href":"https:\/\/www.europesays.com\/no\/wp-json\/wp\/v2\/posts"}],"about":[{"href":"https:\/\/www.europesays.com\/no\/wp-json\/wp\/v2\/types\/post"}],"author":[{"embeddable":true,"href":"https:\/\/www.europesays.com\/no\/wp-json\/wp\/v2\/users\/2"}],"replies":[{"embeddable":true,"href":"https:\/\/www.europesays.com\/no\/wp-json\/wp\/v2\/comments?post=133165"}],"version-history":[{"count":0,"href":"https:\/\/www.europesays.com\/no\/wp-json\/wp\/v2\/posts\/133165\/revisions"}],"wp:featuredmedia":[{"embeddable":true,"href":"https:\/\/www.europesays.com\/no\/wp-json\/wp\/v2\/media\/3844"}],"wp:attachment":[{"href":"https:\/\/www.europesays.com\/no\/wp-json\/wp\/v2\/media?parent=133165"}],"wp:term":[{"taxonomy":"category","embeddable":true,"href":"https:\/\/www.europesays.com\/no\/wp-json\/wp\/v2\/categories?post=133165"},{"taxonomy":"post_tag","embeddable":true,"href":"https:\/\/www.europesays.com\/no\/wp-json\/wp\/v2\/tags?post=133165"}],"curies":[{"name":"wp","href":"https:\/\/api.w.org\/{rel}","templated":true}]}}