{"id":133177,"date":"2026-01-09T16:27:08","date_gmt":"2026-01-09T16:27:08","guid":{"rendered":"https:\/\/www.europesays.com\/no\/133177\/"},"modified":"2026-01-09T16:27:08","modified_gmt":"2026-01-09T16:27:08","slug":"donald-trump-postet-upubliserte-jobbtall-pa-sosiale-medier-e24","status":"publish","type":"post","link":"https:\/\/www.europesays.com\/no\/133177\/","title":{"rendered":"Donald Trump postet upubliserte jobbtall p\u00e5 sosiale medier \u2013 E24"},"content":{"rendered":"<p class=\"fullWidthDesktop hyperion-css-71ztg2\" data-test-tag=\"lead-text\">Investeringsdirekt\u00f8r kaller det \u00aben skandale\u00bb. <\/p>\n<p><img decoding=\"async\" class=\"image-asset hyperion-css-u06ts1\" data-test-tag=\"image-asset\" src=\"https:\/\/www.europesays.com\/no\/wp-content\/uploads\/2026\/01\/1e279875-353e-4e4d-b099-c156bcba9687.jpeg\"  alt=\"USAs president Donald Trump.\"  loading=\"eager\" fetchpriority=\"high\" style=\"aspect-ratio:1900 \/ 1364\"\/>USAs president Donald Trump. Foto: APPublisert: Publisert: <\/p>\n<p>For mindre enn 10 minutter siden<\/p>\n<ul class=\"hyperion-css-pte5x0\">\n<li aria-label=\"link\" class=\"narrow-button hyperion-css-1sz7d3n\">Kopier lenke<\/li>\n<li aria-label=\"link\" class=\"wide-button hyperion-css-1sz7d3n\">Kopier lenke<\/li>\n<li aria-label=\"facebook\" class=\"narrow-button hyperion-css-1sz7d3n\">Del p\u00e5 Facebook<\/li>\n<li aria-label=\"facebook\" class=\"wide-button hyperion-css-1sz7d3n\">Del p\u00e5 Facebook<\/li>\n<li aria-label=\"email\" class=\"narrow-button hyperion-css-1sz7d3n\">Del med e-post<\/li>\n<li aria-label=\"email\" class=\"wide-button hyperion-css-1sz7d3n\">Del med e-post<\/li>\n<\/ul>\n<p class=\"hyperion-css-1lemvax\">12 timer f\u00f8r jobbrapporten \u00abnon-farm payrolls\u00bb <a data-test-tag=\"internal-link\" href=\"https:\/\/e24.no\/internasjonal-oekonomi\/i\/XM8gXg\/50-000-nye-jobber-skapt-utenfor-landbruket-i-usa-i-desember\" class=\"hyperion-css-1rezu2g\" rel=\"nofollow noopener\" target=\"\" aria-label=\"ble publisert\">ble publisert<\/a> la USAs president Donald Trump ut deler av tallmaterialet p\u00e5 Truth Social. <\/p>\n<p class=\"hyperion-css-1lemvax\">Verdens finansmarkeder leser rapporten med lupe for \u00e5 forst\u00e5 det amerikanske arbeidsmarkedet, og den er viktig for rentebeslutningene til USAs sentralbank. <\/p>\n<p class=\"hyperion-css-1lemvax\">Tallene Trump publiserte viste hvor mange jobber som samlet hadde blitt skapt i privat sektor i 2025. Totalt var det 654.000. Det stemmer overens med hva som kom frem i dagens m\u00e5nedsrapport for desember, skriver Bloomberg. <\/p>\n<p class=\"hyperion-css-1lemvax\">Han la imidlertid ikke ut det som gjerne omtales som \u00abm\u00e5nedens viktigste\u00bb tall \u2013 antall jobber skapt utenfor landbruket. <\/p>\n<p class=\"hyperion-css-1lemvax\">Nyhetsbyr\u00e5et har fors\u00f8kt \u00e5 komme i kontakt med Det hvite hus, uten \u00e5 f\u00e5 svar. Presidenten blir vanligvis blir informert om tallene dagen f\u00f8r publisering, opplyses det. <\/p>\n<p><a data-test-tag=\"teaser-small:link-internal\" href=\"https:\/\/e24.no\/boers-og-finans\/i\/m0BRlp\/ukens-investtech-kjoep-disse-fem-aksjene\" class=\"imagePosition-top inline hyperion-css-6238vu\" rel=\"nofollow noopener\" target=\"\" aria-label=\"Ukens Investtech: Kj\u00f8p disse fem aksjene\"><\/p>\n<p>Les p\u00e5 E24+<\/p>\n<p>Ukens Investtech: Kj\u00f8p disse fem aksjene<\/p>\n<p><\/a>\u2013 En skandale<\/p>\n<p class=\"hyperion-css-1lemvax\">Investeringsdirekt\u00f8r i Nordea, Robert N\u00e6ss, reagerer p\u00e5 fremgangsm\u00e5ten. <\/p>\n<p class=\"hyperion-css-1lemvax\">\u2013 I utgangspunktet er dette en skandale. Det er markedsrelevant informasjon som kan p\u00e5virke b\u00e5de aksje- og rentemarkedene, sier han. <\/p>\n<p class=\"hyperion-css-1lemvax\">Selv om Trump ikke publiserte selve m\u00e5nedstallet, mener N\u00e6ss at markedet enkelt kunne trekke egne slutninger. <\/p>\n<p class=\"hyperion-css-1lemvax\">\u2013 Dette var et akkumulert tall. Markedsakt\u00f8rer er fullt i stand til \u00e5 regne seg frem til implikasjonene, sier han.<\/p>\n<p><img decoding=\"async\" class=\"image-asset hyperion-css-n6kkq1\" data-test-tag=\"image-asset\" src=\"https:\/\/www.europesays.com\/no\/wp-content\/uploads\/2026\/01\/80cd6c47-efb4-4a13-8439-9e90a7c4db47.jpeg\"  alt=\"\"  fetchpriority=\"auto\" style=\"aspect-ratio:1900 \/ 1267\"\/>Robert N\u00e6ss<\/p>\n<p class=\"hyperion-css-1lemvax\">Investeringsdirekt\u00f8r i Nordea Markets<\/p>\n<p class=\"hyperion-css-1lemvax\">At Wall Street var stengt da innlegget ble publisert, endrer lite, mener N\u00e6ss. <\/p>\n<p class=\"hyperion-css-1lemvax\">\u2013 Futures handles hele d\u00f8gnet, og vi s\u00e5 ogs\u00e5 betydelige markedsbevegelser da jobbtallene kom. Det er helt normalt ved slike publiseringer. <\/p>\n<p class=\"hyperion-css-1lemvax\">N\u00e6ss peker ogs\u00e5 p\u00e5 at dette ikke er f\u00f8rste gang Trump har antydet \u00f8konomiske n\u00f8kkeltall i forkant. <\/p>\n<p class=\"hyperion-css-1lemvax\">\u2013 N\u00e5r slike hint gis p\u00e5 Truth Social, bidrar det samtidig til \u00e5 gj\u00f8re en privat plattform til en kanal markedet f\u00f8ler seg n\u00f8dt til \u00e5 f\u00f8lge. Det er problematisk, sier han.<\/p>\n<p class=\"hyperion-css-1lemvax\">N\u00e5r det gjelder mulige konsekvenser, er N\u00e6ss pessimistisk.<\/p>\n<p class=\"hyperion-css-1lemvax\">\u2013 Hadde dette skjedd i Norge, kunne det v\u00e6rt sv\u00e6rt alvorlig. I USA tror jeg det blir noen reaksjoner fra demokratisk hold, f\u00f8r det blir stille. <\/p>\n<p>\u2013 Andre regler som gjelder<\/p>\n<p class=\"hyperion-css-1lemvax\">Sjef\u00f8konom i Handelsbanken, Marius Gonsholt Hov, peker p\u00e5 at tallene Trump publiserer viser jobbveksten siden januar, og dermed inkluderer desember-tallene som ble sluppet i dag. <\/p>\n<p class=\"hyperion-css-1lemvax\">\u2013 Det var ikke helt tydelig i figuren at desember var inkludert. Det er nok noe markedet har funnet ut i etterkant, og som forklarer hvorfor Bloomberg f\u00f8rst skrev om saken n\u00e5, sier han. <\/p>\n<p class=\"hyperion-css-1lemvax\">Hov understreker at det er problematisk dersom markedsrelevant informasjon deles i forkant av offisiell publisering. <\/p>\n<p class=\"hyperion-css-1lemvax\">\u2013 Samtidig er Trump Trump. Da er det jo andre regler som gjelder. <\/p>\n","protected":false},"excerpt":{"rendered":"Investeringsdirekt\u00f8r kaller det \u00aben skandale\u00bb. USAs president Donald Trump. Foto: APPublisert: Publisert: For mindre enn 10 minutter siden&hellip;\n","protected":false},"author":2,"featured_media":133178,"comment_status":"","ping_status":"","sticky":false,"template":"","format":"standard","meta":{"footnotes":""},"categories":[5],"tags":[20,21,24,25,15,19,22,23,17,18,13,30,28,29,14,16,26,27],"class_list":{"0":"post-133177","1":"post","2":"type-post","3":"status-publish","4":"format-standard","5":"has-post-thumbnail","7":"category-overskrifter","8":"tag-breaking-news","9":"tag-breakingnews","10":"tag-featured-news","11":"tag-featurednews","12":"tag-headlines","13":"tag-hovedoppslag","14":"tag-latest-news","15":"tag-latestnews","16":"tag-main-news","17":"tag-mainnews","18":"tag-news","19":"tag-no","20":"tag-norge","21":"tag-norway","22":"tag-nyheter","23":"tag-overskrifter","24":"tag-top-stories","25":"tag-topstories"},"share_on_mastodon":{"url":"https:\/\/pubeurope.com\/@no\/115866084486771320","error":""},"_links":{"self":[{"href":"https:\/\/www.europesays.com\/no\/wp-json\/wp\/v2\/posts\/133177","targetHints":{"allow":["GET"]}}],"collection":[{"href":"https:\/\/www.europesays.com\/no\/wp-json\/wp\/v2\/posts"}],"about":[{"href":"https:\/\/www.europesays.com\/no\/wp-json\/wp\/v2\/types\/post"}],"author":[{"embeddable":true,"href":"https:\/\/www.europesays.com\/no\/wp-json\/wp\/v2\/users\/2"}],"replies":[{"embeddable":true,"href":"https:\/\/www.europesays.com\/no\/wp-json\/wp\/v2\/comments?post=133177"}],"version-history":[{"count":0,"href":"https:\/\/www.europesays.com\/no\/wp-json\/wp\/v2\/posts\/133177\/revisions"}],"wp:featuredmedia":[{"embeddable":true,"href":"https:\/\/www.europesays.com\/no\/wp-json\/wp\/v2\/media\/133178"}],"wp:attachment":[{"href":"https:\/\/www.europesays.com\/no\/wp-json\/wp\/v2\/media?parent=133177"}],"wp:term":[{"taxonomy":"category","embeddable":true,"href":"https:\/\/www.europesays.com\/no\/wp-json\/wp\/v2\/categories?post=133177"},{"taxonomy":"post_tag","embeddable":true,"href":"https:\/\/www.europesays.com\/no\/wp-json\/wp\/v2\/tags?post=133177"}],"curies":[{"name":"wp","href":"https:\/\/api.w.org\/{rel}","templated":true}]}}