{"id":133184,"date":"2026-01-09T16:34:13","date_gmt":"2026-01-09T16:34:13","guid":{"rendered":"https:\/\/www.europesays.com\/no\/133184\/"},"modified":"2026-01-09T16:34:13","modified_gmt":"2026-01-09T16:34:13","slug":"nei-vi-sloser-ikke-med-strommen","status":"publish","type":"post","link":"https:\/\/www.europesays.com\/no\/133184\/","title":{"rendered":"Nei, vi sl\u00f8ser ikke med str\u00f8mmen"},"content":{"rendered":"<p>        Saken oppsummert<\/p>\n<ul lang=\"nb-NO\">\n<li>Norgespris gir fast str\u00f8mpris p\u00e5 40 \u00f8re pluss moms per kilowattime.<\/li>\n<li>Str\u00f8mforbruket gikk ned i desember 2025 i Elvias nettom\u00e5rde sammenlignet med desember 2024.<\/li>\n<li>481.000 kunder med Norgespris-avtale brukte 3,05 prosent mindre str\u00f8m enn \u00e5ret f\u00f8r.<\/li>\n<li>Elvia ser ingen tegn til \u00f8kt sl\u00f8sing med str\u00f8m til tross for stabil pris.<\/li>\n<\/ul>\n<p class=\"italic ai-disclaimer\" data-lab-italic=\"italic\">Oppsummeringen er laget med kunstig intelligens (KI) fra OpenAI. Innholdet er kvalitetssikret av TV 2s journalister. <a target=\"_blank\" href=\"https:\/\/hjelp.tv2.no\/info\/artikkel\/slik-jobber-vi-med-ki-i-tv-2\" title=\"Les om hvordan vi jobber med KI\" rel=\"nofollow noopener\">Les om hvordan vi jobber med KI<\/a><\/p>\n<p>I h\u00f8st ble det mulig \u00e5 velge s\u00e5kalt \u00abNorgespris\u00bb p\u00e5 str\u00f8m. Det inneb\u00e6rer at man betaler 40 \u00f8re pluss moms for hver kilowattime, uansett hvordan prisene varierer gjennom d\u00f8gnet.\u00a0<\/p>\n<p>For de fleste betyr det billigere str\u00f8m, s\u00e6rlig i vinterhalv\u00e5ret.\u00a0<\/p>\n<p>Forbruket gikk ned<\/p>\n<p>Det gj\u00f8r blant annet at det ikke lenger er like \u00e5penbare \u00e5rsaker til \u00e5 lade elbilen om natten istedenfor om dagen, n\u00e5r belastningen i nettet er st\u00f8rst.\u00a0<\/p>\n<p>Kritikerne mente da ogs\u00e5 at med f\u00e6rre insentiver for \u00e5 spare str\u00f8m, ville forbruket g\u00e5 kraftig opp. N\u00e5 viser imidlertid nye tall fra Elvia at str\u00f8mforbruket gikk ned i desember i forhold til samme m\u00e5ned i 2024, til tross for at det var f\u00f8r Norgespris ble innf\u00f8rt.\u00a0<\/p>\n<p>    <a class=\"article__link\" data-ga-active-label=\"\" data-ga-active-label-animation=\"\" href=\"https:\/\/www.tv2.no\/broom\/kun-en-bil-igjen\/18440270\/\" rel=\"nofollow noopener\" target=\"_blank\"><\/p>\n<p>    <img class=\"image__img lazyload\" itemprop=\"image\" title=\"\" alt=\"\" width=\"489\" height=\"206\" bad-src=\"https:\/\/www.europesays.com\/no\/wp-content\/uploads\/2026\/01\/18440521.webp.jpeg\" fetchpriority=\"auto\" \/><\/p>\n<p>    <\/a><\/p>\n<p>Blant de 481.000 kundene i Elvias nettomr\u00e5de som har valgt Norgespris, var nedgangen p\u00e5 3,05 prosent i desember 2025 i forholdt til desember 2024.<\/p>\n<p>For kundene som ikke har Norgespris, er nedgangen noe st\u00f8rre, n\u00e6rmere bestemt 5,7 prosent i samme periode.\u00a0<\/p>\n<p><a href=\"https:\/\/www.tv2.no\/broom\/hvis-strommen-blir-borte-da-far-disse-et-problem\/18341554\/\" rel=\"nofollow noopener\" target=\"_blank\">Str\u00f8mbrudd? Da f\u00e5r disse bilene et problem<\/a><\/p>\n<p>\u00d8kning i antall kunder med Norgespris<\/p>\n<p> \u2013 V\u00e5re ferske tall viser at folk flest fortsatt bruker str\u00f8m med m\u00e5te, b\u00e5de de\u00a0med\u00a0og\u00a0og de\u00a0uten Norgespris. Det mest interessante n\u00e5 er at stadig flere velger ordningen, noe som kan henge sammen med at det blir kaldere og\u00a0at\u00a0prisene\u00a0i \u00f8yeblikket\u00a0er forholdsvis h\u00f8ye, sier Vibeke Ranum, direkt\u00f8r for Kundedivisjonen i Elvia. <\/p>\n<p>    <a class=\"article__link\" data-ga-active-label=\"\" data-ga-active-label-animation=\"\" href=\"https:\/\/www.tv2.no\/broom\/far-gratis-strom-i-ett-ar\/18219189\/\" rel=\"nofollow noopener\" target=\"_blank\"><\/p>\n<p>    <img class=\"image__img lazyload\" itemprop=\"image\" title=\"\" alt=\"\" width=\"489\" height=\"206\" bad-src=\"https:\/\/www.europesays.com\/no\/wp-content\/uploads\/2026\/01\/14039315.webp.jpeg\" fetchpriority=\"auto\" \/><\/p>\n<p>            F\u00e5r gratis str\u00f8m i ett \u00e5r<\/p>\n<p>    <\/a><\/p>\n<p>Det h\u00f8rer for \u00f8vrig med til historien at desember 2025 var til dels mye mildere enn samme m\u00e5ned i 2024 over store deler av landet.\u00a0<\/p>\n<p> \u2013 Vi ser fortsatt ingen tegn til sl\u00f8sing med str\u00f8m selv om prisen er mer stabil for dem med Norgespris. Den billigste str\u00f8mmen er\u00a0fortsatt\u00a0den du ikke bruker, avslutter Ranum. <\/p>\n<p><a href=\"https:\/\/www.tv2.no\/broom\/disse-bilene-far-mest-trobbel-na\/18435512\/\" rel=\"nofollow noopener\" target=\"_blank\">Disse bilene f\u00e5r mest tr\u00f8bbel n\u00e5<\/a><\/p>\n<p>    <a class=\"article__link\" data-ga-active-label=\"\" data-ga-active-label-animation=\"\" href=\"https:\/\/www.tv2.no\/broom\/dyreste-pa-to-ar\/18432920\/\" rel=\"nofollow noopener\" target=\"_blank\"><\/p>\n<p>    <img class=\"image__img lazyload\" itemprop=\"image\" title=\"\" alt=\"\" width=\"587\" height=\"247\" bad-src=\"https:\/\/www.europesays.com\/no\/wp-content\/uploads\/2026\/01\/1767976453_637_18433023.webp.jpeg\" fetchpriority=\"auto\" \/><\/p>\n<p>    <\/a><\/p>\n","protected":false},"excerpt":{"rendered":"Saken oppsummert Norgespris gir fast str\u00f8mpris p\u00e5 40 \u00f8re pluss moms per kilowattime. Str\u00f8mforbruket gikk ned i desember&hellip;\n","protected":false},"author":2,"featured_media":133185,"comment_status":"","ping_status":"","sticky":false,"template":"","format":"standard","meta":{"footnotes":""},"categories":[5],"tags":[20,21,24,25,15,19,22,23,17,18,13,30,28,29,14,16,26,27],"class_list":{"0":"post-133184","1":"post","2":"type-post","3":"status-publish","4":"format-standard","5":"has-post-thumbnail","7":"category-overskrifter","8":"tag-breaking-news","9":"tag-breakingnews","10":"tag-featured-news","11":"tag-featurednews","12":"tag-headlines","13":"tag-hovedoppslag","14":"tag-latest-news","15":"tag-latestnews","16":"tag-main-news","17":"tag-mainnews","18":"tag-news","19":"tag-no","20":"tag-norge","21":"tag-norway","22":"tag-nyheter","23":"tag-overskrifter","24":"tag-top-stories","25":"tag-topstories"},"share_on_mastodon":{"url":"https:\/\/pubeurope.com\/@no\/115866112008927321","error":""},"_links":{"self":[{"href":"https:\/\/www.europesays.com\/no\/wp-json\/wp\/v2\/posts\/133184","targetHints":{"allow":["GET"]}}],"collection":[{"href":"https:\/\/www.europesays.com\/no\/wp-json\/wp\/v2\/posts"}],"about":[{"href":"https:\/\/www.europesays.com\/no\/wp-json\/wp\/v2\/types\/post"}],"author":[{"embeddable":true,"href":"https:\/\/www.europesays.com\/no\/wp-json\/wp\/v2\/users\/2"}],"replies":[{"embeddable":true,"href":"https:\/\/www.europesays.com\/no\/wp-json\/wp\/v2\/comments?post=133184"}],"version-history":[{"count":0,"href":"https:\/\/www.europesays.com\/no\/wp-json\/wp\/v2\/posts\/133184\/revisions"}],"wp:featuredmedia":[{"embeddable":true,"href":"https:\/\/www.europesays.com\/no\/wp-json\/wp\/v2\/media\/133185"}],"wp:attachment":[{"href":"https:\/\/www.europesays.com\/no\/wp-json\/wp\/v2\/media?parent=133184"}],"wp:term":[{"taxonomy":"category","embeddable":true,"href":"https:\/\/www.europesays.com\/no\/wp-json\/wp\/v2\/categories?post=133184"},{"taxonomy":"post_tag","embeddable":true,"href":"https:\/\/www.europesays.com\/no\/wp-json\/wp\/v2\/tags?post=133184"}],"curies":[{"name":"wp","href":"https:\/\/api.w.org\/{rel}","templated":true}]}}