{"id":133188,"date":"2026-01-09T16:40:06","date_gmt":"2026-01-09T16:40:06","guid":{"rendered":"https:\/\/www.europesays.com\/no\/133188\/"},"modified":"2026-01-09T16:40:06","modified_gmt":"2026-01-09T16:40:06","slug":"opnar-for-at-tvang-kan-bli-naudsynt-nrk-vestland","status":"publish","type":"post","link":"https:\/\/www.europesays.com\/no\/133188\/","title":{"rendered":"Opnar for at tvang kan bli naudsynt \u2013 NRK Vestland"},"content":{"rendered":"<p>Saka oppsummert:<\/p>\n<p>\u2013 H\u00f8gre foresl\u00e5r ei ny kommunereform som skal redusere talet p\u00e5 kommunar kraftig, om naudsynt ved bruk av tvang.<br \/>\u2013 M\u00e5let er \u00e5 skape st\u00f8rre kommunar med sterke fagmilj\u00f8 innan helse, skole og omsorg.<br \/>\u2013 Arbeidsgruppa til H\u00f8gre foresl\u00e5r \u00e5 gi kommunane meir \u00f8konomisk sj\u00f8lvr\u00e5derett som eit insentiv for samansl\u00e5ing.<br \/>\u2013 H\u00f8gre \u00f8nskjer ogs\u00e5 \u00e5 avvikle fylkeskommunen og fordele oppg\u00e5vene deira mellom staten og storkommunane.<br \/>\u2013 Kommunekommisjonen si ferske rapport viser at mange kommunar slit med \u00e5 l\u00f8yse alle oppg\u00e5vene sine.<\/p>\n<p>Oppsummeringa er laga av ei KI-teneste fr\u00e5 OpenAI. Innhaldet er kvalitetssikra av NRK sine journalistar f\u00f8r publisering.<\/p>\n<p>Ikkje f\u00f8r det hadde blitt stille etter regionreforma, tar H\u00f8gre til orde for ei ny kommunereform. <\/p>\n<p><strong>\u2013 Vi m\u00e5 vere modigare. Alle veit at f\u00e6rre kommunar er vegen \u00e5 g\u00e5, men politikarane m\u00e5 v\u00e5ge \u00e5 seie det h\u00f8gt, seier Nikolai Astrup (H).<\/strong><\/p>\n<p>Det siste halv\u00e5ret har han leidd arbeidet med \u00e5 forme ut ny politikk til H\u00f8gre sitt landsm\u00f8te i februar. Desse sit i arbeidsgruppa. <\/p>\n<p>Kjernebodskapen i den nye resolusjonen er at Noreg har for mange sm\u00e5 kommunar og at det \u00abtrengst kraftfulle incentiv\u00bb for \u00e5 teikne noregskartet p\u00e5 nytt.<\/p>\n<p>Resepten vil f\u00e5 det til \u00e5 skjelve i mange ordf\u00f8rarkontor: <\/p>\n<p><strong>Talet p\u00e5 kommunar m\u00e5 kraftig ned \u2013 om naudsynt med tvang (sj\u00f8lv om Astrup unng\u00e5r \u00e5 bruke t-ordet):<\/strong><\/p>\n<p>\u2013 Hovudlinja er frivilligheit, men vi erkjenner at det m\u00e5 kraftige incentiv p\u00e5 plass for \u00e5 f\u00e5 resultat. <\/p>\n<p>Sj\u00e5 heile resonnementet om \u00abt-ordet\u00bb under.<\/p>\n<p>Astrup: \u2013 Hovudlinja er frivilligheit<\/p>\n<p>\u2013 Vil de i verste fall sl\u00e5 saman med kommunar med tvang?<\/p>\n<p>\u2013 Mange av samansl\u00e5ingane vil komme heilt naturleg, det ser vi allereie no. Mange ansvarlege lokalpolitikarar er i gang med n\u00f8dvendige samtalar med nabokommunane.<\/p>\n<p>\u2013 Arbeidsgruppa \u00f8nsker ein kommisjon som skal foresl\u00e5 korleis ein ny kommunestruktur med langt f\u00e6rre kommunar kan etablerast. Det skal skje p\u00e5 ein m\u00e5te som gjer at prosessane som allereie er i gang f\u00e5r fortsette.<\/p>\n<p>\u2013 Kommisjonen skal foresl\u00e5 kraftfulle incentiv som premierer dei som vel \u00e5 sl\u00e5 seg saman. Hovudlinja er derfor frivilligheit, men vi erkjenner at det m\u00e5 kraftige incentiv p\u00e5 plass for \u00e5 f\u00e5 resultat.<\/p>\n<p>\u2013 Det viktigaste for oss er at kommunane er i stand til \u00e5 gi innbyggarane dei tenestene dei fortener, ventar og har krav p\u00e5. Det handlar om \u00e5 sette folks velferd framfor kommunegrenser.<\/p>\n<p><img decoding=\"async\"   src=\"data:image\/gif;base64,R0lGODlhAQABAIAAAAAAAP\/\/\/yH5BAEAAAAALAAAAAABAAEAAAIBRAA7\" loading=\"eager\" alt=\"H\u00f8yre holder pressekonferanse om energiplan\" title=\"Foto: NTB\"\/><\/p>\n<p class=\"\">\u2013 D\u00e5 vi sat i regjering sist, blei det sl\u00e5tt saman ein del kommunar. Den gongen var ikkje krisa like akutt som no. No er behovet enda st\u00f8rre, og folk ser at vi ikkje kan halde fram med det same, seier Astrup.\n<\/p>\n<p>Foto: NTB<\/p>\n<p>\u2013 Krisa er akutt<\/p>\n<p>Det er 357 kommunar i Noreg i dag. I tillegg til \u00e5 vere tenesteleverand\u00f8rar, er dei demokratiske arenaer og identitetsmark\u00f8rar.<\/p>\n<p>Venteleg vil reaksjonane p\u00e5 det nye H\u00f8gre-forslaget vere krasse. <\/p>\n<p>Astrup seier m\u00e5let er \u00e5 skape kommunar med nok innbyggarar til \u00e5 bere tunge fagmilj\u00f8 innan helse, skole og omsorg. <\/p>\n<p>\u2013 Det seier seg sj\u00f8lv at ein kommune med under 1.000 innbyggarar ikkje kan ha den same kompetansen som ein p\u00e5 15.000, seier Astrup.<\/p>\n<p><strong>\u2013 Det er heilt sj\u00f8lvsagt, og det m\u00e5 vi vere modige nok \u00e5 seie. H\u00f8gre inkludert. <\/strong><\/p>\n<p>Den nye resolusjonen er ogs\u00e5 omtalt i <a href=\"https:\/\/www.vg.no\/nyheter\/i\/JOJo6R\/nye-hoeyre-vil-kutte-antall-kommuner-og-gjoere-sykeloennsgrep\" ec-id=\"https:\/\/www.vg.no\/nyheter\/i\/JOJo6R\/nye-hoeyre-vil-kutte-antall-kommuner-og-gjoere-sykeloennsgrep\" ec-name=\"VG\" rel=\"nofollow noopener\" target=\"_blank\">VG <\/a>og <a href=\"https:\/\/www.nettavisen.no\/nyheter\/interne-dokumenter-avslorer-slik-blir-det-nye-hoyre\/s\/5-95-2815591?utm_source=sdrn%3Avg%3Aarticle%3AJOJo6R\" ec-id=\"https:\/\/www.nettavisen.no\/nyheter\/interne-dokumenter-avslorer-slik-blir-det-nye-hoyre\/s\/5-95-2815591\" ec-name=\"Nettavisen\" rel=\"nofollow noopener\" target=\"_blank\">Nettavisen<\/a>. <\/p>\n<p>Vil legge ned fylkeskommunen <\/p>\n<p>I 2023 konkluderte <a href=\"https:\/\/www.nrk.no\/nordland\/utvalg-mener-storre-kommuner-ma-til-for-a-lose-lovpalagte-oppgaver-1.16356462\" ec-id=\"pp:article:1.16356462\" ec-name=\"Generalistkommuneutvalget\" rel=\"nofollow noopener\" target=\"_blank\">Generalistkommuneutvalget<\/a> med at ingen norske kommunar klarer \u00e5 l\u00f8yse alle 220 oppg\u00e5vene dei skal yte til innbyggjarane sine.<\/p>\n<p>St\u00f8re opnar for endringar i kommunestruktur<\/p>\n<p>Kommunekommisjonens la fram rapporten sin fredag, med oppfordringar som peika i retning av at kommunesamansl\u00e5ing kan vere n\u00f8dvendig for \u00e5 takle framtidas utfordringar.<\/p>\n<p>St\u00f8re seier til NTB at kommunesamansl\u00e5ingar p\u00e5 ingen m\u00e5te er eit universalt middel til betre tenester i kommunane.<\/p>\n<p>\u2013 Haldninga mi har alltid vore at i dei tilfella der endring i kommunestruktur kan gi betre tenester til innbyggarar og n\u00e6ringsliv, og samtidig vareta demokratifunksjonen, skal ikkje politikarar st\u00e5 i vegen for \u00e5 gjere endringar.<\/p>\n<p>Han er open for at kommunestrukturen kan sj\u00e5 annleis ut i framtida.<\/p>\n<p>\u2013 Eg trur vi er opne for at strukturar endrar seg i eit samfunn der teknologi endrar seg og befolkninga endrar seg. Vi har sett det innanfor helsevesenet. Vi har ikkje den same sjukehusstrukturen i dag som vi hadde for 50 \u00e5r sidan, og det gjeld ogs\u00e5 for andre m\u00e5tar vi organiserer samfunnet p\u00e5.<\/p>\n<p>Han understrekar samtidig at det m\u00e5 takast utgangspunkt i kvart enkelt tilfelle.<\/p>\n<p>\u2013 Det er heller ikkje s\u00e5nn at stort alltid er betre, fastsl\u00e5r han.<\/p>\n<p>(\u00a9NTB)<\/p>\n<p>Som \u00abgulrot\u00bb til \u00abreform-tr\u00f8ytte\u00bb kommunar foresl\u00e5r arbeidsgruppa til H\u00f8gre at Kommune-Noreg skal f\u00e5 meir makt over eigne pengar. <\/p>\n<p><strong>Arbeidsgruppa foresl\u00e5r i tillegg \u00e5 legge ned fylkeskommunen, og \u00e5 dele oppg\u00e5vene deira mellom staten og dei nye <\/strong>storkommunane<strong>.<\/strong><\/p>\n<p>I november fremja partiet eit forslag til Stortinget om at tida var inne for \u00e5 gjere <a href=\"https:\/\/www.nrk.no\/vestland\/erna-solberg_-noreg-ma-slanke-byrakratiet-_-fylkeskommunen-ma-vekk-1.17664971\" ec-id=\"pp:article:1.17664971\" ec-name=\"kort prosess\" rel=\"nofollow noopener\" target=\"_blank\">kort prosess<\/a> og avvikle fylkeskommunen \u00abinnan f\u00e5 \u00e5r\u00bb.<\/p>\n<p>Fleire kommunar er i ferd med \u00e5 knele<\/p>\n<p>Bakgrunnen for forslaga er nye og dystre framskrivingar. <\/p>\n<p>If\u00f8lge Kommunekommisjonen, som la fram sin f\u00f8rste rapport <a href=\"https:\/\/www.nrk.no\/norge\/flertall-vil-skrote-laerernormen_-_-vil-fa-en-darligere-skole-1.17719270\" ec-id=\"pp:article:1.17719270\" ec-name=\"fredag morgon\" rel=\"nofollow noopener\" target=\"_blank\">fredag morgon<\/a>, er norske kommunar i ferd med \u00e5 knele under vekta av oppg\u00e5ver, rapporteringskrav og auka kostnader. <\/p>\n<p>Konklusjonen er ikkje at kommunane m\u00e5 sl\u00e5 seg saman til st\u00f8rre einingar, men rapporten g\u00e5r langt i \u00e5 antyde at fleire b\u00f8r ta nabopraten. Sj\u00e5 den faktiske ordlyden her.<\/p>\n<p>Unio-leiar Steffen Handal f\u00f8lgde framlegginga av rapporten fredag morgon: <\/p>\n<p>\u2013 Det er viktigare at befolkninga f\u00e5r eit solid, fagleg velferdstilbod enn at kommunegrensene held fram med \u00e5 vere som dei er, seier han. <\/p>\n<p><strong>\u2013 God og kompetent bemanning med sterke fagmilj\u00f8 og fagfellesskapar er avgjerande for kvaliteten p\u00e5 tenestene. Mykje viktigare enn talet p\u00e5 kommunedirekt\u00f8rar og r\u00e5dhus.<\/strong><\/p>\n<p><img decoding=\"async\"   src=\"data:image\/gif;base64,R0lGODlhAQABAIAAAAAAAP\/\/\/yH5BAEAAAAALAAAAAABAAEAAAIBRAA7\" loading=\"eager\" alt=\"En mann sitter p\u00e5 en bl\u00e5 sofa i et moderne kontormilj\u00f8. Han har p\u00e5 seg en gr\u00e5 genser og ser bort fra kameraet. I bakgrunnen er det flere personer som arbeider foran datamaskiner. Det er en uformell atmosf\u00e6re med flere m\u00f8bler og teknologi synlig. (Bildebeskrivelsen er laget av en KI-tjeneste)\" title=\"Foto: Ksenia Novikova \/ NRK\"\/><\/p>\n<p class=\"\">\u2013 Det er viktigare at befolkninga f\u00e5r eit solid, fagleg velferdstilbod enn at kommunegrensene held fram med \u00e5 vere som dei er, seier Steffen Handal. <\/p>\n<p>Foto: Ksenia Novikova \/ NRK<\/p>\n<p>Publisert<\/p>\n<p>09.01.2026, kl. 16.43<\/p>\n","protected":false},"excerpt":{"rendered":"Saka oppsummert: \u2013 H\u00f8gre foresl\u00e5r ei ny kommunereform som skal redusere talet p\u00e5 kommunar kraftig, om naudsynt ved&hellip;\n","protected":false},"author":2,"featured_media":133189,"comment_status":"","ping_status":"","sticky":false,"template":"","format":"standard","meta":{"footnotes":""},"categories":[10],"tags":[20,21,24,25,15,22,23,13,30,28,29,14,16,26,27],"class_list":{"0":"post-133188","1":"post","2":"type-post","3":"status-publish","4":"format-standard","5":"has-post-thumbnail","7":"category-norge","8":"tag-breaking-news","9":"tag-breakingnews","10":"tag-featured-news","11":"tag-featurednews","12":"tag-headlines","13":"tag-latest-news","14":"tag-latestnews","15":"tag-news","16":"tag-no","17":"tag-norge","18":"tag-norway","19":"tag-nyheter","20":"tag-overskrifter","21":"tag-top-stories","22":"tag-topstories"},"share_on_mastodon":{"url":"https:\/\/pubeurope.com\/@no\/115866135577276133","error":""},"_links":{"self":[{"href":"https:\/\/www.europesays.com\/no\/wp-json\/wp\/v2\/posts\/133188","targetHints":{"allow":["GET"]}}],"collection":[{"href":"https:\/\/www.europesays.com\/no\/wp-json\/wp\/v2\/posts"}],"about":[{"href":"https:\/\/www.europesays.com\/no\/wp-json\/wp\/v2\/types\/post"}],"author":[{"embeddable":true,"href":"https:\/\/www.europesays.com\/no\/wp-json\/wp\/v2\/users\/2"}],"replies":[{"embeddable":true,"href":"https:\/\/www.europesays.com\/no\/wp-json\/wp\/v2\/comments?post=133188"}],"version-history":[{"count":0,"href":"https:\/\/www.europesays.com\/no\/wp-json\/wp\/v2\/posts\/133188\/revisions"}],"wp:featuredmedia":[{"embeddable":true,"href":"https:\/\/www.europesays.com\/no\/wp-json\/wp\/v2\/media\/133189"}],"wp:attachment":[{"href":"https:\/\/www.europesays.com\/no\/wp-json\/wp\/v2\/media?parent=133188"}],"wp:term":[{"taxonomy":"category","embeddable":true,"href":"https:\/\/www.europesays.com\/no\/wp-json\/wp\/v2\/categories?post=133188"},{"taxonomy":"post_tag","embeddable":true,"href":"https:\/\/www.europesays.com\/no\/wp-json\/wp\/v2\/tags?post=133188"}],"curies":[{"name":"wp","href":"https:\/\/api.w.org\/{rel}","templated":true}]}}