{"id":133194,"date":"2026-01-09T16:47:06","date_gmt":"2026-01-09T16:47:06","guid":{"rendered":"https:\/\/www.europesays.com\/no\/133194\/"},"modified":"2026-01-09T16:47:06","modified_gmt":"2026-01-09T16:47:06","slug":"ungdomskriminalitet-gjengkriminalitet-ungdomskriminelle-oppfatter-straffen-som-en-vits","status":"publish","type":"post","link":"https:\/\/www.europesays.com\/no\/133194\/","title":{"rendered":"Ungdomskriminalitet, Gjengkriminalitet | Ungdomskriminelle oppfatter straffen som en vits"},"content":{"rendered":"\n<p>\u00abVold som beg\u00e5s av ungdomsgjenger i det offentlige rom er blitt et vesentlig samfunnsproblem i Oslo, og det b\u00f8r etter rettens oppfatning reageres sv\u00e6rt strengt mot uprovoserte angrep av den typen denne saken gjelder.\u00bb<\/p>\n<p>Jeg kunne ikke v\u00e6rt mer enig i dette som Oslo tingrett skriver i en dom mot seks unge gjerningsmenn, som kom n\u00e5 i jula.<\/p>\n<p>Men hva legger den i praksis i \u00absv\u00e6rt strengt\u00bb?<\/p>\n<p>Volden som de seks er d\u00f8mt for, er ekstra grov fordi den rammet tilfeldige ofre, som var helt uforberedte. Den var uprovosert og ytterst feig med mange mot en.<\/p>\n<p><b>Dette skaper stor utrygghet i n\u00e6romr\u00e5dene v\u00e5re, hvor de opererer.<\/b><\/p>\n<p>Skulle p\u00e5 jobb<\/p>\n<p>Alle seks var med p\u00e5 \u00e5 overfalle en 16-\u00e5ring som skulle p\u00e5 jobb i en matbutikk p\u00e5 Furuset senter i Oslo en ettermiddag i januar i fjor. Han hadde ingen konflikt med noen av dem fra f\u00f8r, og var helt uforberedt da de plutselig omringet han inne p\u00e5 senteret. De slo og sparket alt de kunne mot hodet og kroppen hans, og brydde seg ikke om at det var et offentlig sted med videokameraer.<\/p>\n<p>Retten fant ikke noe motiv for angrepet. Bare vold for voldens skyld. Det eneste jeg kan tenke meg er at de seks vil v\u00e6re gangstere som beskytter sin \u00abhood\u00bb mot alle \u00abopps\u00bb, eller inntrengere utenfra. I dette tilfelle alts\u00e5 en ungdom som skulle p\u00e5 jobb.<\/p>\n<p>Du kan bli angrepet bare for \u00e5 v\u00e6re fra et sted de har fiender.<\/p>\n<p>Moren ville beskytte han<\/p>\n<p>Det neste skjedde tre uker senere da den samme 16-\u00e5ringen satt og spiste middag med foreldrene sine p\u00e5 en restaurant p\u00e5 T\u00f8yen. En av de toneangivende fra volden p\u00e5 Furuset, la oss kalle ham \u00abFaisal\u00bb, trengte seg inn sammen med to andre. De stilte seg truende opp rundt de intetanende ofrene, og gikk f\u00f8rst l\u00f8s p\u00e5 gutten. Deretter la de faren i gulvet, og slo moren n\u00e5r hun holdt armene rundt s\u00f8nnen.<\/p>\n<p>Heller ikke denne gangen kunne retten finne noen som helst grunn til volden mot 16-\u00e5ringen og foreldrene. Ikke noe annet enn et hensynsl\u00f8st \u00f8nske om \u00e5 skade andre.<\/p>\n<p>\u00abFaisal\u00bb hadde til og med hatt et oppstartsm\u00f8te dagen f\u00f8r for en samfunnsstraff han fikk etter en tidligere voldshandling. Han var i ferd med \u00e5 starte sin nye soning i frihet. Det sier mye om hvor lite gjengangere som han bryr seg om slike straffeformer.<\/p>\n<p><b>Les ogs\u00e5:<\/b> <a href=\"https:\/\/www.nettavisen.no\/norsk-debatt\/trygghet-i-beredskap-10-000-vektere-star-klare-til-a-hjelpe-politiet\/o\/5-95-2781939\" rel=\"Follow nofollow noopener\" target=\"_blank\">Politiet sl\u00e5r alarm &#8211; men vekterne f\u00e5r ikke bidra <\/a><\/p>\n<p>M\u00e5tte sy 18 sting<\/p>\n<p>En annen av de seks angriperne p\u00e5 Furuset, vi kan kalle ham \u00abSascha\u00bb, var ogs\u00e5 p\u00e5 farten i ukene etterp\u00e5. Han ble tatt med kj\u00f8tt\u00f8ks og en stor machete med 46 cm langt knivblad. Det var ikke lenge siden han var d\u00f8mt for gjentatt vold, i samme sak som \u00abFaisal\u00bb. Men ogs\u00e5 han ga tydeligvis blaffen i dette.<\/p>\n<p>En kveld p\u00e5 en bensinstasjon p\u00e5 Karihaugen i Oslo gikk han til et nytt uprovosert angrep p\u00e5 en gutt. Denne ropte p\u00e5 storebroren sin som kom l\u00f8pende for \u00e5 hjelpe. Da slo \u00abSascha\u00bb han kraftig i ansiktet med en skarp, spiss og hard gjenstand.<\/p>\n<p>Han fikk brudd i venstre \u00f8yehule og et kutt i ansiktet som m\u00e5tte sys med atten sting. S\u00e5ret har gitt et langt, skjemmende arr. Han har f\u00e5tt sterke psykiske ettervirkninger etter hendelsen, og er per i dag fortsatt 100 prosent sykmeldt.<\/p>\n<p>            Jan B\u00f8hler<\/p>\n<p>Jan B\u00f8hler er spaltist i Nettavisen, forfatter av to b\u00f8ker, \u00ab\u00d8stkantfolk\u00bb og \u00abN\u00e6r folk\u00bb, vokalist og tekstforfatter i bandet Enkle Typer, styremedlem i Likestilling, integrering, mangfold (LIM), i Tigerstadsteatret, nestleder i Folkeaksjonen Redd Ullev\u00e5l Sykehus og medlem av Kringkastingsr\u00e5det.<\/p>\n<p>B\u00f8hler har tidligere v\u00e6rt stortingsrepresentant i 16 \u00e5r. Han var nestleder i Stortingets justiskomit\u00e9 hvor han satt i to stortingsperioder inntil 2021. Der arbeidet B\u00f8hler mye med kriminelle gjenger og barne- og ungdomskriminalitet, som han har fortsatt med siden.<\/p>\n<p>Har bodd i blokk i Groruddalen nesten hele livet \u2212 og gj\u00f8r fortsatt det.<\/p>\n<p>  \u00c5penbart kriminalitetsproblem<\/p>\n<p>En tredje av de seks angriperne fra Furuset, her kalt \u00abKarim\u00bb, har det lengste rullebladet av dem alle med gjentatt vold, skadeverk og v\u00e5penlovbrudd. Til og med skjuling av bevis fra et drapsfors\u00f8k.<\/p>\n<p>Retten sier at han \u00e5penbart har et stort kriminalitetsproblem, og har flere tidligere usonede dommer. Den sl\u00e5r fast at \u00abde tidligere domfellelsene ikke har f\u00e5tt han til \u00e5 avst\u00e5 fra videre kriminalitet\u00bb.<\/p>\n<p>Det vil ingen ende ta, og straffene hoper seg mer og mer opp. Han ble til og med p\u00e5grepet i enda en ny alvorlig straffesak like f\u00f8r rettssaken om Furuset senter-angrepet begynte.<\/p>\n<p>Myndige f\u00f8r rettssaken<\/p>\n<p>Hva ble de seks angriperne d\u00f8mt til? Retten sa jo at den ville reagere sv\u00e6rt strengt p\u00e5 slike uprovoserte angrep. Men den gang ei.<\/p>\n<p><b>Alle fikk igjen soning i frihet, fordi de var under 18 \u00e5r p\u00e5 gjerningstidspunktet. Det vil si samfunnsstraff eller ungdomsstraff, selv om tre av dem var fylt atten f\u00f8r rettssaken.<\/b><\/p>\n<p>Det f\u00f8rste betyr \u00e5 jobbe en del timer med noe den d\u00f8mte selv kan p\u00e5virke. Det andre betyr \u00e5 delta i avtalte m\u00f8ter, samtaler og opplegg for veiledning. Det ble for ordens skyld gitt fjorten dager i fengsel for \u00abSascha\u00bb, som han allerede hadde sonet ferdig i varetekt etter det livsfarlige slaget.<\/p>\n<p>Ofrene kan st\u00f8te p\u00e5 dem<\/p>\n<p>Dommen betyr at ofrene og andre ber\u00f8rte vil g\u00e5 og f\u00f8le seg utrygge i lang tid framover. De d\u00f8mmes p\u00e5 et vis til utrygghet. For de kan n\u00e5r som helst st\u00f8te p\u00e5 gjerningsmennene. Det skal ikke mye fantasi til for \u00e5 tenke at de vil ta de som vitnet mot dem.<\/p>\n<p>Det er vanskelig \u00e5 forst\u00e5 hvorfor ingen av de seks fikk noen dom med forbud mot \u00e5 opps\u00f8ke ofrene. Det virker som hensynet til dem igjen er frav\u00e6rende. Her har ogs\u00e5 aktor et stort ansvar. Det er det fromme h\u00e5pet om at enda en soning i frihet vil gj\u00f8re et under med unge gjengangerne, som dominerer.<\/p>\n<p>Trenger stramme rammer<\/p>\n<p>Dette er et paradoks n\u00e5r vi ser p\u00e5 hva som ble sagt om \u00abKarim\u00bb i en dom allerede i september 2024: \u00abRetten viser til at tiltalte allerede f\u00e5 dager etter oppstart, br\u00f8t vilk\u00e5rene for ungdomsstraff ved \u00e5 beg\u00e5 ny alvorlig kriminalitet. Det viser med tydelighet at ungdomsstraff ikke har virket avskrekkende p\u00e5 ham.\u00bb<\/p>\n<p>Retten sier videre: \u00abDet som derimot synes \u00e5 ha virket avskrekkende p\u00e5 ham, var oppholdet i varetekt. Han satt f\u00f8rst i Eidsberg fengsel og deretter i ungdomsenheten p\u00e5 Eidsvoll. Det kan virke som han har profittert p\u00e5 de stramme rammene der. Retten har etter dette kommet til at det er \u00abs\u00e6rlig p\u00e5krevd\u00bb med ubetinget fengsel.\u00bb<\/p>\n<p>Den viser ogs\u00e5 til at \u00abKarim\u00bb, som n\u00e5 er 18 og et halvt \u00e5r, skal f\u00e5 undervisning i elektrofag mens han sitter fengslet. Det er han motivert for, og han vil kunne lykkes bedre innenfor faste rammer, langt borte fra sitt kriminelle milj\u00f8.<\/p>\n<p>Oppfatter straffen som en vits<\/p>\n<p>Selv etter dette g\u00e5r retten i den nye dommen for overfallet p\u00e5 Furuset, alts\u00e5 tilbake til \u00e5 satse p\u00e5 soning i frihet. Det er ett skritt fram og to tilbake i forhold til unge gjengangere, som beg\u00e5r alvorlig uprovosert vold.<\/p>\n<p><b>Dette p\u00e5virker ogs\u00e5 mange andre barn og unge rundt dem. De blir lettere fristet til \u00e5 bli med, n\u00e5r straffen oppfattes som en vits. Det gj\u00f8r ungdomsgjengene st\u00f8rre for hver dag som g\u00e5r.<\/b><\/p>\n<p>Men heldigvis begynner flere \u00e5 se problemet med at ungdomsstraff ikke virker avskrekkende og korrigerende p\u00e5 unge gjengangere.<\/p>\n<p>Bare Frp som ikke sover i timen<\/p>\n<p>I mars skal Stortinget behandle et forslag som tar opp dette. Frp vil avskaffe ungdomsstraff i sin n\u00e5v\u00e6rende form, og erstatte den med noe de kaller ungdomskrim-nemnder. De skal f\u00e5 virkemidler som hindrer at unge gjerningsmenn er raskt tilbake p\u00e5 gata.<\/p>\n<p>F\u00f8rst skal domstolen d\u00f8mme om skyld, og eventuelt gi ubetinget fengsel. Men de som slipper \u00e5 havne der, skal ikke lenger bare f\u00e5 ungdomsstraff og soning i frihet.<\/p>\n<p>Isteden skal de overf\u00f8res til den s\u00e5kalte ungdomskrim-nemnda. Den skal ha et bredt sett av virkemidler som lukkede institusjoner, behandling og oppf\u00f8lging \u2013 og kunne skjerme ofrene og samfunnet.<\/p>\n<p><b>Jeg h\u00e5per flere partier vil innse at de m\u00e5 ta dette p\u00e5 alvor. Ellers sover de i timen, og forst\u00e5r lite av hva som skjer. <\/b><\/p>\n<p>Vi har stort behov for bedre grensesetting som kan hindre at den farlige uprovoserte volden fra ungdomsgjenger sprer seg videre.<\/p>\n","protected":false},"excerpt":{"rendered":"\u00abVold som beg\u00e5s av ungdomsgjenger i det offentlige rom er blitt et vesentlig samfunnsproblem i Oslo, og det&hellip;\n","protected":false},"author":2,"featured_media":133195,"comment_status":"","ping_status":"","sticky":false,"template":"","format":"standard","meta":{"footnotes":""},"categories":[10],"tags":[20,21,24,25,15,22,23,13,30,28,29,14,16,26,27],"class_list":{"0":"post-133194","1":"post","2":"type-post","3":"status-publish","4":"format-standard","5":"has-post-thumbnail","7":"category-norge","8":"tag-breaking-news","9":"tag-breakingnews","10":"tag-featured-news","11":"tag-featurednews","12":"tag-headlines","13":"tag-latest-news","14":"tag-latestnews","15":"tag-news","16":"tag-no","17":"tag-norge","18":"tag-norway","19":"tag-nyheter","20":"tag-overskrifter","21":"tag-top-stories","22":"tag-topstories"},"share_on_mastodon":{"url":"https:\/\/pubeurope.com\/@no\/115866163113382418","error":""},"_links":{"self":[{"href":"https:\/\/www.europesays.com\/no\/wp-json\/wp\/v2\/posts\/133194","targetHints":{"allow":["GET"]}}],"collection":[{"href":"https:\/\/www.europesays.com\/no\/wp-json\/wp\/v2\/posts"}],"about":[{"href":"https:\/\/www.europesays.com\/no\/wp-json\/wp\/v2\/types\/post"}],"author":[{"embeddable":true,"href":"https:\/\/www.europesays.com\/no\/wp-json\/wp\/v2\/users\/2"}],"replies":[{"embeddable":true,"href":"https:\/\/www.europesays.com\/no\/wp-json\/wp\/v2\/comments?post=133194"}],"version-history":[{"count":0,"href":"https:\/\/www.europesays.com\/no\/wp-json\/wp\/v2\/posts\/133194\/revisions"}],"wp:featuredmedia":[{"embeddable":true,"href":"https:\/\/www.europesays.com\/no\/wp-json\/wp\/v2\/media\/133195"}],"wp:attachment":[{"href":"https:\/\/www.europesays.com\/no\/wp-json\/wp\/v2\/media?parent=133194"}],"wp:term":[{"taxonomy":"category","embeddable":true,"href":"https:\/\/www.europesays.com\/no\/wp-json\/wp\/v2\/categories?post=133194"},{"taxonomy":"post_tag","embeddable":true,"href":"https:\/\/www.europesays.com\/no\/wp-json\/wp\/v2\/tags?post=133194"}],"curies":[{"name":"wp","href":"https:\/\/api.w.org\/{rel}","templated":true}]}}