{"id":133199,"date":"2026-01-09T16:53:28","date_gmt":"2026-01-09T16:53:28","guid":{"rendered":"https:\/\/www.europesays.com\/no\/133199\/"},"modified":"2026-01-09T16:53:28","modified_gmt":"2026-01-09T16:53:28","slug":"unrwa-sier-opp-571-ansatte-etter-pengemangel","status":"publish","type":"post","link":"https:\/\/www.europesays.com\/no\/133199\/","title":{"rendered":"UNRWA sier opp 571 ansatte etter pengemangel"},"content":{"rendered":"<p><strong>FNs hjelpeorganisasjon for palestinske flyktninger (UNRWA) m\u00e5 si opp 571 ansatte som f\u00f8lge av alvorlig pengemangel. Det opplyser organisasjonen onsdag, if\u00f8lge flere medier.<\/strong><\/p>\n<p>De ber\u00f8rte er lokale UNRWA-ansatte som har forlatt Gazastripen. If\u00f8lge organisasjonen ble de informert om oppsigelsene tirsdag.<\/p>\n<p>\u2013 Tirsdag ble 571 lokale UNRWA-ansatte utenfor Gaza informert om at de blir sagt opp med umiddelbar virkning, heter det i uttalelsen.<\/p>\n<p>Oppsigelsene skjer i en situasjon der UNRWA st\u00e5r under sterkt politisk og \u00f8konomisk press. Israelske myndigheter har krevd at flere hjelpeorganisasjoner, deriblant UNRWA, stanser sin virksomhet i Gaza. Et slikt forbud tr\u00e5dte i kraft fra nytt\u00e5r.<\/p>\n<p>FN-sjef Ant\u00f3nio Guterres har tidligere bedt Israel om \u00e5 reversere forbudet og advart mot konsekvensene for den humanit\u00e6re situasjonen i Gaza.<\/p>\n<p><strong>Les ogs\u00e5: <a href=\"https:\/\/inyheter.no\/01\/02\/2024\/ap-politiker-nominerer-terroranklaget-organisasjon-til-fredsprisen\/\" rel=\"nofollow noopener\" target=\"_blank\">Ap-politiker nominerer terroranklaget organisasjon til fredsprisen<\/a><\/strong><\/p>\n<p>Samtidig har flere land det siste \u00e5ret midlertidig holdt tilbake eller revurdert st\u00f8tten til UNRWA etter alvorlige anklager om tilknytning mellom ansatte i organisasjonen og terrorgruppen Hamas.<\/p>\n<p>Som iNyheter tidligere har rapportert, har Israel blant annet anklaget UNRWA-ansatte for \u00e5 ha deltatt i Hamas\u2019 terrorangrep 7. oktober. <a href=\"https:\/\/inyheter.no\/19\/02\/2024\/video-viser-unrwa-ansatt-som-deltok-i-massakren\/\" rel=\"nofollow noopener\" target=\"_blank\">Videoopptak <\/a>som er blitt offentliggjort, skal vise en UNRWA-ansatt som deltok i massakren.<\/p>\n<p>Videre har israelske myndigheter opplyst at en <a href=\"https:\/\/inyheter.no\/11\/02\/2024\/hamas-tunnel-funnet-under-unrwas-hovedkvarter-i-gaza-ble-forsynt-med-strom\/\" rel=\"nofollow noopener\" target=\"_blank\">Hamas-tunnel<\/a> ble funnet under UNRWAs hovedkvarter i Gaza, og at tunnelen var tilkoblet str\u00f8mforsyning fra bygningen. If\u00f8lge Wall Street Journal er rundt <a href=\"https:\/\/inyheter.no\/29\/01\/2024\/wsj-rundt-10-prosent-av-fns-ansatte-i-gaza-er-tilknyttet-militante-islamistiske-grupper\/\" rel=\"nofollow noopener\" target=\"_blank\">10 prosent av FNs ansatte i Gaza<\/a> tilknyttet militante islamistiske grupper.<\/p>\n<p><strong>Les ogs\u00e5: <a href=\"https:\/\/inyheter.no\/07\/02\/2024\/norge-gir-275-millioner-kroner-ekstra-til-unrwa\/\" rel=\"nofollow noopener\" target=\"_blank\">Norge gir 275 millioner kroner ekstra til Unrwa<\/a><\/strong><\/p>\n<p>Som f\u00f8lge av anklagene har flere vestlige land satt st\u00f8tten til UNRWA p\u00e5 pause. Norge har p\u00e5 sin side valgt \u00e5 <a href=\"https:\/\/inyheter.no\/27\/01\/2024\/norge-fortsetter-stotten-til-unrwa-til-tross-for-mistanke-om-terrormedvirkning\/\" rel=\"nofollow noopener\" target=\"_blank\">videref\u00f8re st\u00f8tten<\/a>, til tross for mistanke om terrormedvirkning.<\/p>\n<p><strong>UNRWA har selv advart om at bortfall av finansiering vil f\u00e5 direkte konsekvenser for drift, tjenester og bemanning.<\/strong><\/p>\n","protected":false},"excerpt":{"rendered":"FNs hjelpeorganisasjon for palestinske flyktninger (UNRWA) m\u00e5 si opp 571 ansatte som f\u00f8lge av alvorlig pengemangel. Det opplyser&hellip;\n","protected":false},"author":2,"featured_media":133200,"comment_status":"","ping_status":"","sticky":false,"template":"","format":"standard","meta":{"footnotes":""},"categories":[12],"tags":[20,21,24,25,53,15,52,6621,22,23,13,30,28,29,14,16,26,27,15370,42,43,44,45],"class_list":{"0":"post-133199","1":"post","2":"type-post","3":"status-publish","4":"format-standard","5":"has-post-thumbnail","7":"category-verden","8":"tag-breaking-news","9":"tag-breakingnews","10":"tag-featured-news","11":"tag-featurednews","12":"tag-gaza","13":"tag-headlines","14":"tag-israel","15":"tag-krigen-i-gaza","16":"tag-latest-news","17":"tag-latestnews","18":"tag-news","19":"tag-no","20":"tag-norge","21":"tag-norway","22":"tag-nyheter","23":"tag-overskrifter","24":"tag-top-stories","25":"tag-topstories","26":"tag-unrwa","27":"tag-verden","28":"tag-world","29":"tag-world-news","30":"tag-worldnews"},"share_on_mastodon":{"url":"https:\/\/pubeurope.com\/@no\/115866186796821589","error":""},"_links":{"self":[{"href":"https:\/\/www.europesays.com\/no\/wp-json\/wp\/v2\/posts\/133199","targetHints":{"allow":["GET"]}}],"collection":[{"href":"https:\/\/www.europesays.com\/no\/wp-json\/wp\/v2\/posts"}],"about":[{"href":"https:\/\/www.europesays.com\/no\/wp-json\/wp\/v2\/types\/post"}],"author":[{"embeddable":true,"href":"https:\/\/www.europesays.com\/no\/wp-json\/wp\/v2\/users\/2"}],"replies":[{"embeddable":true,"href":"https:\/\/www.europesays.com\/no\/wp-json\/wp\/v2\/comments?post=133199"}],"version-history":[{"count":0,"href":"https:\/\/www.europesays.com\/no\/wp-json\/wp\/v2\/posts\/133199\/revisions"}],"wp:featuredmedia":[{"embeddable":true,"href":"https:\/\/www.europesays.com\/no\/wp-json\/wp\/v2\/media\/133200"}],"wp:attachment":[{"href":"https:\/\/www.europesays.com\/no\/wp-json\/wp\/v2\/media?parent=133199"}],"wp:term":[{"taxonomy":"category","embeddable":true,"href":"https:\/\/www.europesays.com\/no\/wp-json\/wp\/v2\/categories?post=133199"},{"taxonomy":"post_tag","embeddable":true,"href":"https:\/\/www.europesays.com\/no\/wp-json\/wp\/v2\/tags?post=133199"}],"curies":[{"name":"wp","href":"https:\/\/api.w.org\/{rel}","templated":true}]}}