{"id":133203,"date":"2026-01-09T16:55:13","date_gmt":"2026-01-09T16:55:13","guid":{"rendered":"https:\/\/www.europesays.com\/no\/133203\/"},"modified":"2026-01-09T16:55:13","modified_gmt":"2026-01-09T16:55:13","slug":"bekrefter-alt-pa-rommet-undersokes","status":"publish","type":"post","link":"https:\/\/www.europesays.com\/no\/133203\/","title":{"rendered":"Bekrefter: &#8211; Alt p\u00e5 rommet unders\u00f8kes"},"content":{"rendered":"<p class=\"kicker \" style=\"\">Bakken-d\u00f8dsfallet<\/p>\n<p>    Politiet unders\u00f8ker Sivert Guttorm Bakkens pulsklokke, f\u00e5r Dagbladet opplyst. Advokaten bekrefter at\u00a0\u00abalt\u00bb sjekkes.<\/p>\n<p>\n    FUNNET D\u00d8D: Skiskytter Sivert Guttorm Bakken ble funnet d\u00f8d i Italia, bare 27 \u00e5r gammel. Foto: Geir Olsen \/ NTB\n  <\/p>\n<p>Skiskytter Sivert Guttorm Bakken (27) ble <a href=\"https:\/\/www.dagbladet.no\/sport\/funnet-dod\/84024202\" rel=\"nofollow noopener\" target=\"_blank\">funnet d\u00f8d p\u00e5 hotellrommet sitt i Lavaz\u00e8 i Italia<\/a> lille julaften. Italiensk politi etterforsker omstendighetene.<\/p>\n<p>Den rettsmedisinske rapporten er ventet i mars, og denne vil forh\u00e5pentligvis kunne gi noen medisinske svar. I tillegg til den rettsmedisinske rapporten foretar <a href=\"https:\/\/www.dagbladet.no\/sport\/gjennomgar-tekniske-beslag\/84039687\" rel=\"nofollow noopener\" target=\"_blank\">politiet ogs\u00e5 andre tekniske unders\u00f8kelser<\/a>.<\/p>\n<p>Advokat Bernt Heiberg i Elden Advokatfirma bist\u00e5r Bakkens familie og Norges Skiskytterforbund.\u00a0<\/p>\n<p>&#8211; Det er helt vanlig i slike saker at politiet beslaglegger digitale enheter og annet utstyr som de kan analysere i jakten p\u00e5 svar, som for eksempel telefoner, PCer og smartklokker, sier han til Dagbladet.<\/p>\n<p>        <img loading=\"lazy\" decoding=\"async\" src=\"https:\/\/www.europesays.com\/no\/wp-content\/uploads\/2026\/01\/84073082.webp.webp\" width=\"980\" height=\"559\" title=\"FUNNET HER: Sivert Guttorm Bakken bodde p\u00e5 hotel Dolomiti i Italia. Foto: Terje Pedersen \/ NTB\" alt=\"\" class=\"\" style=\"--aspect-ratio-image: 1.75; \"\/><\/p>\n<p>\n        FUNNET HER: Sivert Guttorm Bakken bodde p\u00e5 hotel Dolomiti i Italia. Foto: Terje Pedersen \/ NTB\n    <\/p>\n<p>Dagbladet er kjent med at italiensk politi har sett n\u00e6rmere p\u00e5 Bakkens mobil og pulsklokke. Heiberg \u00f8nsker ikke \u00e5 g\u00e5 inn p\u00e5 hva som unders\u00f8kes.<\/p>\n<p>&#8211; Hvilket beslag som er gjort i denne saken kan jeg ikke g\u00e5 inn p\u00e5 av hensyn til etterforskningen, men alt som befant seg p\u00e5 hotellrommet da han ble funnet vil bli unders\u00f8kt, sier han.\u00a0<\/p>\n<p>    <a itemprop=\"url\" href=\"https:\/\/www.dagbladet.no\/sport\/brast-i-tarer\/84070043\" rel=\"nofollow noopener\" target=\"_blank\"><\/p>\n<p>        <img loading=\"lazy\" decoding=\"async\" src=\"https:\/\/www.europesays.com\/no\/wp-content\/uploads\/2026\/01\/84070117.webp.webp\" width=\"980\" height=\"441\" title=\"Brast i t\u00e5rer\" alt=\"\" class=\"lazyload\" style=\"--aspect-ratio-image: 2.22; \"\/><\/p>\n<p>        Brast i t\u00e5rer<\/p>\n<p>    <\/a><\/p>\n<p>&#8211; Ingen holdepunkter\t<\/p>\n<p>Heiberg understreker igjen at slik saken er opplyst, er det ikke grunnlag for \u00e5 spekulere i hva som kan v\u00e6re d\u00f8ds\u00e5rsaken.\u00a0<\/p>\n<p>&#8211; Det er ingen holdepunkter for \u00e5 koble dette til bruk av utstyr for h\u00f8ydesimulering, sier han.\u00a0<\/p>\n<p>        <img loading=\"lazy\" decoding=\"async\" src=\"https:\/\/www.europesays.com\/no\/wp-content\/uploads\/2026\/01\/84041424.webp.webp\" width=\"980\" height=\"559\" title=\"BIST\u00c5R FAMILIEN: Elden Advokatfirma, ved advokat Bernt Heiberg, bist\u00e5r Bakkens familie og Norges Skiskytterforbund. Foto: Ole Berg-Rusten \/ NTB\" alt=\"\" class=\"\" style=\"--aspect-ratio-image: 1.75; \"\/><\/p>\n<p>\n        BIST\u00c5R FAMILIEN: Elden Advokatfirma, ved advokat Bernt Heiberg, bist\u00e5r Bakkens familie og Norges Skiskytterforbund. Foto: Ole Berg-Rusten \/ NTB\n    <\/p>\n<p>Heiberg understreker at de\u00a0har god dialog med italiensk politi og p\u00e5talemyndighet.\u00a0<\/p>\n<p>&#8211; De prioriterer saken, og forst\u00e5r behovet for \u00e5 finne \u00e5rsaken til at Bakken d\u00f8de, sier han.\u00a0<\/p>\n<p>    <a itemprop=\"url\" href=\"https:\/\/www.dagbladet.no\/sport\/bekrefter-reiser-tilbake\/84066388\" rel=\"nofollow noopener\" target=\"_blank\"><\/p>\n<p>        <img loading=\"lazy\" decoding=\"async\" src=\"https:\/\/www.europesays.com\/no\/wp-content\/uploads\/2026\/01\/84066427.webp.webp\" width=\"980\" height=\"441\" title=\"Bekrefter: Reiser tilbake\" alt=\"\" class=\"lazyload\" style=\"--aspect-ratio-image: 2.22; \"\/><\/p>\n<p>        Bekrefter: Reiser tilbake<\/p>\n<p>    <\/a><\/p>\n<p> Da Bakken ble funnet d\u00f8d, hadde han p\u00e5 seg en h\u00f8ydemaske. If\u00f8lge Dagbladets opplysninger var masken stilt inn til \u00e5 simulere forhold tilsvarende rundt 7000 meters h\u00f8yde. Det inneb\u00e6rer at oksygenniv\u00e5et i luften som pustes inn, er sv\u00e6rt lavt.<\/p>\n<p> Olympiatoppen har etter d\u00f8dsfallet g\u00e5tt ut med en anbefaling om at man framover skal\u00a0<a href=\"https:\/\/www.dagbladet.no\/sport\/frarader-midlertidig-bruk\/84028636\" target=\"_blank\" rel=\"nofollow noopener\">unng\u00e5 bruk av simulert h\u00f8yde<\/a>.<\/p>\n<p>En h\u00f8ydemaske benyttes nettopp for \u00e5 redusere oksygentilgangen og skape forhold som kroppen normalt m\u00f8ter i h\u00f8yden. Masken er koblet til en generator som styrer hvor kraftig \u00abh\u00f8ydeeffekten\u00bb blir. Slike apparater er tillatt \u00e5 bruke i Norge.<\/p>\n<p>Minneseremoni\t<\/p>\n<p>En teori som unders\u00f8kes er om noen kan ha endret innstillingene p\u00e5 h\u00f8ydemasken etter d\u00f8dsfallet i et fors\u00f8k p\u00e5 \u00e5 sl\u00e5 den av, f\u00e5r Dagbladet opplyst.<\/p>\n<p>    <a itemprop=\"url\" href=\"https:\/\/www.dagbladet.no\/sport\/fant-bakken-livlos\/84049701\" rel=\"nofollow noopener\" target=\"_blank\"><\/p>\n<p>        <img loading=\"lazy\" decoding=\"async\" src=\"https:\/\/www.europesays.com\/no\/wp-content\/uploads\/2026\/01\/84049708.webp.webp\" width=\"980\" height=\"441\" title=\"Fant Bakken livl\u00f8s\" alt=\"\" class=\"lazyload\" style=\"--aspect-ratio-image: 2.22; \"\/><\/p>\n<p>        Fant Bakken livl\u00f8s<\/p>\n<p>    <\/a><\/p>\n<p>F\u00f8r sprintrennet i Oberhof torsdag ble det holdt <a href=\"https:\/\/www.dagbladet.no\/sport\/brast-i-tarer\/84070043\" rel=\"nofollow noopener\" target=\"_blank\">en minneseremoni for den avd\u00f8de skiskytteren<\/a>.<\/p>\n<p>Bakken ble gitt startnummer 1 og alle ut\u00f8verne gikk med s\u00f8rgeb\u00e5nd. De norske ut\u00f8verne var tydelig preget og holdt rundt hverandre da Bakken ble hedret f\u00f8r rennet. En video fra Bakkens karriere ble vist over storskjermen etterfulgt av stor applaus blant b\u00e5de publikum, ut\u00f8vere og st\u00f8tteapparat.<\/p>\n<p>        Det ble en spesiell start p\u00e5 \u00e5ret for skiskytterne n\u00e5r Sivert Guttorm Bakkens bortgang ble markert f\u00f8r sprintrennet torsdag.<\/p>\n<p>27-\u00e5ringen bisettes klokka 11 i Nordre \u00c5l kirke i Lillehammer tirsdag.\u00a0<\/p>\n<p> I 2016 vant Bakken to gull i ungdoms-OL, et individuelt og et p\u00e5 blandet stafett. I 2022 tok han sin eneste verdenscupseier. Det skjedde p\u00e5 fellesstart i Holmenkollen. <\/p>\n<p>Han har st\u00e5tt p\u00e5 pallen i verdenscupen fire ganger, og var h\u00f8yaktuell til vinter-OL i Italia denne sesongen.<\/p>\n","protected":false},"excerpt":{"rendered":"Bakken-d\u00f8dsfallet Politiet unders\u00f8ker Sivert Guttorm Bakkens pulsklokke, f\u00e5r Dagbladet opplyst. Advokaten bekrefter at\u00a0\u00abalt\u00bb sjekkes. FUNNET D\u00d8D: Skiskytter Sivert&hellip;\n","protected":false},"author":2,"featured_media":133204,"comment_status":"","ping_status":"","sticky":false,"template":"","format":"standard","meta":{"footnotes":""},"categories":[5],"tags":[20,21,24,25,15,19,22,23,17,18,13,30,28,29,14,16,13042,83,26,27],"class_list":{"0":"post-133203","1":"post","2":"type-post","3":"status-publish","4":"format-standard","5":"has-post-thumbnail","7":"category-overskrifter","8":"tag-breaking-news","9":"tag-breakingnews","10":"tag-featured-news","11":"tag-featurednews","12":"tag-headlines","13":"tag-hovedoppslag","14":"tag-latest-news","15":"tag-latestnews","16":"tag-main-news","17":"tag-mainnews","18":"tag-news","19":"tag-no","20":"tag-norge","21":"tag-norway","22":"tag-nyheter","23":"tag-overskrifter","24":"tag-sivert-guttorm-bakken","25":"tag-sport","26":"tag-top-stories","27":"tag-topstories"},"share_on_mastodon":{"url":"https:\/\/pubeurope.com\/@no\/115866194726827219","error":""},"_links":{"self":[{"href":"https:\/\/www.europesays.com\/no\/wp-json\/wp\/v2\/posts\/133203","targetHints":{"allow":["GET"]}}],"collection":[{"href":"https:\/\/www.europesays.com\/no\/wp-json\/wp\/v2\/posts"}],"about":[{"href":"https:\/\/www.europesays.com\/no\/wp-json\/wp\/v2\/types\/post"}],"author":[{"embeddable":true,"href":"https:\/\/www.europesays.com\/no\/wp-json\/wp\/v2\/users\/2"}],"replies":[{"embeddable":true,"href":"https:\/\/www.europesays.com\/no\/wp-json\/wp\/v2\/comments?post=133203"}],"version-history":[{"count":0,"href":"https:\/\/www.europesays.com\/no\/wp-json\/wp\/v2\/posts\/133203\/revisions"}],"wp:featuredmedia":[{"embeddable":true,"href":"https:\/\/www.europesays.com\/no\/wp-json\/wp\/v2\/media\/133204"}],"wp:attachment":[{"href":"https:\/\/www.europesays.com\/no\/wp-json\/wp\/v2\/media?parent=133203"}],"wp:term":[{"taxonomy":"category","embeddable":true,"href":"https:\/\/www.europesays.com\/no\/wp-json\/wp\/v2\/categories?post=133203"},{"taxonomy":"post_tag","embeddable":true,"href":"https:\/\/www.europesays.com\/no\/wp-json\/wp\/v2\/tags?post=133203"}],"curies":[{"name":"wp","href":"https:\/\/api.w.org\/{rel}","templated":true}]}}