{"id":133211,"date":"2026-01-09T17:01:20","date_gmt":"2026-01-09T17:01:20","guid":{"rendered":"https:\/\/www.europesays.com\/no\/133211\/"},"modified":"2026-01-09T17:01:20","modified_gmt":"2026-01-09T17:01:20","slug":"planen-om-fire-tog-i-timen-mellom-tonsberg-og-oslo-utsettes","status":"publish","type":"post","link":"https:\/\/www.europesays.com\/no\/133211\/","title":{"rendered":"Planen om fire tog i timen mellom T\u00f8nsberg og Oslo utsettes"},"content":{"rendered":"\n<p class=\"_lead_o9xde_2 _lead_xtcu6_50 layout-component text-serif-m layout-normal text-serif-l layout-component layout-wide layout-padded _wide_17hqh_1 layout-padded\">Planen om \u00e5 \u00f8ke fra\u202f\u00e9n\u202ftil fire avganger per time mellom T\u00f8nsberg og Oslo blir utsatt\u202fet \u00e5r, til\u202fdesember 2027.\u202f<\/p>\n<ul aria-hidden=\"true\" class=\"_images_ntbth_112\">\n<li><a class=\"_link_ntbth_117\" href=\"https:\/\/www.vg.no\/forfatter\/ntb\" style=\"z-index:1\" title=\"NTB\" rel=\"nofollow noopener\" target=\"_blank\"><img alt=\"Bilde av NTB\" class=\"_image_ntbth_93\" fetchpriority=\"low\" loading=\"lazy\" decoding=\"async\" itemprop=\"image\"  src=\"https:\/\/www.europesays.com\/no\/wp-content\/uploads\/2026\/01\/1767978080_840_c33980b0-5d07-4027-84a1-813f90a7c8d6.png\"  width=\"480\"\/><\/a><\/li>\n<\/ul>\n<p> Oppdatert fredag 9. januar kl. 11:02     <\/p>\n<p class=\"_paragraph_o9xde_4 _paragraph_xtcu6_10 layout-component text-serif-m layout-normal text-serif-m layout-padded\">\u2013 For \u00e5\u202fkunne\u202finnf\u00f8re fire tog i timen er vi avhengige av leveransen av\u202fde nye\u202flokaltogene, som dessverre er forsinket fra leverand\u00f8ren. Men n\u00e5r vi f\u00e5r dem p\u00e5 plass, vil de reisende f\u00e5 et\u202fbetydelig\u202fbedre togtilbud, b\u00e5de med tanke p\u00e5 punktlighet og med tanke p\u00e5 reisetid, plass om bord og antall avganger, sier fungerende jernbanedirekt\u00f8r Marit R\u00f8nning.<\/p>\n<p class=\"_paragraph_o9xde_4 _paragraph_xtcu6_10 layout-component text-serif-m layout-normal text-serif-m layout-padded\">Hun forklarer at de gjerne skulle ha inng\u00e5tt avtale med Vy om fire tog i timen fra og med desember i \u00e5r, men at risikoen blir for h\u00f8y for at det ikke g\u00e5r n\u00e5r de ikke har nok tog p\u00e5 plass.<\/p>\n<p class=\"_paragraph_o9xde_4 _paragraph_xtcu6_10 layout-component text-serif-m layout-normal text-serif-m layout-padded\">Jernbanedirektoratet jobber med \u00e5 finne en l\u00f8sning for \u00e5 kunne innf\u00f8re tre tog i timen i 2027 i f\u00f8rste omgang, og \u00f8ke til fire i desember samme \u00e5r.<\/p>\n<p class=\"_paragraph_o9xde_4 _paragraph_xtcu6_10 layout-component text-serif-m layout-normal text-serif-m layout-padded\">\u2013 Vi\u202fer veldig opptatt av \u00e5\u202fkunne gi passasjerene et forutsigbart og p\u00e5litelig togtilbud, forsikrer R\u00f8nning.<\/p>\n","protected":false},"excerpt":{"rendered":"Planen om \u00e5 \u00f8ke fra\u202f\u00e9n\u202ftil fire avganger per time mellom T\u00f8nsberg og Oslo blir utsatt\u202fet \u00e5r, til\u202fdesember 2027.\u202f&hellip;\n","protected":false},"author":2,"featured_media":133212,"comment_status":"","ping_status":"","sticky":false,"template":"","format":"standard","meta":{"footnotes":""},"categories":[10],"tags":[20,21,24,25,15,22,23,13,30,28,29,14,16,26,27],"class_list":{"0":"post-133211","1":"post","2":"type-post","3":"status-publish","4":"format-standard","5":"has-post-thumbnail","7":"category-norge","8":"tag-breaking-news","9":"tag-breakingnews","10":"tag-featured-news","11":"tag-featurednews","12":"tag-headlines","13":"tag-latest-news","14":"tag-latestnews","15":"tag-news","16":"tag-no","17":"tag-norge","18":"tag-norway","19":"tag-nyheter","20":"tag-overskrifter","21":"tag-top-stories","22":"tag-topstories"},"share_on_mastodon":{"url":"https:\/\/pubeurope.com\/@no\/115866218153078641","error":""},"_links":{"self":[{"href":"https:\/\/www.europesays.com\/no\/wp-json\/wp\/v2\/posts\/133211","targetHints":{"allow":["GET"]}}],"collection":[{"href":"https:\/\/www.europesays.com\/no\/wp-json\/wp\/v2\/posts"}],"about":[{"href":"https:\/\/www.europesays.com\/no\/wp-json\/wp\/v2\/types\/post"}],"author":[{"embeddable":true,"href":"https:\/\/www.europesays.com\/no\/wp-json\/wp\/v2\/users\/2"}],"replies":[{"embeddable":true,"href":"https:\/\/www.europesays.com\/no\/wp-json\/wp\/v2\/comments?post=133211"}],"version-history":[{"count":0,"href":"https:\/\/www.europesays.com\/no\/wp-json\/wp\/v2\/posts\/133211\/revisions"}],"wp:featuredmedia":[{"embeddable":true,"href":"https:\/\/www.europesays.com\/no\/wp-json\/wp\/v2\/media\/133212"}],"wp:attachment":[{"href":"https:\/\/www.europesays.com\/no\/wp-json\/wp\/v2\/media?parent=133211"}],"wp:term":[{"taxonomy":"category","embeddable":true,"href":"https:\/\/www.europesays.com\/no\/wp-json\/wp\/v2\/categories?post=133211"},{"taxonomy":"post_tag","embeddable":true,"href":"https:\/\/www.europesays.com\/no\/wp-json\/wp\/v2\/tags?post=133211"}],"curies":[{"name":"wp","href":"https:\/\/api.w.org\/{rel}","templated":true}]}}