{"id":133215,"date":"2026-01-09T17:04:08","date_gmt":"2026-01-09T17:04:08","guid":{"rendered":"https:\/\/www.europesays.com\/no\/133215\/"},"modified":"2026-01-09T17:04:08","modified_gmt":"2026-01-09T17:04:08","slug":"bam-margera-er-pa-en-mate-med","status":"publish","type":"post","link":"https:\/\/www.europesays.com\/no\/133215\/","title":{"rendered":"Bam Margera er p\u00e5 en m\u00e5te med"},"content":{"rendered":"\n<p class=\"_lead_o9xde_2 _lead_xtcu6_50 layout-component text-serif-m layout-normal text-serif-l layout-component layout-wide layout-padded _wide_17hqh_1 layout-padded\">Bam Margera (46) dukker opp i den nye \u00abJackass\u00bb-filmen, som har premiere til sommeren.<\/p>\n<p><img alt=\"Bam Margera, her avbildet i Los Angeles i 2013. Foto: Todd Williamson \/ AP \/ NTB\" class=\"_image_qp4xg_65 layout-component layout-wide\" data-fullscreen- data-track-element-type=\"Article image fullscreen\" data-track-name=\"ImageFullscreen\" fetchpriority=\"high\" decoding=\"sync\" loading=\"eager\" height=\"2301\" itemprop=\"image\"  src=\"https:\/\/www.europesays.com\/no\/wp-content\/uploads\/2026\/01\/beaf3600-03b6-4e5d-8208-4a77fb566f4b.jpeg\"  style=\"object-position:0% 0%\" width=\"3000\"\/>Bam Margera, her avbildet i Los Angeles i 2013. Foto: Todd Williamson \/ AP \/ NTB<\/p>\n<ul aria-hidden=\"true\" class=\"_images_ntbth_112\">\n<li><a class=\"_link_ntbth_117\" href=\"https:\/\/www.vg.no\/forfatter\/ntb\" style=\"z-index:1\" title=\"NTB\" rel=\"nofollow noopener\" target=\"_blank\"><img alt=\"Bilde av NTB\" class=\"_image_ntbth_93\" fetchpriority=\"low\" loading=\"lazy\" decoding=\"async\" itemprop=\"image\"  src=\"https:\/\/www.europesays.com\/no\/wp-content\/uploads\/2026\/01\/1767978247_679_c33980b0-5d07-4027-84a1-813f90a7c8d6.png\"  width=\"480\"\/><\/a><\/li>\n<\/ul>\n<p> Oppdatert fredag 9. januar kl. 17:24    <\/p>\n<ul class=\"_list_o9xde_3 _list_64s2r_85 _unordered_o9xde_106 text-sans-m\">\n<li class=\"_item_o9xde_30\">Bam Margera dukker opp i den nye \u00abJackass\u00bb-filmen gjennom gamle, ikke tidligere publiserte klipp.<\/li>\n<li class=\"_item_o9xde_30\">Den nye filmen har premiere til sommeren og vil inneholde b\u00e5de nye og arkivopptak.<\/li>\n<li class=\"_item_o9xde_30\">Margera ble droppet fra den fjerde filmen etter \u00e5 ha brutt en helseavtale.<\/li>\n<li class=\"_item_o9xde_30\">Johnny Knoxville annonserte at \u00abJackass\u00bb er tilbake denne sommeren.<\/li>\n<\/ul>\n<p>Vis mer <\/p>\n<p class=\"_paragraph_o9xde_4 _paragraph_xtcu6_10 layout-component text-serif-m layout-normal text-serif-m layout-padded\">Det skriver<a href=\"https:\/\/variety.com\/2026\/film\/news\/bam-margera-jackass-5-archival-footage-no-new-stunts-1236626366\/\" class=\"_link_o9xde_39\" rel=\"nofollow noopener\" target=\"_blank\"> Variety<\/a>, som p\u00e5peker at Margera kun har godkjent at gamle, ikke tidligere publiserte filmklipp av stunts kan brukes i \u00abJackass 5\u00bb. <\/p>\n<p class=\"_paragraph_o9xde_4 _paragraph_xtcu6_10 layout-component text-serif-m layout-normal text-serif-m layout-padded\"><strong class=\"_strong_o9xde_25\">Det er nemlig forel\u00f8pig ikke snakk om at han skal stille opp p\u00e5 ny galskap.<\/strong><\/p>\n<p class=\"_paragraph_o9xde_4 _paragraph_xtcu6_10 layout-component text-serif-m layout-normal text-serif-m layout-padded\">Den kommende filmen vil if\u00f8lge bransjenettstedet inneholde b\u00e5de nyinnspilte stuntscener  og tidligere upubliserte arkivopptak<\/p>\n<p class=\"_paragraph_o9xde_4 _paragraph_xtcu6_10 layout-component text-serif-m layout-normal text-serif-m layout-padded\">Rullebrettut\u00f8veren og radioverten Bam Margera spilte i MTV-serien og de tre f\u00f8rste \u00abJackass\u00bb-filmene, men ble droppet fra den fjerde, \u00abJackass Forever\u00bb, som kom i 2022.<\/p>\n<p>Ba om boikott<\/p>\n<p class=\"_paragraph_o9xde_4 _paragraph_xtcu6_10 layout-component text-serif-m layout-normal text-serif-m layout-padded\">If\u00f8lge Variety skal han angivelig \u00e5 ha brutt vilk\u00e5rene i en s\u00e5kalt \u00abhelseavtale\u00bb, som krevde regelmessige tester for narkotika og alkohol, noe han ikke tok n\u00e5dig opp.<\/p>\n<p><img alt=\"Johnny Knoxville og Bam Margera p\u00e5 premieren for \u00abJackass 3D\u00bb i 2010.\u00a0  Foto: Gero Breloer \/ AP \/ NTB\" class=\"_image_qp4xg_65 layout-component layout-normal\" data-fullscreen- data-track-element-type=\"Article image fullscreen\" data-track-name=\"ImageFullscreen\" decoding=\"async\" loading=\"lazy\" height=\"3264\" itemprop=\"image\"  src=\"https:\/\/www.europesays.com\/no\/wp-content\/uploads\/2026\/01\/6538d9b6-a199-4370-b0a9-7ccbf04b9e36.jpeg\"  style=\"object-position:0% 0%\" width=\"3075\"\/>Johnny Knoxville og Bam Margera p\u00e5 premieren for \u00abJackass 3D\u00bb i 2010.\u00a0  Foto: Gero Breloer \/ AP \/ NTB<\/p>\n<p class=\"_paragraph_o9xde_4 _paragraph_xtcu6_10 layout-component text-serif-m layout-normal text-serif-m layout-padded\">Bam Margera ba fansen om \u00e5 boikotte den nye filmen, mens regiss\u00f8r for Jackass-gjengen, Jeff Tremaine (59), fikk innvilget et tre\u00e5rig bes\u00f8ksforbud mot Margera.<\/p>\n<p class=\"_paragraph_o9xde_4 _paragraph_xtcu6_10 layout-component text-serif-m layout-normal text-serif-m layout-padded\">S\u00e5 sent som i fjor sommer avviste<a href=\"https:\/\/variety.com\/2025\/tv\/news\/bam-margera-no-jackass-reunion-1236469937\/\" class=\"_link_o9xde_39\" rel=\"nofollow noopener\" target=\"_blank\"> Margera <\/a>en eventuell gjenforening:<\/p>\n<p class=\"_paragraph_o9xde_4 _paragraph_xtcu6_10 layout-component text-serif-m layout-normal text-serif-m layout-padded\">\u2013 Du kunne ikke betalt meg nok penger til at jeg ville lage en ny \u00abJackass\u00bb sammen med dem. Skaden er skjedd.<\/p>\n<p>\u2013 Smell<\/p>\n<p class=\"_paragraph_o9xde_4 _paragraph_xtcu6_10 layout-component text-serif-m layout-normal text-serif-m layout-padded\">Onsdag skapte <a href=\"https:\/\/www.vg.no\/tag\/johnny-knoxville?utm_source=vg-article&amp;utm_medium=auto-tagger&amp;utm_campaign=L4nnxp\" class=\"_link_o9xde_39\" rel=\"nofollow noopener\" target=\"_blank\">Johnny Knoxville<\/a> (54) overskrifter da han la ut et bilde av den velkjente Jackass-logoen \u2013 en d\u00f8dningskalle med krykker i kors \u2013 p\u00e5<a href=\"https:\/\/www.instagram.com\/p\/DTPFikrEXfX\/?img_index=1\" class=\"_link_o9xde_39\" rel=\"nofollow noopener\" target=\"_blank\"> Instagram.<\/a><\/p>\n<p class=\"_paragraph_o9xde_4 _paragraph_xtcu6_10 layout-component text-serif-m layout-normal text-serif-m layout-padded\"><strong class=\"_strong_o9xde_25\">\u00abVi starter \u00e5ret med et smell! Vi ville bare si ifra om at Jackass er tilbake denne sommeren! Vi sees p\u00e5 kino 26. juni\u00bb.<\/strong><\/p>\n<p><img alt=\"Johnny Knoxville p\u00e5 et bilde fra september i fjor.  Foto: VALERIE MACON \/ AFP \/ NTB\" class=\"_image_qp4xg_65 layout-component layout-normal\" data-fullscreen- data-track-element-type=\"Article image fullscreen\" data-track-name=\"ImageFullscreen\" decoding=\"async\" loading=\"lazy\" height=\"3294\" itemprop=\"image\"  src=\"https:\/\/www.europesays.com\/no\/wp-content\/uploads\/2026\/01\/66af8709-d40d-43d9-a7e0-9791c29f3a06.jpeg\"  style=\"object-position:0% 0%\" width=\"4940\"\/>Johnny Knoxville p\u00e5 et bilde fra september i fjor.  Foto: VALERIE MACON \/ AFP \/ NTB<\/p>\n<p class=\"_paragraph_o9xde_4 _paragraph_xtcu6_10 layout-component text-serif-m layout-normal text-serif-m layout-padded\">I kommentarfeltet skriver Stephen Gilchrist Glover (51), langt mer kjent for \u00abJackass\u00bb-fansen som Steve-O, \u00abYeah dude\u00bb.<\/p>\n<p class=\"_paragraph_o9xde_4 _paragraph_xtcu6_10 layout-component text-serif-m layout-normal text-serif-m layout-padded\">Johnny Knoxville sa etter \u00abJackass Forever\u00bb at han egentlig<a href=\"https:\/\/variety.com\/2022\/film\/features\/johnny-knoxville-jackass-forever-bull-stunt-1235151773\/\" class=\"_link_o9xde_39\" rel=\"nofollow noopener\" target=\"_blank\"> ville legge inn \u00e5rene <\/a>\u2013 etter at et av hans legendariske oksestunts endte med hodeskade og bevisstl\u00f8shet.<\/p>\n<p class=\"_paragraph_o9xde_4 _paragraph_xtcu6_10 layout-component text-serif-m layout-normal text-serif-m layout-padded\"><strong class=\"_strong_o9xde_25\">Tilbakeblikk p\u00e5 tidligere \u00abJackass\u00bb-stunt:<\/strong><\/p>\n<p>Les ogs\u00e5<br \/>\n    <script async src=\"\/\/www.instagram.com\/embed.js\"><\/script><\/p>\n","protected":false},"excerpt":{"rendered":"Bam Margera (46) dukker opp i den nye \u00abJackass\u00bb-filmen, som har premiere til sommeren. Bam Margera, her avbildet&hellip;\n","protected":false},"author":2,"featured_media":133216,"comment_status":"","ping_status":"","sticky":false,"template":"","format":"standard","meta":{"footnotes":""},"categories":[58],"tags":[71,11824,30,28,29,72],"class_list":{"0":"post-133215","1":"post","2":"type-post","3":"status-publish","4":"format-standard","5":"has-post-thumbnail","7":"category-underholdning","8":"tag-entertainment","9":"tag-johnny-knoxville","10":"tag-no","11":"tag-norge","12":"tag-norway","13":"tag-underholdning"},"share_on_mastodon":{"url":"https:\/\/pubeurope.com\/@no\/115866230004967216","error":""},"_links":{"self":[{"href":"https:\/\/www.europesays.com\/no\/wp-json\/wp\/v2\/posts\/133215","targetHints":{"allow":["GET"]}}],"collection":[{"href":"https:\/\/www.europesays.com\/no\/wp-json\/wp\/v2\/posts"}],"about":[{"href":"https:\/\/www.europesays.com\/no\/wp-json\/wp\/v2\/types\/post"}],"author":[{"embeddable":true,"href":"https:\/\/www.europesays.com\/no\/wp-json\/wp\/v2\/users\/2"}],"replies":[{"embeddable":true,"href":"https:\/\/www.europesays.com\/no\/wp-json\/wp\/v2\/comments?post=133215"}],"version-history":[{"count":0,"href":"https:\/\/www.europesays.com\/no\/wp-json\/wp\/v2\/posts\/133215\/revisions"}],"wp:featuredmedia":[{"embeddable":true,"href":"https:\/\/www.europesays.com\/no\/wp-json\/wp\/v2\/media\/133216"}],"wp:attachment":[{"href":"https:\/\/www.europesays.com\/no\/wp-json\/wp\/v2\/media?parent=133215"}],"wp:term":[{"taxonomy":"category","embeddable":true,"href":"https:\/\/www.europesays.com\/no\/wp-json\/wp\/v2\/categories?post=133215"},{"taxonomy":"post_tag","embeddable":true,"href":"https:\/\/www.europesays.com\/no\/wp-json\/wp\/v2\/tags?post=133215"}],"curies":[{"name":"wp","href":"https:\/\/api.w.org\/{rel}","templated":true}]}}