{"id":133217,"date":"2026-01-09T17:08:11","date_gmt":"2026-01-09T17:08:11","guid":{"rendered":"https:\/\/www.europesays.com\/no\/133217\/"},"modified":"2026-01-09T17:08:11","modified_gmt":"2026-01-09T17:08:11","slug":"alkoholpolitikk-roper-varsko-om-vm-skjenking","status":"publish","type":"post","link":"https:\/\/www.europesays.com\/no\/133217\/","title":{"rendered":"Alkoholpolitikk: Roper varsko om VM-skjenking"},"content":{"rendered":"<p class=\"kicker \" style=\"\">Alkoholpolitikk:<\/p>\n<p>    Mange politikere burde ogs\u00e5 ta seg en hvit januar, mener Actis &#8211; rusfeltets samarbeidsorgan.<\/p>\n<p>\n    DRIKKEPAUSE: Generalsekret\u00e6ren i Actis sl\u00e5r et slag for \u00e5 legge til rette for mindre alkoholforbruk i landet. Illustrasjonsfoto: Lise \u00c5serud \/ NTB\n  <\/p>\n<p>Norske politikere b\u00f8r trene p\u00e5 edruelighet i skjenkepolitikken for at folkehelse fortsatt skal trumfe n\u00e6ringshensyn.<\/p>\n<p>Mens titusener av nordmenn starter \u00e5ret med en drikkepause, \u00f8nsker politikere land og strand rundt \u00e5 legge til rette for mer skjenking og f\u00e6rre begrensninger p\u00e5 inntak av alkohol, blant annet p\u00e5 idrettsarenaer, torg, parker og andre offentlige steder.<\/p>\n<p>Satt p\u00e5 spissen er svaret fra politikerne, n\u00e5r folk selv \u00f8nsker \u00e5 drikke mindre, \u00e5 legge til rette for mer.<\/p>\n<p>        <img loading=\"lazy\" decoding=\"async\" itemprop=\"image\" src=\"https:\/\/www.europesays.com\/no\/wp-content\/uploads\/2026\/01\/84061235.webp.webp\" width=\"180\" height=\"180\" alt=\"Inger Lise Hansen\"\/><\/p>\n<p>            Inger Lise Hansen<br \/>\n            Inger Lise<br \/>\n            Hansen        <\/p>\n<p>Generalsekret\u00e6r i Actis &#8211; rusfeltets samarbeidsorgan<\/p>\n<p>If\u00f8lge Bl\u00e5 Kors har over \u00e9n av tre nordmenn sagt at de vurderer \u00e5 ta en hvit m\u00e5ned. Noen kan ha blitt inspirert av oppfordringer eller kampanjer p\u00e5 Tik Tok eller Instagram, andre av en utfordring fra samboer eller en venn. For mange handler det om noe s\u00e5 enkelt som kroppens egne signaler om \u00e5 roe ned litt for \u00e5 komme tilbake i godt gammelt slag.<\/p>\n<p>    Har du ogs\u00e5 noe p\u00e5 hjertet?<\/p>\n<p>Har du en mening som du gjerne vil dele med oss? Vi vil h\u00f8re fra deg! Send oss ditt forslag til debattinnlegg p\u00e5\u00a0<a href=\"https:\/\/www.dagbladet.no\/meninger\/roper-varsko-om-vm-skjenking\/mailto:debatt@dagbladet.no\" rel=\"nofollow noopener\" target=\"_blank\">epost<\/a>.<\/p>\n<p>Et meningsinnlegg b\u00f8r ikke overstige 5000 tegn.<\/p>\n<p>      Vis mer<br \/>\n      Vis mindre<\/p>\n<p>Det mangler heller ikke p\u00e5 st\u00f8tte og heiarop fra sidelinjen, ogs\u00e5 fra myndighetene. Friske og raske innbyggere er bra for folkehelsen, noe som p\u00e5 papiret alltid st\u00e5r h\u00f8yt p\u00e5 politikernes prioriteringsliste.<\/p>\n<p>Likevel koster det ikke statsministeren en kalori \u00e5 love \u00f8l i kranene n\u00e5r landslaget spiller kamp i fotball-VM, uansett tidspunkt p\u00e5 d\u00f8gnet.\u00a0<\/p>\n<p>    <a itemprop=\"url\" href=\"https:\/\/www.dagbladet.no\/meninger\/nok-er-nok\/84048089\" rel=\"nofollow noopener\" target=\"_blank\"><\/p>\n<p>        <img loading=\"lazy\" decoding=\"async\" src=\"https:\/\/www.europesays.com\/no\/wp-content\/uploads\/2026\/01\/1767978489_507_81409263.webp.webp\" width=\"980\" height=\"441\" title=\"Nok er nok\" alt=\"\" class=\"lazyload\" style=\"--aspect-ratio-image: 2.22; \"\/><\/p>\n<p>        Nok er nok<\/p>\n<p>    <\/a><\/p>\n<p>Det er ikke vanskelig \u00e5 forst\u00e5 et slikt utspill i gledesrusen og \u00f8nsket om \u00e5 v\u00e6re med p\u00e5 vinnerlaget. Medgangssupporter, kalles det vel p\u00e5 fotballspr\u00e5ket. St\u00f8re m\u00e5 regne med at dette \u00abstuntet\u00bb blir brukt som brekkstang for nye unntak i lovverket, og at det p\u00e5 sikt blir stadig vanskeligere i denne typen saker \u00e5 sette folkehelsen f\u00f8rst.<\/p>\n<p>    <a itemprop=\"url\" href=\"https:\/\/www.dagbladet.no\/meninger\/hvit-gant-skjorte-i-barnehagen\/84001854\" rel=\"nofollow noopener\" target=\"_blank\"><\/p>\n<p>        <img loading=\"lazy\" decoding=\"async\" src=\"https:\/\/www.europesays.com\/no\/wp-content\/uploads\/2026\/01\/84002625.webp.webp\" width=\"980\" height=\"441\" title=\"Hvit Gant-skjorte i barnehagen\" alt=\"\" class=\"lazyload\" style=\"--aspect-ratio-image: 2.22; \"\/><\/p>\n<p>        Hvit Gant-skjorte i barnehagen<\/p>\n<p>    <\/a><\/p>\n<p>Med en opplevd liberaliseringsvind i ryggen har det i ulike partier og kommuner blitt lansert forslag om \u00e5 \u00abmyke opp\u00bb alkoholpolitikken. Forslagene er ulike og befinner seg p\u00e5 forskjellige stadier i prosessene. Noen diskuteres, andre er kommet lengre.<\/p>\n<p class=\"font-weight-bold m-font-weight-bold\" data-lab-font_weight=\"font-weight-bold\">Blant tiltakene som ligger i potten lokalt og\/eller nasjonalt er blant annet:<\/p>\n<ul data-lab-font_weight=\"font-weight-normal\" class=\"font-weight-normal m-font-weight-normal\">\n<li class=\"lab-bodytext-line\">tilrettelegging for partysoner i parker, ofte omtalt som \u00abpils i park\u00bb<\/li>\n<li class=\"lab-bodytext-line\">en mer rundh\u00e5ndet h\u00e5ndtering av skjenkebevillinger p\u00e5 idrettsarenaer og andre samlingspunkter der ogs\u00e5 barn oppholder seg<\/li>\n<li class=\"lab-bodytext-line\">utvidede skjenketider for utesteder og restauranter<\/li>\n<li class=\"lab-bodytext-line\">tillempinger av reklameforbudet<\/li>\n<li class=\"lab-bodytext-line\">adgang til salg av alkohol i selvbetjente dagligvarebutikker<\/li>\n<li class=\"lab-bodytext-line\">skjenkebevillinger til handelsbedrifter som fris\u00f8rer, bilforretninger og tatoveringssjapper<\/li>\n<li class=\"lab-bodytext-line\">tidligere skjenking p\u00e5 17. mai<\/li>\n<li class=\"lab-bodytext-line\">en utvidelse av direktesalg fra sm\u00e5bryggerier, g\u00e5rder og sm\u00e5bruk<\/li>\n<\/ul>\n<p class=\"font-weight-normal m-font-weight-normal\" data-lab-font_weight=\"font-weight-normal\">Listen er lang, og selv om hvert enkelt punkt i seg selv ikke f\u00e5r verden til \u00e5 g\u00e5 under, vil summen f\u00f8re til en uthuling av alkoholpolitikken v\u00e5r.\u00a0<\/p>\n<p class=\"font-weight-normal m-font-weight-normal\" data-lab-font_weight=\"font-weight-normal\">En politikk som nettopp bygger p\u00e5 mange sm\u00e5 tiltak de aller fleste lever fint med. Begynner politikerne \u00e5 nappe ut klosser i dette t\u00e5rnet, vil byggverket uansett hvor forsiktig man pr\u00f8ver \u00e5 v\u00e6re, begynne \u00e5 vakle.\u00a0<\/p>\n<p>    <a itemprop=\"url\" href=\"https:\/\/www.dagbladet.no\/meninger\/ringer-i-varselsbjella-folk-dor\/83785009\" rel=\"nofollow noopener\" target=\"_blank\"><\/p>\n<p>        <img loading=\"lazy\" decoding=\"async\" src=\"https:\/\/www.europesays.com\/no\/wp-content\/uploads\/2026\/01\/83790314.webp.webp\" width=\"980\" height=\"441\" title=\"Ringer i varselsbjella: - Folk d\u00f8r\" alt=\"\" class=\"lazyload\" style=\"--aspect-ratio-image: 2.22; \"\/><\/p>\n<p>        Ringer i varselsbjella: &#8211; Folk d\u00f8r<\/p>\n<p>    <\/a><\/p>\n<p class=\"font-weight-normal m-font-weight-normal\" data-lab-font_weight=\"font-weight-normal\">Da st\u00e5r heller ikke Vinmonopol-ordningen like st\u00f8tt.<\/p>\n<p class=\"font-weight-normal m-font-weight-normal\" data-lab-font_weight=\"font-weight-normal\">I en tid med krise i kommune\u00f8konomien, utflytting og en utelivsbransje som sliter, er det selvsagt at n\u00e6ringspolitikk har h\u00f8y prioritet. Det m\u00e5 den ha. Men det g\u00e5r an \u00e5 ha to tanker i hodet samtidig. Det har vi klart rimelig godt frem til n\u00e5.<\/p>\n<p class=\"font-weight-normal m-font-weight-normal\" data-lab-font_weight=\"font-weight-normal\">For noen er hvit januar en form for faste som er over idet vi blar om til februar i kalenderen. For andre kan hvit januar gi mersmak og v\u00e6re starten p\u00e5 en livsstilsendring. Uansett er det et tydelig signal b\u00e5de til kroppen og til politikerne om at mange \u00f8nsker mindre alkohol, ikke mer.<\/p>\n<p class=\"font-weight-normal m-font-weight-normal\" data-lab-font_weight=\"font-weight-normal\">Kanskje ogs\u00e5 politikken p\u00e5 dette omr\u00e5det hadde hatt godt av en hvit januar.<\/p>\n","protected":false},"excerpt":{"rendered":"Alkoholpolitikk: Mange politikere burde ogs\u00e5 ta seg en hvit januar, mener Actis &#8211; rusfeltets samarbeidsorgan. DRIKKEPAUSE: Generalsekret\u00e6ren i&hellip;\n","protected":false},"author":2,"featured_media":133218,"comment_status":"","ping_status":"","sticky":false,"template":"","format":"standard","meta":{"footnotes":""},"categories":[10],"tags":[1095,20,21,37,24,25,4472,15,4265,22,23,156,13,30,28,29,14,16,41,26,27],"class_list":{"0":"post-133217","1":"post","2":"type-post","3":"status-publish","4":"format-standard","5":"has-post-thumbnail","7":"category-norge","8":"tag-alkohol","9":"tag-breaking-news","10":"tag-breakingnews","11":"tag-debatt","12":"tag-featured-news","13":"tag-featurednews","14":"tag-fotball-vm","15":"tag-headlines","16":"tag-kronikk","17":"tag-latest-news","18":"tag-latestnews","19":"tag-meninger","20":"tag-news","21":"tag-no","22":"tag-norge","23":"tag-norway","24":"tag-nyheter","25":"tag-overskrifter","26":"tag-politikk","27":"tag-top-stories","28":"tag-topstories"},"share_on_mastodon":{"url":"https:\/\/pubeurope.com\/@no\/115866246044527083","error":""},"_links":{"self":[{"href":"https:\/\/www.europesays.com\/no\/wp-json\/wp\/v2\/posts\/133217","targetHints":{"allow":["GET"]}}],"collection":[{"href":"https:\/\/www.europesays.com\/no\/wp-json\/wp\/v2\/posts"}],"about":[{"href":"https:\/\/www.europesays.com\/no\/wp-json\/wp\/v2\/types\/post"}],"author":[{"embeddable":true,"href":"https:\/\/www.europesays.com\/no\/wp-json\/wp\/v2\/users\/2"}],"replies":[{"embeddable":true,"href":"https:\/\/www.europesays.com\/no\/wp-json\/wp\/v2\/comments?post=133217"}],"version-history":[{"count":0,"href":"https:\/\/www.europesays.com\/no\/wp-json\/wp\/v2\/posts\/133217\/revisions"}],"wp:featuredmedia":[{"embeddable":true,"href":"https:\/\/www.europesays.com\/no\/wp-json\/wp\/v2\/media\/133218"}],"wp:attachment":[{"href":"https:\/\/www.europesays.com\/no\/wp-json\/wp\/v2\/media?parent=133217"}],"wp:term":[{"taxonomy":"category","embeddable":true,"href":"https:\/\/www.europesays.com\/no\/wp-json\/wp\/v2\/categories?post=133217"},{"taxonomy":"post_tag","embeddable":true,"href":"https:\/\/www.europesays.com\/no\/wp-json\/wp\/v2\/tags?post=133217"}],"curies":[{"name":"wp","href":"https:\/\/api.w.org\/{rel}","templated":true}]}}