{"id":133219,"date":"2026-01-09T17:09:45","date_gmt":"2026-01-09T17:09:45","guid":{"rendered":"https:\/\/www.europesays.com\/no\/133219\/"},"modified":"2026-01-09T17:09:45","modified_gmt":"2026-01-09T17:09:45","slug":"over-200-skoler-bryter-laerernormen","status":"publish","type":"post","link":"https:\/\/www.europesays.com\/no\/133219\/","title":{"rendered":"Over 200 skoler bryter l\u00e6rernormen"},"content":{"rendered":"<p>    Stadig f\u00e6rre skoler mangler l\u00e6rere, men fortsatt er det noen som sliter med \u00e5 oppfylle lovkravet.<\/p>\n<p>        Foto: Ole Martin Wold\n    <\/p>\n<p>En gjennomgang av <a href=\"https:\/\/www.udir.no\/tall-og-forskning\/statistikk\/statistikk-grunnskole\/tall-for-larertetthet-i-grunnskolen\/\" rel=\"nofollow noopener\" target=\"_blank\">tall fra Utdanningsdirektoratet<\/a> viser at rundt 240 skoler<br \/>\nbryter normen for l\u00e6rertetthet.\u00a0Det er f\u00e6rre enn i fjor, da tallene <a href=\"https:\/\/www.utdanningsnytt.no\/frp-gsi-holmestrand\/300-norske-skoler-bryter-laerernormen\/429093\" rel=\"nofollow noopener\" target=\"_blank\">viste at over 300 skoler<br \/>\nbr\u00f8t normen<\/a>.<\/p>\n<p>Flest brudd finner man p\u00e5 1.-4. trinn, hvor 150 skoler ikke<br \/>\nhar l\u00e6rere nok.\u00a0<\/p>\n<p> Dagens norm gjelder p\u00e5 skoleniv\u00e5, hvor det i snitt i ikke skal v\u00e6re mer enn 15 elever per l\u00e6rer p\u00e5 1.-4. trinn, og ikke mer enn 20 elever per l\u00e6rer p\u00e5 5.-10. trinn. <\/p>\n<p>Det er n\u00e6rmere 2400 offentlige grunnskoler i Norge. Det<br \/>\nbetyr at rundt en av ti skoler ikke oppfyller l\u00e6rernormen. Andelen er omtrent<br \/>\nlik som for ett \u00e5r siden ettersom det har blitt noe f\u00e6rre skoler totalt sett i<br \/>\nlandet.<\/p>\n<p> \u2013 Ingen dramatikk<\/p>\n<p>En av skolene hvor tallene fra i fjor h\u00f8st viser brudd p\u00e5<br \/>\nl\u00e6rernormen, er Hommers\u00e5k skole i Sandnes kommune i Rogaland.<\/p>\n<p>                <img decoding=\"async\" src=\"https:\/\/www.europesays.com\/no\/wp-content\/uploads\/2026\/01\/467944.jpg\" width=\"480\" height=\"341\" title=\"Hommers\u00e5k skole.\" alt=\"\" loading=\"lazy\" style=\"\"\/><\/p>\n<p>\n            Hommers\u00e5k skole.<br \/>\n            Foto: Hommers\u00e5k skole\n        <\/p>\n<p>Rektor ved skolen Tormod Nybru, sier \u00e5rsaken var at de m\u00e5tte<br \/>\nflytte noe mer enn planlagt av l\u00e6rerressursene til \u00e5 f\u00f8lge opp elever med<br \/>\nvedtak om individuelt tilrettelagt oppl\u00e6ring (ITO).<\/p>\n<p>\u2013 Vi er en noks\u00e5 liten skole, s\u00e5 sm\u00e5 endringer kan gi ganske<br \/>\nstore utslag p\u00e5 tallene, sier Nybru.<\/p>\n<p>Han forteller at de har nok l\u00e6rere til at de i utgangspunktet<br \/>\noppfyller l\u00e6rernormen, men at st\u00f8rre endringer i vedtak om ITO er vanskelig \u00e5<br \/>\nplanlegge for.<\/p>\n<p>\u2013 Men det er ingen dramatikk i dette for oss. Vi har god<br \/>\nvoksentetthet og resultatene v\u00e5re er gode, s\u00e5 jeg er ikke bekymret for<br \/>\nforsvarlig drift av skolen. N\u00e5r det er sagt, skulle jeg gjerne \u00f8nsket at<br \/>\ntallene l\u00e5 innenfor l\u00e6rernormen, og det tror jeg ogs\u00e5 vi vil v\u00e6re i l\u00f8pet av<br \/>\nv\u00e5ren, sier Nybru.<\/p>\n<p> \u2013 God rettesnor<\/p>\n<p>Han sier de n\u00e5 har dekning etter normen p\u00e5 1-.4. trinn, mens<br \/>\nde fortsatt ligger litt over p\u00e5 5.-7. trinn.<\/p>\n<p class=\"italic m-italic\" data-lab-italic=\"italic\">\u2013 Det er delte meninger blant skoleledere om l\u00e6rernormen,<br \/>\nhvordan ser du p\u00e5 normen?<\/p>\n<p>\u2013 Det er en god rettesnor \u00e5 ha for \u00e5 sikre l\u00e6rertettheten<br \/>\nved skolen. S\u00e5 er det v\u00e5r jobb \u00e5 utnytte l\u00e6rerressursene godt nok slik at flest<br \/>\nmulig elever kan delta i ordin\u00e6r undervisning, sier Nybru.<\/p>\n<p>Han peker p\u00e5 at tidlig innsats med gode tiltak rettet mot de<br \/>\nyngre elevgruppene, kan bidra til mindre behov for vedtak om ITO senere i skolel\u00f8pet.<br \/>\nSamtidig understreker han at enkelte elever vil ha mer omfattende behov for<br \/>\ntilrettelegging hele skolel\u00f8pet.<\/p>\n<p>\u2013 Derfor er det ikke alltid s\u00e5 lett \u00e5 beregne hvor mye<br \/>\nressurser som trengs til individuell tilrettelegging, sier Nybru.<\/p>\n<p class=\"font-weight-bold m-font-weight-bold\" data-lab-font_weight=\"font-weight-bold\">Les ogs\u00e5:\u00a0 <a href=\"https:\/\/www.utdanningsnytt.no\/bemanning-bemanningskrise-bemanningsnorm\/ma-velge-mellom-a-bryte-laerernorm-eller-a-folge-opp-elever-med-vedtak\/457516\" rel=\"nofollow noopener\" target=\"_blank\">M\u00e5 velge mellom \u00e5 bryte l\u00e6rernorm eller \u00e5 f\u00f8lge opp elever med vedtak<\/a> <\/p>\n<p>Strides om norm<\/p>\n<p>L\u00e6rernormen ble innf\u00f8rt i 2018, og har siden v\u00e6rt et<br \/>\nstridstema mellom arbeidsgiver- og arbeidstakersiden i offentlig sektor. Utdanningsforbundet<br \/>\ner opptatt av at normen sikrer et minstekrav til l\u00e6rertetthet og hindrer store<br \/>\nl\u00e6rerkutt i kommuner med presset \u00f8konomi. Mens kommuneorganisasjonen KS mener<br \/>\nnormen er en tvangstr\u00f8ye som ikke gir kommunene fleksibilitet til \u00e5 sette inn<br \/>\nl\u00e6rere der det er st\u00f8rst behov for dem. <\/p>\n<p>KS har sagt at de \u00f8nsker at normen<a href=\"https:\/\/www.utdanningsnytt.no\/ann-mari-milo-lorentzen-bemanning-bemanningsnorm\/gehor-for-stemmer-fra-den-kommunale-hverdagen\/440005\" rel=\"nofollow noopener\" target=\"_blank\"> heller skal gjelde p\u00e5 kommuneniv\u00e5<\/a>, slik<br \/>\nat kommunene for eksempel kan velge \u00e5 prioritere flere l\u00e6rere p\u00e5 skoler med<br \/>\nekstra utfordringer.<\/p>\n<p>KS mener det kan gj\u00f8re at \u00abfor eksempel bykommuner med<br \/>\ninterne sosio\u00f8konomiske forskjeller (f\u00e5r) mulighet til \u00e5 flytte ressurser til<br \/>\ntrinn og skoler hvor det er s\u00e6rlig behov for \u00e5 styrke st\u00f8tten til elevene\u00bb. \u00abI<br \/>\nen ideell situasjon kunne kommunene \u00f8kt bemanningen utover l\u00e6rernormene, men<br \/>\ndette er det verken \u00f8konomi eller nok fagfolk til i kommunesektoren\u00bb, skrev KS<br \/>\ni en pressemelding i februar i fjor.<\/p>\n<p>Utdanningsforbundet mener en l\u00e6rernorm p\u00e5 kommuneniv\u00e5 vil<br \/>\nf\u00f8re til st\u00f8rre forskjeller mellom skolene og ulik kvalitet p\u00e5 tilbudet til<br \/>\nelevene. Og dersom normen fjernes mener forbundet at \u00abalt tyder p\u00e5 at det vil<br \/>\npresses langt flere elever inn i klasserommene\u00bb. De viser til at da maks<br \/>\nelevtall for klassest\u00f8rrelse forsvant i 2003, medf\u00f8rte det umiddelbart det ble<br \/>\nst\u00f8rre klasser en rekke steder.<\/p>\n<p class=\"font-weight-bold m-font-weight-bold\" data-lab-font_weight=\"font-weight-bold\">Les ogs\u00e5:\u00a0 <a href=\"https:\/\/www.utdanningsnytt.no\/arbeiderpartiet-bemanning-frp\/hoyre-apner-for-a-endre-laerernormen\/427589\" rel=\"nofollow noopener\" target=\"_blank\">H\u00f8yre \u00e5pner for \u00e5 endre l\u00e6rernormen<\/a> <\/p>\n<p class=\"font-weight-bold m-font-weight-bold\" data-lab-font_weight=\"font-weight-bold\">Fredag denne uken kommer Kommunekommisjonen med sine f\u00f8rste anbefalinger om mer effektiv drift av kommunene. Det er ventet at et av diskusjonstemaene kan v\u00e6re nettopp l\u00e6rernormen.<\/p>\n<p>                <img decoding=\"async\" src=\"https:\/\/www.europesays.com\/no\/wp-content\/uploads\/2026\/01\/427118.jpg\" width=\"480\" height=\"274\" title=\"Styreleder i KS, Gunn Marit Helgesen\" alt=\"\" loading=\"lazy\" style=\"\"\/><\/p>\n<p>\n            Styreleder i KS, Gunn Marit Helgesen<br \/>\n            Foto: Hege K. Fosser Pedersen\/KS\n        <\/p>\n<p>                <img decoding=\"async\" src=\"https:\/\/www.europesays.com\/no\/wp-content\/uploads\/2026\/01\/465337.jpg\" width=\"480\" height=\"274\" title=\"Utdanningsforbundets leder Geir R\u00f8svoll.\" alt=\"\" loading=\"lazy\" style=\"\"\/><\/p>\n<p>\n            Utdanningsforbundets leder Geir R\u00f8svoll.<br \/>\n            Foto: Harald \u00c5ker\/Utdanningsforbundet\n        <\/p>\n<p>Mer penger til skole etter norm<\/p>\n<p>NIFU evaluerte innf\u00f8ringen av l\u00e6rernormen, og hvilke<br \/>\neffekter det hadde. I <a href=\"https:\/\/www.nifu.no\/rapporter\/evaluering-av-norm-for-laerertetthet-sluttrapport\/ \" rel=\"nofollow noopener\" target=\"_blank\">sluttrapporten deres<\/a> fra 2022 oppsummerte de:<\/p>\n<ul>\n<li class=\"lab-bodytext-line\">Innf\u00f8ring av normen har f\u00f8rt til flere l\u00e6rere. I hovedsak var<br \/>\ndet store skoler i storbyer og folkerike kommuner p\u00e5 \u00d8stlandet som hadde f\u00e5tt<br \/>\ntilf\u00f8rt flere l\u00e6rere, ettersom disse i st\u00f8rst grad ikke oppfylte normen da den<br \/>\nble innf\u00f8rt.\u00a0<\/li>\n<li class=\"lab-bodytext-line\">Skoler med relativt gode resultater, lavere minoritetsandel og h\u00f8y<br \/>\nandel elever med foreldre med h\u00f8yere utdanning hadde f\u00e5tt flest nye l\u00e6rere. Dette<br \/>\nfordi kommuner tidligere omfordelte ressurser fra disse skolene til skoler i<br \/>\nomr\u00e5der med sosio\u00f8konomiske utfordringer.<\/li>\n<li class=\"lab-bodytext-line\">NIFU skrev at skolesektorens posisjon har blitt svekket<br \/>\nover tid i kommunene, og at de f\u00e5r mindre andel av ressursene enn f\u00f8r. Etter<br \/>\ninnf\u00f8ring av l\u00e6rernormen fant de at kommunene bruker noe mer av inntektene p\u00e5<br \/>\nskole. \u00abDette kan tyde p\u00e5 at normen f\u00f8rer til \u00f8kt prioritering av<br \/>\nskoletjenester i kommunene, selv om skolesektorens posisjon i forhold til andre<br \/>\nkommunale tjenester fremdeles svekkes\u00bb, skrev NIFU-forskerne, samtidig som de<br \/>\npekte p\u00e5 at dette i hovedsak gjaldt de store kommunene.<\/li>\n<li class=\"lab-bodytext-line\">NIFU fant ikke at l\u00e6rernormen f\u00f8rte til at kommunene<br \/>\nnedbemanner andre yrkesgrupper i skolene, som assistenter, milj\u00f8terapeuter,<br \/>\neller ressurser til spesialundervisning.<\/li>\n<li class=\"lab-bodytext-line\">En sp\u00f8rreunders\u00f8kelse blant skoleeiere og skoleledere viste<br \/>\nat de opplevde at normen ga dem mindre fleksibilitet og redusert styringsrom,<br \/>\nif\u00f8lge NIFU-rapporten.<\/li>\n<li class=\"lab-bodytext-line\">NIFU-forskerne fant ingen tegn til at elevenes l\u00e6ring og<br \/>\ntrivsel hadde endret seg etter at normen ble innf\u00f8rt. L\u00e6rerunders\u00f8kelsen som<br \/>\nNIFU-forskerne gjennomf\u00f8rte viste at l\u00e6rerne mente det var de svakt presterende<br \/>\nelever med l\u00e6revansker eller med vedtak om spesialundervisning som i st\u00f8rst<br \/>\ngrad tjente p\u00e5 h\u00f8yere l\u00e6rertetthet.<\/li>\n<\/ul>\n","protected":false},"excerpt":{"rendered":"Stadig f\u00e6rre skoler mangler l\u00e6rere, men fortsatt er det noen som sliter med \u00e5 oppfylle lovkravet. Foto: Ole&hellip;\n","protected":false},"author":2,"featured_media":133220,"comment_status":"","ping_status":"","sticky":false,"template":"","format":"standard","meta":{"footnotes":""},"categories":[5],"tags":[20,21,24,25,15,19,22,23,17,18,13,30,28,29,14,16,26,27],"class_list":{"0":"post-133219","1":"post","2":"type-post","3":"status-publish","4":"format-standard","5":"has-post-thumbnail","7":"category-overskrifter","8":"tag-breaking-news","9":"tag-breakingnews","10":"tag-featured-news","11":"tag-featurednews","12":"tag-headlines","13":"tag-hovedoppslag","14":"tag-latest-news","15":"tag-latestnews","16":"tag-main-news","17":"tag-mainnews","18":"tag-news","19":"tag-no","20":"tag-norge","21":"tag-norway","22":"tag-nyheter","23":"tag-overskrifter","24":"tag-top-stories","25":"tag-topstories"},"share_on_mastodon":{"url":"https:\/\/pubeurope.com\/@no\/115866249696274291","error":""},"_links":{"self":[{"href":"https:\/\/www.europesays.com\/no\/wp-json\/wp\/v2\/posts\/133219","targetHints":{"allow":["GET"]}}],"collection":[{"href":"https:\/\/www.europesays.com\/no\/wp-json\/wp\/v2\/posts"}],"about":[{"href":"https:\/\/www.europesays.com\/no\/wp-json\/wp\/v2\/types\/post"}],"author":[{"embeddable":true,"href":"https:\/\/www.europesays.com\/no\/wp-json\/wp\/v2\/users\/2"}],"replies":[{"embeddable":true,"href":"https:\/\/www.europesays.com\/no\/wp-json\/wp\/v2\/comments?post=133219"}],"version-history":[{"count":0,"href":"https:\/\/www.europesays.com\/no\/wp-json\/wp\/v2\/posts\/133219\/revisions"}],"wp:featuredmedia":[{"embeddable":true,"href":"https:\/\/www.europesays.com\/no\/wp-json\/wp\/v2\/media\/133220"}],"wp:attachment":[{"href":"https:\/\/www.europesays.com\/no\/wp-json\/wp\/v2\/media?parent=133219"}],"wp:term":[{"taxonomy":"category","embeddable":true,"href":"https:\/\/www.europesays.com\/no\/wp-json\/wp\/v2\/categories?post=133219"},{"taxonomy":"post_tag","embeddable":true,"href":"https:\/\/www.europesays.com\/no\/wp-json\/wp\/v2\/tags?post=133219"}],"curies":[{"name":"wp","href":"https:\/\/api.w.org\/{rel}","templated":true}]}}