{"id":133225,"date":"2026-01-09T17:16:16","date_gmt":"2026-01-09T17:16:16","guid":{"rendered":"https:\/\/www.europesays.com\/no\/133225\/"},"modified":"2026-01-09T17:16:16","modified_gmt":"2026-01-09T17:16:16","slug":"bjarne-brondbo-foler-seg-trakassert-pa-flyplassen","status":"publish","type":"post","link":"https:\/\/www.europesays.com\/no\/133225\/","title":{"rendered":"Bjarne Br\u00f8ndbo: F\u00f8ler seg trakassert p\u00e5 flyplassen:"},"content":{"rendered":"<p>Bjarne Br\u00f8ndbo (61) hevder at han ble trakassert ved Oslo Lufthavn da han skulle ut og fly f\u00f8r jul.\u00a0<\/p>\n<p>Det kommer fram i en klage sendt til Avinor.\u00a0 \u00a0<\/p>\n<p> \u2013 H\u00e5per at den ansatte kan kurses i \u00e5 ikke v\u00e6re s\u00e5 maktsyk i sin uniformsposisjon, skriver Br\u00f8ndbo i klagen.<\/p>\n<p data-lab-font_weight=\"\">TV 2 har sett klagen til Br\u00f8nbo, som ble sendt til Avinor 14. desember 2025.\u00a0<\/p>\n<p><a href=\"https:\/\/flysmart24.no\/2026\/01\/09\/bjarne-brondbo-trakassert-pa-flyplassen\/?fbclid=IwY2xjawPNmAdleHRuA2FlbQIxMQBzcnRjBmFwcF9pZBAyMjIwMzkxNzg4MjAwODkyAAEeetn8OEydWRNlrQRARYp0Yx3OSt3H3sIrxJBeSshfhMJ6xXVfMT3cKzdbOM4_aem_6i3B34H3H2L18_en7f55Sw\" rel=\"nofollow noopener\" target=\"_blank\">Flysmart24<\/a>\u00a0omtalte saken f\u00f8rst.\u00a0<\/p>\n<p class=\"italic m-italic\" data-lab-italic=\"italic\">TV 2 har v\u00e6rt i kontakt med Bjarne Br\u00f8ndbo som ikke \u00f8nsker \u00e5 kommentere saken ytterligere.\u00a0<\/p>\n<p>\u2013 Meget ubehagelig\u00a0<\/p>\n<p>I klagen til Avinor forklarer vokalisten at en vakt ved sikkerhetskontrollen skulle bestemme n\u00e5r hans kasser med h\u00e5ndbagasje fikk plass p\u00e5 b\u00e5ndet.\u00a0<\/p>\n<p>Br\u00f8ndbo forteller at han m\u00e5tte vente, og hevder at han fikk kjeft for \u00e5 flytte kasser som allerede var plassert p\u00e5 b\u00e5ndet. <\/p>\n<p>Han forklarer at det var utfordrende \u00e5 f\u00e5 plass til sine kasser da de tre som sto bak han plasserte ut kasser p\u00e5 b\u00e5ndet kontinuerlig.\u00a0<\/p>\n<p> \u2013 N\u00e5r jeg s\u00e5 endelig fikk plassert de tre plastkassene mine, ble jeg beskyldt for \u00e5 snike i k\u00f8en f\u00f8r r\u00f8ntgen\/metalldetektoren. Jeg stod jo naturlig fremst, men ble beordre bakerst av alle. Trakassering kaller jeg dette. Som en offentlig kjent person s\u00e5 var hele situasjonen meget ubehagelig, skriver Br\u00f8ndbo i klagen.<\/p>\n<p>        <img class=\"image__img lazyload\" itemprop=\"image\" title=\"Foto: Jan Helge Rambjor\/TV 2\" alt=\"REISER MYE: Bjarne Br\u00f8ndbo reiser mye i forbindelse med jobb. Foto: Jan Helge Rambjor\/TV 2\" width=\"675\" height=\"439\" bad-src=\"https:\/\/www.europesays.com\/no\/wp-content\/uploads\/2026\/01\/18447377.webp.jpeg\" fetchpriority=\"auto\" \/><\/p>\n<p>      REISER MYE: Bjarne Br\u00f8ndbo reiser mye i forbindelse med jobb.<br \/>\n         Foto: Jan Helge Rambjor\/TV 2<\/p>\n<p>Tar klagen p\u00e5 alvor<\/p>\n<p><b>Overfor TV 2 forteller pressevakt ved Avinor, Karoline Pedersen at Br\u00f8ndbo har,\u00a0 som alle andre reisende gjennom deres lufthavner, rett til \u00e5 si fra dersom han opplever ubehagelige situasjoner.<\/b><\/p>\n<p><b>\u2013 Vi er opptatt av gode passasjeropplevelser og tar derfor klagen p\u00e5 alvor, slik vi ogs\u00e5 gj\u00f8r med andre klager vi mottar, sier hun til TV 2.<\/b><\/p>\n<p><b>Videre forteller Pedersen at<\/b><b style=\"letter-spacing: 0.01em;\">\u00a0det viktig \u00e5 huske at ikkerhetsakt\u00f8renes rolle er \u00e5 h\u00e5ndheve de til enhver tid gjeldende sikkerhetsbestemmelser ved deres lufthavner.\u00a0<\/b><\/p>\n<p><b style=\"letter-spacing: 0.01em;\">\u2013 For \u00e5 b\u00e5de unng\u00e5 k\u00f8er og sikre at sikkerhetskravene er oppfylt, er de derfor n\u00f8dt til \u00e5 kontrollere prosessen. I perioder med h\u00f8yt trykk, slik det var f\u00f8r jul, kan det ogs\u00e5 handle om \u00e5 styre k\u00f8er, som Br\u00f8ndbo beskriver \u00e5 ha opplevd i sin klage.<\/b><\/p>\n<p><b style=\"letter-spacing: 0.01em;\">Avinor har ogs\u00e5 beklaget seg overfor Flysmart24 at Br\u00f8ndbo\u00a0har hatt en d\u00e5rlig opplevelse p\u00e5 Oslo Lufthavn. <\/b><\/p>\n<p><b style=\"letter-spacing: 0.01em;\">\u2013 Vi har som vane \u00e5 beklage overfor reisende som opplever u\u00f8nskede hendelser p\u00e5 reise gjennom v\u00e5re lufthavner, noe vi ogs\u00e5 gjorde direkte til Bjarne som svar p\u00e5 hans klage til oss, sier pressevakten.\u00a0<br \/><\/b><\/p>\n<p><b style=\"letter-spacing: 0.01em;\"> \u2013 Har dere tidligere erfaring med at sikkerhetsvakter oppf\u00f8rer seg ufint mot passasjerer?<\/b><\/p>\n<p><b style=\"letter-spacing: 0.01em;\">\u2013 Vi mottar fra tid til annen henvendelser fra reisende, men med tanke p\u00e5 de mange millioner reisende vi har gjennom flyplassen p\u00e5 et \u00e5r, er det relativt f\u00e5 klager. <\/b><\/p>\n<p>Ikke f\u00f8rste gang<\/p>\n<p data-lab-font_weight=\"\">Dette er ikke f\u00f8rste gang at Br\u00f8ndbo reagerer p\u00e5 hvordan han har blitt behandlet p\u00e5 flyplasser i Norge.\u00a0<\/p>\n<p data-lab-font_weight=\"\">\u00a0I 2023 skrev Br\u00f8ndbo et <a href=\"https:\/\/www.namdalsavisa.no\/darlig-behandlet-pa-namsos-lufthavn\/o\/5-121-1249114?fbclid=IwAR1TGgZBMhU-oKXIXS8iIac8NW8oU2THIPdNBuZvYYb4pTuTJigzAWRcH6Q_aem_AdEDvv6Ws0rdzzD9hNy2rL2jxeONkcd2ZYVE4HSRAPzjetONlrQh7gI_A3Emo5iVG5c&amp;utm_source=sdrn%3Avg%3Aarticle%3Aq1opbg\" rel=\"nofollow noopener\" target=\"_blank\">debattinnlegg<\/a> hvor han reagerte p\u00e5 at han ikke fikk boardet et fly, til tross for at innsjekken var stengt.\u00a0<\/p>\n<p data-lab-font_weight=\"\">\u2013 Som en\u00a0av dem som virkelig benytter flyplassen langt over gjennomsnittet, ble jeg veldig overrasket da jeg opplevde \u00e5 f\u00e5 kjeft for \u00e5 v\u00e6re ett minutt for sein til innsjekk, skrev han i debattinnlegget den gang.\u00a0<\/p>\n<p data-lab-font_weight=\"\">I etterkant har 61-\u00e5ringen angret p\u00e5 flyplass-innlegget overfor\u00a0<a href=\"https:\/\/www.adressa.no\/kultur\/i\/pQ707R\/legger-ut-paa-sin-aller-foerste-kulturhusturne\" rel=\"nofollow noopener\" target=\"_blank\">Adressa<\/a>.\u00a0<\/p>\n","protected":false},"excerpt":{"rendered":"Bjarne Br\u00f8ndbo (61) hevder at han ble trakassert ved Oslo Lufthavn da han skulle ut og fly f\u00f8r&hellip;\n","protected":false},"author":2,"featured_media":133226,"comment_status":"","ping_status":"","sticky":false,"template":"","format":"standard","meta":{"footnotes":""},"categories":[5],"tags":[20,21,24,25,15,19,22,23,17,18,13,30,28,29,14,16,26,27],"class_list":{"0":"post-133225","1":"post","2":"type-post","3":"status-publish","4":"format-standard","5":"has-post-thumbnail","7":"category-overskrifter","8":"tag-breaking-news","9":"tag-breakingnews","10":"tag-featured-news","11":"tag-featurednews","12":"tag-headlines","13":"tag-hovedoppslag","14":"tag-latest-news","15":"tag-latestnews","16":"tag-main-news","17":"tag-mainnews","18":"tag-news","19":"tag-no","20":"tag-norge","21":"tag-norway","22":"tag-nyheter","23":"tag-overskrifter","24":"tag-top-stories","25":"tag-topstories"},"share_on_mastodon":{"url":"https:\/\/pubeurope.com\/@no\/115866277142382860","error":""},"_links":{"self":[{"href":"https:\/\/www.europesays.com\/no\/wp-json\/wp\/v2\/posts\/133225","targetHints":{"allow":["GET"]}}],"collection":[{"href":"https:\/\/www.europesays.com\/no\/wp-json\/wp\/v2\/posts"}],"about":[{"href":"https:\/\/www.europesays.com\/no\/wp-json\/wp\/v2\/types\/post"}],"author":[{"embeddable":true,"href":"https:\/\/www.europesays.com\/no\/wp-json\/wp\/v2\/users\/2"}],"replies":[{"embeddable":true,"href":"https:\/\/www.europesays.com\/no\/wp-json\/wp\/v2\/comments?post=133225"}],"version-history":[{"count":0,"href":"https:\/\/www.europesays.com\/no\/wp-json\/wp\/v2\/posts\/133225\/revisions"}],"wp:featuredmedia":[{"embeddable":true,"href":"https:\/\/www.europesays.com\/no\/wp-json\/wp\/v2\/media\/133226"}],"wp:attachment":[{"href":"https:\/\/www.europesays.com\/no\/wp-json\/wp\/v2\/media?parent=133225"}],"wp:term":[{"taxonomy":"category","embeddable":true,"href":"https:\/\/www.europesays.com\/no\/wp-json\/wp\/v2\/categories?post=133225"},{"taxonomy":"post_tag","embeddable":true,"href":"https:\/\/www.europesays.com\/no\/wp-json\/wp\/v2\/tags?post=133225"}],"curies":[{"name":"wp","href":"https:\/\/api.w.org\/{rel}","templated":true}]}}