{"id":133234,"date":"2026-01-09T17:29:26","date_gmt":"2026-01-09T17:29:26","guid":{"rendered":"https:\/\/www.europesays.com\/no\/133234\/"},"modified":"2026-01-09T17:29:26","modified_gmt":"2026-01-09T17:29:26","slug":"politikk-jublar-over-nye-skjermrad-blir-lettare-for-oss-a-argumentera-sogn-avis","status":"publish","type":"post","link":"https:\/\/www.europesays.com\/no\/133234\/","title":{"rendered":"Politikk | Jublar over nye skjermr\u00e5d: \u2013 Blir lettare for oss \u00e5 argumentera &#8211; Sogn Avis"},"content":{"rendered":"<ol>\n<li><a href=\"https:\/\/news.google.com\/rss\/articles\/CBMiogFBVV95cUxNb05GaUdvOS1ISGFsbWs5SmJCY3lxT1B5S0k2a29OdXNVVGs2cUhFS3lGQUpHVXdQU0hoV1RreThvS2RwRjBoWHgxYjFxTUgtREdqaHpIX0RrdVlfMk0yNTBHeG1oQlZyQ1RxVy1FU0M0SGxaU3FIXzluUU1jM1ZudlNLenpmYVJTdnFnMXZyaVFFZ2l2azNITVRwQnJsNjQyblE?oc=5\" target=\"_blank\" rel=\"nofollow noopener\">Politikk | Jublar over nye skjermr\u00e5d: \u2013 Blir lettare for oss \u00e5 argumentera<\/a>&nbsp;&nbsp;Sogn Avis<\/li>\n<li><a href=\"https:\/\/news.google.com\/rss\/articles\/CBMijgFBVV95cUxNVzlZU0dFN19vMXBmcUFnZldHX3VERVVMNTFhcDRBUzMybGp6dmdvSmREU1BCT0FZbGJ4VXd2emZuT0YtMHhBakdfcEFMYnMxeXNWb0VYS0JGUk5QSXBYWDVmM0FRaGZMYVRaRXI4Tlg4ZU9LQlFNVllDNmJ0ekxwMVV4ZU1Cd0FYRzNBcklB?oc=5\" target=\"_blank\" rel=\"nofollow noopener\">Unges skjermbruk: Dempet r\u00e5dene mot sosiale medier<\/a>&nbsp;&nbsp;VG<\/li>\n<li><a href=\"https:\/\/news.google.com\/rss\/articles\/CBMioAFBVV95cUxOTjQ1eXF1NzZwcXNueWZpOU5YNHY2c2hwcExjU3J3dG1oZW9NLUVxMS10LThtNF9mY21CRDN2R1lzckE2Slh3T1J4aV9xWGZ0Y3pXOEFvYTRvOXYyeGpYUWY0Y3UtR2haNEhhWDN1aUFJb2lMQkRfb2hpUWZ3NzVWUTNzYnN2dzBYVGptMmdkYjJLYjczMTJBUjV2TVkxT0p6?oc=5\" target=\"_blank\" rel=\"nofollow noopener\">\u2013 Jeg tok frem kortstokken i jula, men mamma og pappa satt med nesa i telefonen<\/a>&nbsp;&nbsp;adressa.no<\/li>\n<li><a href=\"https:\/\/news.google.com\/rss\/articles\/CBMi2gFBVV95cUxQT0RiTjh5T1dsSUNhTGg3V0FBY1RGR3JrS2NhYnBaN0E2UWx1MTRjR0tFUDR5ai1WaGYySktDT2wyVUdNZXhkN0xpcW1vNHRTSnV6UXNoNE16R1dPRXZYR3gzZ2ZRU3EwOUFfT28zS3hMS202eEsxaFZNamVhRzlkN0lqcTNxeUtJX1AyNk1uTUkzV1dFNm82RE84ejkxYllnSTZJcmhzMWJtMGhZcUE3Z004NlBoQ0N4TWt0N2VDa1BmbnJZXy12UU9xV1daNWJ2VzFhVGRRaVB4QQ?oc=5\" target=\"_blank\" rel=\"nofollow noopener\">Torveig i Alta er positiv til maks 1,5 timar mobil om dagen: \u2013 Telefon er ikkje s\u00e5 viktig lenger<\/a>&nbsp;&nbsp;NRK<\/li>\n<li><a href=\"https:\/\/news.google.com\/rss\/articles\/CBMipgFBVV95cUxNTTJzZWlzWndVQkdIbjREcGIwUGJMdmEwSG1qcWVuWmJPbTRmc2ZEX1pWR2ljUnBHTWlmRHpVUHozY2Q0OGZRdTRwWmJRMDFyLW5SVFp3dnMteTU0WGgxaENBdkF5MzY5TXZRalM2blM5aVNxS1BRZVRXSFZ4cTNKeDYtVE1YSVdJanlBZ3JoRGNSMTlyRTNxY0FzY1NMTHdaTnFKeEhR?oc=5\" target=\"_blank\" rel=\"nofollow noopener\">Sm\u00e5 barn b\u00f8r ikke v\u00e6re p\u00e5 skjerm i det hele tatt<\/a>&nbsp;&nbsp;Aftenposten<\/li>\n<\/ol>\n","protected":false},"excerpt":{"rendered":"Politikk | Jublar over nye skjermr\u00e5d: \u2013 Blir lettare for oss \u00e5 argumentera&nbsp;&nbsp;Sogn Avis Unges skjermbruk: Dempet r\u00e5dene&hellip;\n","protected":false},"author":2,"featured_media":133235,"comment_status":"","ping_status":"","sticky":false,"template":"","format":"standard","meta":{"footnotes":""},"categories":[10],"tags":[20,21,24,25,15,22,23,13,30,28,29,14,16,26,27],"class_list":{"0":"post-133234","1":"post","2":"type-post","3":"status-publish","4":"format-standard","5":"has-post-thumbnail","7":"category-norge","8":"tag-breaking-news","9":"tag-breakingnews","10":"tag-featured-news","11":"tag-featurednews","12":"tag-headlines","13":"tag-latest-news","14":"tag-latestnews","15":"tag-news","16":"tag-no","17":"tag-norge","18":"tag-norway","19":"tag-nyheter","20":"tag-overskrifter","21":"tag-top-stories","22":"tag-topstories"},"share_on_mastodon":{"url":"https:\/\/pubeurope.com\/@no\/115866328193450751","error":""},"_links":{"self":[{"href":"https:\/\/www.europesays.com\/no\/wp-json\/wp\/v2\/posts\/133234","targetHints":{"allow":["GET"]}}],"collection":[{"href":"https:\/\/www.europesays.com\/no\/wp-json\/wp\/v2\/posts"}],"about":[{"href":"https:\/\/www.europesays.com\/no\/wp-json\/wp\/v2\/types\/post"}],"author":[{"embeddable":true,"href":"https:\/\/www.europesays.com\/no\/wp-json\/wp\/v2\/users\/2"}],"replies":[{"embeddable":true,"href":"https:\/\/www.europesays.com\/no\/wp-json\/wp\/v2\/comments?post=133234"}],"version-history":[{"count":0,"href":"https:\/\/www.europesays.com\/no\/wp-json\/wp\/v2\/posts\/133234\/revisions"}],"wp:featuredmedia":[{"embeddable":true,"href":"https:\/\/www.europesays.com\/no\/wp-json\/wp\/v2\/media\/133235"}],"wp:attachment":[{"href":"https:\/\/www.europesays.com\/no\/wp-json\/wp\/v2\/media?parent=133234"}],"wp:term":[{"taxonomy":"category","embeddable":true,"href":"https:\/\/www.europesays.com\/no\/wp-json\/wp\/v2\/categories?post=133234"},{"taxonomy":"post_tag","embeddable":true,"href":"https:\/\/www.europesays.com\/no\/wp-json\/wp\/v2\/tags?post=133234"}],"curies":[{"name":"wp","href":"https:\/\/api.w.org\/{rel}","templated":true}]}}