{"id":133238,"date":"2026-01-09T17:38:10","date_gmt":"2026-01-09T17:38:10","guid":{"rendered":"https:\/\/www.europesays.com\/no\/133238\/"},"modified":"2026-01-09T17:38:10","modified_gmt":"2026-01-09T17:38:10","slug":"idrettsgallaen-endres-etter-pengetrobbel","status":"publish","type":"post","link":"https:\/\/www.europesays.com\/no\/133238\/","title":{"rendered":"Idrettsgallaen: Endres etter pengetr\u00f8bbel"},"content":{"rendered":"\n<p class=\"_lead_o9xde_2 _lead_xtcu6_50 layout-component text-serif-m layout-normal text-serif-l layout-component layout-wide layout-padded _wide_17hqh_1 layout-padded\">Selskapet bak Idrettsgallaen de to siste \u00e5rene styrer mot konkurs. L\u00f8rdag kveld fortsetter festen p\u00e5 Hamar \u2013 uten vanlig publikum i salen.<\/p>\n<p><img alt=\"H\u00e5ndballheltene Nora M\u00f8rk, Stine Oftedal Dahmke og Thorir Hergeirsson under fjor\u00e5rets galla. Foto: Ole Martin Wold \/ NTB\" class=\"_image_qp4xg_65 layout-component layout-wide\" data-fullscreen- data-track-element-type=\"Article image fullscreen\" data-track-name=\"ImageFullscreen\" fetchpriority=\"high\" decoding=\"sync\" loading=\"eager\" height=\"3412\" itemprop=\"image\"  src=\"https:\/\/www.europesays.com\/no\/wp-content\/uploads\/2026\/01\/328147c1-a991-456e-b587-cc1684d37cad.png\"  style=\"object-position:0% 0%\" width=\"5118\"\/>H\u00e5ndballheltene Nora M\u00f8rk, Stine Oftedal Dahmke og Thorir Hergeirsson under fjor\u00e5rets galla. Foto: Ole Martin Wold \/ NTB<\/p>\n<ul aria-hidden=\"true\" class=\"_images_ntbth_112\">\n<li><a class=\"_link_ntbth_117\" href=\"https:\/\/www.vg.no\/forfatter\/anders-k-christiansen\" style=\"z-index:1\" title=\"Anders K. Christiansen\" rel=\"nofollow noopener\" target=\"_blank\"><img alt=\"Bilde av Anders K. Christiansen\" class=\"_image_ntbth_93\" fetchpriority=\"low\" loading=\"lazy\" decoding=\"async\" itemprop=\"image\"  src=\"https:\/\/www.europesays.com\/no\/wp-content\/uploads\/2026\/01\/1767980288_110_1e24f0d3-a31a-453a-9ee3-069339de2f03.jpeg\"  width=\"480\"\/><\/a><\/li>\n<\/ul>\n<p> Oppdatert fredag 9. januar kl. 18:25    <\/p>\n<ul class=\"_list_o9xde_3 _list_64s2r_85 _unordered_o9xde_106 text-sans-m\">\n<li class=\"_item_o9xde_30\">Selskapet bak Idrettsgallaen i Trondheim de siste \u00e5rene er truet av konkurs etter flere \u00e5r med d\u00e5rlige billettsalg.<\/li>\n<li class=\"_item_o9xde_30\">Arrangementet holdes i \u00e5r p\u00e5 Hamar, med ny arrang\u00f8r, men uten vanlig publikum.<\/li>\n<li class=\"_item_o9xde_30\">En minnemarkering for idrettsheltene \u00c5ge Hareide og Sivert Bakken blir en del av \u00e5rets program.<\/li>\n<li class=\"_item_o9xde_30\">Manglende billettsalg og store kostnader er hoved\u00e5rsakene til konkursfaren.<\/li>\n<\/ul>\n<p>Vis mer <\/p>\n<p class=\"_paragraph_o9xde_4 _paragraph_xtcu6_10 layout-component text-serif-m layout-normal text-serif-m layout-padded\">Stivpyntede idrettsut\u00f8vere. Krangling om <a href=\"https:\/\/www.vg.no\/sport\/i\/j0PR3o\/disse-er-nominert-foran-idrettsgallaen-haaland-kan-vinne-tre-priser\" data-track-element-type=\"Link\" data-track-id=\"link:j0PR3o\" class=\"_link_o9xde_39\" rel=\"nofollow noopener\" target=\"_blank\">nominasjoner<\/a>. T\u00e5rev\u00e5te festtaler: Idrettsgallaen vekker engasjement.<\/p>\n<p class=\"_paragraph_o9xde_4 _paragraph_xtcu6_10 layout-component text-serif-m layout-normal text-serif-m layout-padded\">P\u00e5 tribunen i Trondheim, som har huset norsk idretts egen fest de siste \u00e5rene, har det derimot v\u00e6rt glissent. Det har resultert i underskudd i millionklassen.<\/p>\n<p class=\"_paragraph_o9xde_4 _paragraph_xtcu6_10 layout-component text-serif-m layout-normal text-serif-m layout-padded\">I dag kan VG fortelle at selskapet bak festen \u2013 Tr\u00f8ndelag Idrettskrets Arrangement AS \u2013 kan v\u00e6re konkurs om en uke. Selskapet er heleid av Tr\u00f8ndelag Idrettskrets.<\/p>\n<p class=\"_paragraph_o9xde_4 _paragraph_xtcu6_10 layout-component text-serif-m layout-normal text-serif-m layout-padded\">\u2013 Per n\u00e5 er selskapet insolventinsolventInsolvent betyr at man ikke har nok penger til \u00e5 betale regningene og gjelden sin n\u00e5r de forfaller. En person eller bedrift som er insolvent, er i praksis \u00f8konomisk ute av stand til \u00e5 gj\u00f8re opp for seg.. Jeg har henvendt meg til styret i kretsen og spurt om de er villige til \u00e5 overf\u00f8re penger slik at selskapet kan betale forpliktelsene sine. Men kretsstyret har n\u00e5 et vedtak p\u00e5 at det ikke er vilje til \u00e5 overf\u00f8re penger til datterselskapet, sier styreleder St\u00e5le Vaag i Tr\u00f8ndelag Idrettskrets Arrangement AS.<\/p>\n<p><img decoding=\"async\" alt=\"Bilde av St\u00e5le Vaag\" class=\"_image_ygndg_42\" height=\"29\" itemprop=\"image\" loading=\"lazy\"  src=\"https:\/\/www.europesays.com\/no\/wp-content\/uploads\/2026\/01\/b0053de6-be45-4be6-8e21-699dabfdd635.jpeg\"  width=\"40\"\/><strong class=\"_name_ygndg_51 title-serif-xs\">St\u00e5le Vaag<\/strong><\/p>\n<p class=\"_paragraph_o9xde_4 _paragraph_xtcu6_10 layout-component text-serif-m layout-normal text-serif-m layout-padded\">P\u00e5 bordet hans ligger det blant annet en regning fra NRK p\u00e5 over to millioner kroner. Den er det ikke penger nok til \u00e5 betale.<\/p>\n<p class=\"_paragraph_o9xde_4 _paragraph_xtcu6_10 layout-component text-serif-m layout-normal text-serif-m layout-padded\">Ogs\u00e5 Tr\u00f8ndelag idrettskrets har penger til gode. Kretsen spyttet inn 1,2 millioner kroner i datterselskapet s\u00e5 sent som i 2024. Det var for \u00e5 unng\u00e5 konkurs etter Idrettsgallaen det \u00e5ret.<\/p>\n<p class=\"_paragraph_o9xde_4 _paragraph_xtcu6_10 layout-component text-serif-m layout-normal text-serif-m layout-padded\">\u2013 Jeg \u00f8nsker \u00e5 ta \u00e9n siste runde med eierne av akt\u00f8rene f\u00f8r jeg konkluderer. Men dersom viljen ikke er der, s\u00e5 er vi tvunget til \u00e5 g\u00e5 til skifteretten, sier Vaag til VG.<\/p>\n<p><img alt=\"Foto: Ole Martin Wold \/ NTB\" class=\"_image_qp4xg_65 layout-component layout-normal\" data-fullscreen- data-track-element-type=\"Article image fullscreen\" data-track-name=\"ImageFullscreen\" decoding=\"async\" loading=\"lazy\" height=\"5760\" itemprop=\"image\"  src=\"https:\/\/www.europesays.com\/no\/wp-content\/uploads\/2026\/01\/a7454bff-cd51-45b6-86f1-c3183cffac77.jpeg\"  style=\"object-position:0% 0%\" width=\"8640\"\/>Foto: Ole Martin Wold \/ NTB<\/p>\n<p class=\"_paragraph_o9xde_4 _paragraph_xtcu6_10 layout-component text-serif-m layout-normal text-serif-m layout-padded\">Idrettsgallaen som konsept eies av Norges idrettsforbund (NIF), NRK og Norsk Tipping.<\/p>\n<p class=\"_paragraph_o9xde_4 _paragraph_xtcu6_10 layout-component text-serif-m layout-normal text-serif-m layout-padded\">L\u00f8rdag kveld er arrangementet tilbake p\u00e5 Hamar. Kommunen, og ikke selskapet i Tr\u00f8ndelag, st\u00e5r n\u00e5 som arranger.<\/p>\n<p class=\"_paragraph_o9xde_4 _paragraph_xtcu6_10 layout-component text-serif-m layout-normal text-serif-m layout-padded\">P\u00e5 Hamar vil det v\u00e6re ett tusen mennesker til stede. Men billettene er ikke lagt ut p\u00e5 det \u00e5pne markedet for \u00abvanlige\u00bb folk.<\/p>\n<p class=\"_paragraph_o9xde_4 _paragraph_xtcu6_10 layout-component text-serif-m layout-normal text-serif-m layout-padded\">Det vil alts\u00e5 ikke v\u00e6re publikummere til stede p\u00e5 tribunene som omkranser Idrettsgallaen.<\/p>\n<p class=\"_paragraph_o9xde_4 _paragraph_xtcu6_10 layout-component text-serif-m layout-normal text-serif-m layout-padded\">Fersk generalsekret\u00e6r i NIF, Kjell Bjarne Helland, kom i sommer fra jobben som organisasjonssjef i Tr\u00f8ndelag idrettskrets:<\/p>\n<p class=\"_paragraph_o9xde_4 _paragraph_xtcu6_10 layout-component text-serif-m layout-normal text-serif-m layout-padded\">\u2013 Det viste seg vanskelig \u00e5 fylle en s\u00e5 stor sal og dekke kostnadene for Trondheim Spektrum. Vi hadde billetter til 100 kroner som ikke ble solgt. Det konseptet man har kj\u00f8rt tidligere, \u00f8nsker man ikke \u00e5 g\u00e5 videre med, derfor kommer det endringer, sier Helland til VG.<\/p>\n<p><img decoding=\"async\" alt=\"Bilde av Kjell Bjarne Helland\" class=\"_image_ygndg_42\" height=\"23\" itemprop=\"image\" loading=\"lazy\"  src=\"https:\/\/www.europesays.com\/no\/wp-content\/uploads\/2026\/01\/db017a3f-a282-43fa-924c-59cfd33009a1.jpeg\"  width=\"40\"\/><strong class=\"_name_ygndg_51 title-serif-xs\">Kjell Bjarne Helland<\/strong><\/p>\n<p class=\"_paragraph_o9xde_4 text-sans-m _description_ygndg_56\">Generalsekret\u00e6r i NIF<\/p>\n<p class=\"_paragraph_o9xde_4 _paragraph_xtcu6_10 layout-component text-serif-m layout-normal text-serif-m layout-padded\">Han befinner seg n\u00e5 p\u00e5 Hamar og snakker med VG p\u00e5 telefon. NIF-toppen ansl\u00e5r at det var rundt 3200 personer til stede p\u00e5 Idrettsgallaen i Trondheim i fjor. Det var plass til rundt 7500.<\/p>\n<p class=\"_paragraph_o9xde_4 _paragraph_xtcu6_10 layout-component text-serif-m layout-normal text-serif-m layout-padded\">If\u00f8lge Helland vil ikke nedtoningen av det \u00e5rlige arrangementet v\u00e6re merkbart for TV-seerne.<\/p>\n<p class=\"_paragraph_o9xde_4 _paragraph_xtcu6_10 layout-component text-serif-m layout-normal text-serif-m layout-padded\">\u2013 Merker dere \u00f8kt kamp om tiden og oppmerksomheten til folk?<\/p>\n<p class=\"_paragraph_o9xde_4 _paragraph_xtcu6_10 layout-component text-serif-m layout-normal text-serif-m layout-padded\">\u2013 Det er det ingen tvil om. Det er krevende \u00e5 selge ut arrangementer. Det merker nok mange musikkartister ogs\u00e5. Tilbudet i Norge har blitt stort, og folk vil kanskje ha det komfortabelt hjemme i stua n\u00e5r det streames og man f\u00e5r tilgang p\u00e5 nettet.<\/p>\n<p class=\"_paragraph_o9xde_4 _paragraph_xtcu6_10 layout-component text-serif-m layout-normal text-serif-m layout-padded\">\u2013 Hvorfor er Idrettsgallaen viktig?<\/p>\n<p class=\"_paragraph_o9xde_4 _paragraph_xtcu6_10 layout-component text-serif-m layout-normal text-serif-m layout-padded\">\u2013 Det er den ene kvelden der hele norsk idrett \u2013 b\u00e5de bredde, topp og ildsjeler \u2013 m\u00f8tes. Man hedrer rett og slett store idrettsprestasjoner. For meg er det likevel vel s\u00e5 viktig \u00e5 vise frem ildsjelene der ute. Det er 12 av dem i \u00e5r, og tre er med i finalerunden, sier Helland.<\/p>\n<p class=\"_paragraph_o9xde_4 _paragraph_xtcu6_10 layout-component text-serif-m layout-normal text-serif-m layout-padded\">\u2013 Og s\u00e5 er det noe man ikke ser p\u00e5 TV: Alle side-arrangementene p\u00e5 Hamar denne helgen. Det er mange ulike seminarer og sesjoner, legger han til.<\/p>\n<p><img decoding=\"async\" alt=\"Bilde av Charlo Halvorsen\" class=\"_image_ygndg_42\" height=\"27\" itemprop=\"image\" loading=\"lazy\"  src=\"https:\/\/www.europesays.com\/no\/wp-content\/uploads\/2026\/01\/ad7351b6-9d7f-4324-ba7a-408adb8aaa41.jpeg\"  width=\"40\"\/><strong class=\"_name_ygndg_51 title-serif-xs\">Charlo Halvorsen<\/strong><\/p>\n<p class=\"_paragraph_o9xde_4 text-sans-m _description_ygndg_56\">Underholdningsredakt\u00f8r i NRK<\/p>\n<p class=\"_paragraph_o9xde_4 _paragraph_xtcu6_10 layout-component text-serif-m layout-normal text-serif-m layout-padded\">Det er ikke bare endringen blant publikum som blir annerledes p\u00e5 \u00e5rets Idrettsgalla. For arrangementet har ikke for vane \u00e5 hedre idrettshelter som har g\u00e5tt bort det siste \u00e5ret. Men det skjer i \u00e5r.<\/p>\n<p class=\"_paragraph_o9xde_4 _paragraph_xtcu6_10 layout-component text-serif-m layout-normal text-serif-m layout-padded\">\u00abDet blir en relativt enkel markering for \u00e5 minnes Sivert Bakken og \u00c5ge Hareide. Akkurat hva den best\u00e5r av, f\u00e5r vi spare til sendingen\u00bb, skriver underholdningsredakt\u00f8r i NRK, Charlo Halvorsen, i en e-post til VG.<\/p>\n<p class=\"_paragraph_o9xde_4 _paragraph_xtcu6_10 layout-component text-serif-m layout-normal text-serif-m layout-padded\">\u00c5ge Hareide <a href=\"https:\/\/www.vg.no\/sport\/i\/lnA7oy\/aage-hareide-bisettes-disse-profilene-minnes-fotballegenden\" data-track-element-type=\"Link\" data-track-id=\"link:lnA7oy\" class=\"_link_o9xde_39\" rel=\"nofollow noopener\" target=\"_blank\">ble bisatt<\/a> i Molde domkirke denne uken.<\/p>\n<p class=\"_paragraph_o9xde_4 _paragraph_xtcu6_10 layout-component text-serif-m layout-normal text-serif-m layout-padded\">Skiskytter Sivert Bakken <a href=\"https:\/\/www.vg.no\/sport\/i\/vrQ6q4\/skiskytter-funnet-doed\" data-track-element-type=\"Link\" data-track-id=\"link:vrQ6q4\" class=\"_link_o9xde_39\" rel=\"nofollow noopener\" target=\"_blank\">ble funnet d\u00f8d<\/a> p\u00e5 et hotellrom i Italia lillejulaften. Han bar da en h\u00f8ydemaske kj\u00f8pt fra en <a href=\"https:\/\/www.vg.no\/sport\/i\/ExWrbG\/hoeydemasken-til-sivert-bakken-var-kjoept-fra-nettstedet-altitude-zone\" data-track-element-type=\"Link\" data-track-id=\"link:ExWrbG\" class=\"_link_o9xde_39\" rel=\"nofollow noopener\" target=\"_blank\">spansk nettbutikk<\/a>, kunne VG fortelle denne uken. If\u00f8lge VGs opplysninger var masken <a href=\"https:\/\/www.vg.no\/sport\/i\/ExWBp5\/opplysninger-til-vg-bakkens-hoeydemaske-stilt-inn-paa-7000-m-o-h\" data-track-element-type=\"Link\" data-track-id=\"link:ExWBp5\" class=\"_link_o9xde_39\" rel=\"nofollow noopener\" target=\"_blank\">stilt inn<\/a> p\u00e5 en h\u00f8yde tilsvarende 7000 meter over havet da Bakken ble funnet.<\/p>\n<p class=\"_paragraph_o9xde_4 _paragraph_xtcu6_10 layout-component text-serif-m layout-normal text-serif-m layout-padded\">Det er likevel ikke kjent om det er en sammenheng mellom bruken av h\u00f8ydemasken og d\u00f8dsfallet. En obduksjonsrapport er ventet \u00e5 v\u00e6re klar i mars.<\/p>\n","protected":false},"excerpt":{"rendered":"Selskapet bak Idrettsgallaen de to siste \u00e5rene styrer mot konkurs. L\u00f8rdag kveld fortsetter festen p\u00e5 Hamar \u2013 uten&hellip;\n","protected":false},"author":2,"featured_media":133239,"comment_status":"","ping_status":"","sticky":false,"template":"","format":"standard","meta":{"footnotes":""},"categories":[59],"tags":[13569,2440,30,28,29,83,82],"class_list":{"0":"post-133238","1":"post","2":"type-post","3":"status-publish","4":"format-standard","5":"has-post-thumbnail","7":"category-sport","8":"tag-idrettsgallaen","9":"tag-idrettspolitikk","10":"tag-no","11":"tag-norge","12":"tag-norway","13":"tag-sport","14":"tag-sports"},"share_on_mastodon":{"url":"https:\/\/pubeurope.com\/@no\/115866363707465914","error":""},"_links":{"self":[{"href":"https:\/\/www.europesays.com\/no\/wp-json\/wp\/v2\/posts\/133238","targetHints":{"allow":["GET"]}}],"collection":[{"href":"https:\/\/www.europesays.com\/no\/wp-json\/wp\/v2\/posts"}],"about":[{"href":"https:\/\/www.europesays.com\/no\/wp-json\/wp\/v2\/types\/post"}],"author":[{"embeddable":true,"href":"https:\/\/www.europesays.com\/no\/wp-json\/wp\/v2\/users\/2"}],"replies":[{"embeddable":true,"href":"https:\/\/www.europesays.com\/no\/wp-json\/wp\/v2\/comments?post=133238"}],"version-history":[{"count":0,"href":"https:\/\/www.europesays.com\/no\/wp-json\/wp\/v2\/posts\/133238\/revisions"}],"wp:featuredmedia":[{"embeddable":true,"href":"https:\/\/www.europesays.com\/no\/wp-json\/wp\/v2\/media\/133239"}],"wp:attachment":[{"href":"https:\/\/www.europesays.com\/no\/wp-json\/wp\/v2\/media?parent=133238"}],"wp:term":[{"taxonomy":"category","embeddable":true,"href":"https:\/\/www.europesays.com\/no\/wp-json\/wp\/v2\/categories?post=133238"},{"taxonomy":"post_tag","embeddable":true,"href":"https:\/\/www.europesays.com\/no\/wp-json\/wp\/v2\/tags?post=133238"}],"curies":[{"name":"wp","href":"https:\/\/api.w.org\/{rel}","templated":true}]}}