{"id":133250,"date":"2026-01-09T17:51:08","date_gmt":"2026-01-09T17:51:08","guid":{"rendered":"https:\/\/www.europesays.com\/no\/133250\/"},"modified":"2026-01-09T17:51:08","modified_gmt":"2026-01-09T17:51:08","slug":"setter-ned-foten","status":"publish","type":"post","link":"https:\/\/www.europesays.com\/no\/133250\/","title":{"rendered":"&#8211; Setter ned foten"},"content":{"rendered":"<p>    Fjerner artisten\u00a0Bj\u00f6rks plater etter utspill p\u00e5 sosiale medier.\u00a0<\/p>\n<p>\n    BOIKOTT: Artisten Bj\u00f6rk har blitt kastet ut av dansk platebutikk etter Gr\u00f8nland-utspill. Foto: NTB\n  <\/p>\n<p>Internasjonalt drama har f\u00f8rt til konsekvenser for utvalget i en dansk platebutikk, melder avisa <a href=\"https:\/\/www.bt.dk\/samfund\/dansk-pladebutik-fjerner-bjoerk-fra-hylderne-helt-ude-i-hampen\" rel=\"nofollow noopener\" target=\"_blank\">B.T<\/a>.<\/p>\n<p>&#8211; Det er et statement. Jeg setter ned foten, sier innehaver av butikken RecordPusher, Bo Ellegaard Pedersen til <a href=\"https:\/\/www.bt.dk\/samfund\/dansk-pladebutik-fjerner-bjoerk-fra-hylderne-helt-ude-i-hampen\" rel=\"nofollow noopener\" target=\"_blank\">avisa<\/a>.\u00a0<\/p>\n<p>Han har n\u00e5 fjernet alle platene til den islandske artisten\u00a0Bj\u00f6rk, etter at hun kom med et utspill om Gr\u00f8nland p\u00e5 X nylig.<\/p>\n<p>        ENORM: To kompiser var p\u00e5 andejakt, da en helt enorm alligator bestemte seg for \u00e5 bli med p\u00e5 jakten. <\/p>\n<p>&#8211; Kolonisator\t<\/p>\n<p class=\"font-weight-bold m-font-weight-bold\" data-lab-font_weight=\"font-weight-bold\">I innlegget kaller hun Danmark en \u00abgrusom kolonisator\u00bb og oppfordrer til gr\u00f8nlandsk selvstendighet.\u00a0<\/p>\n<p>Hun nevnte ogs\u00e5 <a href=\"https:\/\/en.wikipedia.org\/wiki\/Spiral_case\" rel=\"nofollow noopener\" target=\"_blank\">spiralsaken<\/a>, hvor 4500 jenter helt ned til 12 \u00e5r fikk satt inn spiral uten deres viten mellom 1966 og 1970.<\/p>\n<p>        <img loading=\"lazy\" decoding=\"async\" src=\"https:\/\/www.europesays.com\/no\/wp-content\/uploads\/2026\/01\/84076539.webp.webp\" width=\"686\" height=\"865\" title=\"INNLEGG: Det var dette innlegget som fikk platebutikk-innehaveren til \u00e5 rydde i hylla. Det ligger fremdeles ute, men er ikke delbart. Foto: X\/skjermdump\" alt=\"\" class=\"\" style=\"--aspect-ratio-image: 0.79; \"\/><\/p>\n<p>\n        INNLEGG: Det var dette innlegget som fikk platebutikk-innehaveren til \u00e5 rydde i hylla. Det ligger fremdeles ute, men er ikke delbart. Foto: X\/skjermdump\n    <\/p>\n<p>Dette skjer alts\u00e5 samtidig som USAs president Donald Trump har satt \u00f8ynene sine i det som er verdens st\u00f8rste \u00f8y.\u00a0<\/p>\n<p>Truet med krig\t<\/p>\n<p>&#8211; Jeg er 66 \u00e5r og vokste opp p\u00e5 syttitallet, hvor alt var rolig. Det har i min tid aldri v\u00e6rt en situasjon som n\u00e5, hvor vi nesten er blitt truet med krig. Jeg er \u00e6rlig talt litt rystet, sier innehaveren blant annet til <a href=\"https:\/\/www.bt.dk\/samfund\/dansk-pladebutik-fjerner-bjoerk-fra-hylderne-helt-ude-i-hampen\" rel=\"nofollow noopener\" target=\"_blank\">avisa<\/a>, og legger til at dette er f\u00f8rste gangen han har boikottet en artist.\u00a0<\/p>\n<p class=\"font-weight-bold m-font-weight-bold\" data-lab-font_weight=\"font-weight-bold\">Pedersen innr\u00f8mmer at han kanskje opptrer som \u00absmaksdommer\u00bb , og at artisten kan mene hva hun vil, men at han ogs\u00e5 st\u00e5r for avgj\u00f8relsen, som f\u00f8rst ble publisert p\u00e5 butikkens <a href=\"https:\/\/www.facebook.com\/RecordPusher\" rel=\"nofollow noopener\" target=\"_blank\">Facebook-side<\/a>.\u00a0<\/p>\n<p>Innlegget har i skrivende stund rundt 2300 reaksjoner og rundt 750 kommentarer.\u00a0<\/p>\n","protected":false},"excerpt":{"rendered":"Fjerner artisten\u00a0Bj\u00f6rks plater etter utspill p\u00e5 sosiale medier.\u00a0 BOIKOTT: Artisten Bj\u00f6rk har blitt kastet ut av dansk platebutikk&hellip;\n","protected":false},"author":2,"featured_media":133251,"comment_status":"","ping_status":"","sticky":false,"template":"","format":"standard","meta":{"footnotes":""},"categories":[5],"tags":[2694,20,21,24,25,15,19,479,22,23,17,18,221,13,30,28,29,14,16,26,27],"class_list":{"0":"post-133250","1":"post","2":"type-post","3":"status-publish","4":"format-standard","5":"has-post-thumbnail","7":"category-overskrifter","8":"tag-artist","9":"tag-breaking-news","10":"tag-breakingnews","11":"tag-featured-news","12":"tag-featurednews","13":"tag-headlines","14":"tag-hovedoppslag","15":"tag-kjendis","16":"tag-latest-news","17":"tag-latestnews","18":"tag-main-news","19":"tag-mainnews","20":"tag-musikk","21":"tag-news","22":"tag-no","23":"tag-norge","24":"tag-norway","25":"tag-nyheter","26":"tag-overskrifter","27":"tag-top-stories","28":"tag-topstories"},"share_on_mastodon":{"url":"https:\/\/pubeurope.com\/@no\/115866414894123854","error":""},"_links":{"self":[{"href":"https:\/\/www.europesays.com\/no\/wp-json\/wp\/v2\/posts\/133250","targetHints":{"allow":["GET"]}}],"collection":[{"href":"https:\/\/www.europesays.com\/no\/wp-json\/wp\/v2\/posts"}],"about":[{"href":"https:\/\/www.europesays.com\/no\/wp-json\/wp\/v2\/types\/post"}],"author":[{"embeddable":true,"href":"https:\/\/www.europesays.com\/no\/wp-json\/wp\/v2\/users\/2"}],"replies":[{"embeddable":true,"href":"https:\/\/www.europesays.com\/no\/wp-json\/wp\/v2\/comments?post=133250"}],"version-history":[{"count":0,"href":"https:\/\/www.europesays.com\/no\/wp-json\/wp\/v2\/posts\/133250\/revisions"}],"wp:featuredmedia":[{"embeddable":true,"href":"https:\/\/www.europesays.com\/no\/wp-json\/wp\/v2\/media\/133251"}],"wp:attachment":[{"href":"https:\/\/www.europesays.com\/no\/wp-json\/wp\/v2\/media?parent=133250"}],"wp:term":[{"taxonomy":"category","embeddable":true,"href":"https:\/\/www.europesays.com\/no\/wp-json\/wp\/v2\/categories?post=133250"},{"taxonomy":"post_tag","embeddable":true,"href":"https:\/\/www.europesays.com\/no\/wp-json\/wp\/v2\/tags?post=133250"}],"curies":[{"name":"wp","href":"https:\/\/api.w.org\/{rel}","templated":true}]}}