{"id":133260,"date":"2026-01-09T17:58:09","date_gmt":"2026-01-09T17:58:09","guid":{"rendered":"https:\/\/www.europesays.com\/no\/133260\/"},"modified":"2026-01-09T17:58:09","modified_gmt":"2026-01-09T17:58:09","slug":"to-menn-tiltalt-for-grov-voldtekt-av-kvinne-i-20-arene-nrk-rogaland-lokale-nyheter-tv-og-radio","status":"publish","type":"post","link":"https:\/\/www.europesays.com\/no\/133260\/","title":{"rendered":"To menn tiltalt for grov voldtekt av kvinne i 20-\u00e5rene \u2013 NRK Rogaland \u2013 Lokale nyheter, TV og radio"},"content":{"rendered":"<p>De to mennene i 20-\u00e5rene, som opprinnelig er fra Midt\u00f8sten, er tiltalt for grov voldtekt av en kvinne i 20-\u00e5rene, skriver <a href=\"https:\/\/www.aftenbladet.no\/lokalt\/i\/q6ALjo\/tiltalt-for-grov-voldtekt-risikerer-15-aar-i-fengsel\" ec-id=\"https:\/\/www.aftenbladet.no\/lokalt\/i\/q6ALjo\/tiltalt-for-grov-voldtekt-risikerer-15-aar-i-fengsel\" ec-name=\"Stavanger Aftenblad.\" rel=\"nofollow noopener\" target=\"_blank\">Stavanger Aftenblad.<\/a><\/p>\n<p>Voldtekten er grov, fordi det legges s\u00e6rlig vekt p\u00e5 at den er beg\u00e5tt av flere, heter det i tiltalen.<\/p>\n<p>Strafferammen for dette er 15 \u00e5rs fengsel.<\/p>\n<p><strong>En av de tiltalte <a href=\"https:\/\/www.nrk.no\/rogaland\/mann-som-romte-fra-ana-fengsel-er-pagrepet-1.17599695\" ec-id=\"pp:article:1.17599695\" ec-name=\"r\u00f8mte fra \u00c5na fengsel i h\u00f8st\" rel=\"nofollow noopener\" target=\"_blank\">r\u00f8mte fra \u00c5na fengsel i h\u00f8st<\/a>. Han ble p\u00e5grepet i Bosnia og deretter returnert til Norge. <\/strong><\/p>\n","protected":false},"excerpt":{"rendered":"De to mennene i 20-\u00e5rene, som opprinnelig er fra Midt\u00f8sten, er tiltalt for grov voldtekt av en kvinne&hellip;\n","protected":false},"author":2,"featured_media":62464,"comment_status":"","ping_status":"","sticky":false,"template":"","format":"standard","meta":{"footnotes":""},"categories":[5],"tags":[20,21,24,25,15,19,22,23,17,18,13,30,28,29,14,16,26,27],"class_list":{"0":"post-133260","1":"post","2":"type-post","3":"status-publish","4":"format-standard","5":"has-post-thumbnail","7":"category-overskrifter","8":"tag-breaking-news","9":"tag-breakingnews","10":"tag-featured-news","11":"tag-featurednews","12":"tag-headlines","13":"tag-hovedoppslag","14":"tag-latest-news","15":"tag-latestnews","16":"tag-main-news","17":"tag-mainnews","18":"tag-news","19":"tag-no","20":"tag-norge","21":"tag-norway","22":"tag-nyheter","23":"tag-overskrifter","24":"tag-top-stories","25":"tag-topstories"},"share_on_mastodon":{"url":"https:\/\/pubeurope.com\/@no\/115866442301788641","error":""},"_links":{"self":[{"href":"https:\/\/www.europesays.com\/no\/wp-json\/wp\/v2\/posts\/133260","targetHints":{"allow":["GET"]}}],"collection":[{"href":"https:\/\/www.europesays.com\/no\/wp-json\/wp\/v2\/posts"}],"about":[{"href":"https:\/\/www.europesays.com\/no\/wp-json\/wp\/v2\/types\/post"}],"author":[{"embeddable":true,"href":"https:\/\/www.europesays.com\/no\/wp-json\/wp\/v2\/users\/2"}],"replies":[{"embeddable":true,"href":"https:\/\/www.europesays.com\/no\/wp-json\/wp\/v2\/comments?post=133260"}],"version-history":[{"count":0,"href":"https:\/\/www.europesays.com\/no\/wp-json\/wp\/v2\/posts\/133260\/revisions"}],"wp:featuredmedia":[{"embeddable":true,"href":"https:\/\/www.europesays.com\/no\/wp-json\/wp\/v2\/media\/62464"}],"wp:attachment":[{"href":"https:\/\/www.europesays.com\/no\/wp-json\/wp\/v2\/media?parent=133260"}],"wp:term":[{"taxonomy":"category","embeddable":true,"href":"https:\/\/www.europesays.com\/no\/wp-json\/wp\/v2\/categories?post=133260"},{"taxonomy":"post_tag","embeddable":true,"href":"https:\/\/www.europesays.com\/no\/wp-json\/wp\/v2\/tags?post=133260"}],"curies":[{"name":"wp","href":"https:\/\/api.w.org\/{rel}","templated":true}]}}