{"id":133275,"date":"2026-01-09T18:21:10","date_gmt":"2026-01-09T18:21:10","guid":{"rendered":"https:\/\/www.europesays.com\/no\/133275\/"},"modified":"2026-01-09T18:21:10","modified_gmt":"2026-01-09T18:21:10","slug":"roper-skremmende-opplevelse","status":"publish","type":"post","link":"https:\/\/www.europesays.com\/no\/133275\/","title":{"rendered":"R\u00f8per skremmende opplevelse"},"content":{"rendered":"<p class=\"kicker \" style=\"\">Mona Grudt:<\/p>\n<p>    TV-profilen har fortsatt vannfrykt etter at hun nesten druknet p\u00e5 familieferie til Kreta.<\/p>\n<p>\n    P\u00c5 SKJERMEN: Mona Grudt er blant \u00e5rets \u00abVokteren\u00bb-deltakere. Foto: Andreas Fadum \/ Se og H\u00f8r\n  <\/p>\n<p>Modell og tidligere Miss Universe Mona Grudt (54) er for tiden \u00e5 se p\u00e5 skjermen i TV 2-programmet \u00abVokteren\u00bb. Her f\u00e5r deltakerne b\u00e5de sin fysiske og psykiske styrke satt p\u00e5 pr\u00f8ve.<\/p>\n<p>I et intervju med <a href=\"https:\/\/www.klikk.no\/underholdning\/mona-grudt-kjempet-for-livet-foltes-som-en-evighet-7588102\" target=\"_blank\" rel=\"nofollow noopener\">Her og N\u00e5<\/a> forteller Grudt hun ble med i programmet nettopp p\u00e5 grunn av det sosiale spillet.<\/p>\n<p>    <a itemprop=\"url\" href=\"https:\/\/www.seher.no\/kjendis\/svarer-pa-kritikken\/84060437\" rel=\"nofollow noopener\" target=\"_blank\"><\/p>\n<p>        <img loading=\"lazy\" decoding=\"async\" src=\"https:\/\/www.europesays.com\/no\/wp-content\/uploads\/2026\/01\/84060462.webp.webp\" width=\"980\" height=\"441\" title=\"Svarer p\u00e5 kritikken\" alt=\"\" class=\"lazyload\" style=\"--aspect-ratio-image: 2.22; \"\/><\/p>\n<p>        Svarer p\u00e5 kritikken<\/p>\n<p>    <\/a><\/p>\n<p>Som barn gikk hun og familien mye p\u00e5 tur, men 54-\u00e5ringen understreker at hun ikke er noen fjellgeit av den grunn. Overfor magasinet erkjenner hun at det var andre utfordringer som bekymret henne mer: Konkurranser knyttet til vann.<\/p>\n<p>&#8211; Dratt under vann\t<\/p>\n<p>Da Grudt var 15 \u00e5r gammel, fikk hun nemlig et skummelt m\u00f8te med naturkreftene p\u00e5 familieferie p\u00e5 Kreta.<\/p>\n<p>        SJOKKERTE: N\u00e5r \u00abVokteren\u00bb-deltakerne m\u00e5tte eliminere \u00e9n av de andre p\u00e5 brutalt vis, skapte den utvalgte \u00abb\u00f8ddelen\u00bb sterke reaksjoner. Reporter: Nora Skavhaug\/ Karolina Rusov-Hansen. Video: Sanne Holt\/ TV 2\/ R\u00f8d L\u00f8per<\/p>\n<p>&#8211; Familien min l\u00e5 p\u00e5 stranden og solte seg, og jeg badet og ante fred og ingen fare. Plutselig ble jeg tatt av kraftige understr\u00f8mmer og dratt under vann, forteller hun om den skremmende opplevelsen.<\/p>\n<p>54-\u00e5ringen kjempet for livet i vannmassene, mens familien p\u00e5 land ikke ante hva som foregikk.<\/p>\n<p>&#8211; Jeg kavet i det som f\u00f8ltes som en evighet, og det var vann og sand overalt. Jeg ble dratt under i to-tre runder med understr\u00f8mmer f\u00f8r jeg omsider kom meg til overflaten, sier hun.<\/p>\n<p>    <a itemprop=\"url\" href=\"https:\/\/www.seher.no\/kjendis\/deler-ny-oppdatering\/84065907\" rel=\"nofollow noopener\" target=\"_blank\"><\/p>\n<p>        <img loading=\"lazy\" decoding=\"async\" src=\"https:\/\/www.europesays.com\/no\/wp-content\/uploads\/2026\/01\/1767982870_81_84065887.webp.webp\" width=\"980\" height=\"441\" title=\"Deler ny oppdatering\" alt=\"\" class=\"lazyload\" style=\"--aspect-ratio-image: 2.22; \"\/><\/p>\n<p>        Deler ny oppdatering <\/p>\n<p>    <\/a><\/p>\n<p>&#8211; Har satt seg\t<\/p>\n<p>Hendelsen har gitt Grudt en varig frykt for vann.<\/p>\n<p>&#8211; Det viser bare hvor fort det kan g\u00e5! Jeg har en enorm respekt for sj\u00f8en og er fortsatt ikke glad i \u00e5 bade. Det er ubehagelig \u00e5 f\u00e5 vann i ansiktet og i nesen, og jeg tror det er den panikken og frykten for \u00e5 drukne jeg kjente p\u00e5 den gangen, som har satt seg, forklarer hun.<\/p>\n<p>        ANGSTANFALL: Det ble en dramatisk start p\u00e5 \u00abFarmen kjendis\u00bb-oppholdet for komiker Jonas Lihaug Fredriksen. Reporter: Nora Skavhaug. Video: Sanne Holt\/ TV 2\/ R\u00f8d L\u00f8per<\/p>\n<p>Grudt har tidligere fortalt til <a href=\"https:\/\/www.kk.no\/underholdning\/det-er-mange-som-er-gode-pa-a-vaere-midtpunkt\/83970775\" target=\"_blank\" rel=\"nofollow noopener\">KK<\/a> at hun fikk vite om \u00abVokteren\u00bb-deltakelsen p\u00e5 kort varsel.<\/p>\n<p> &#8211; Da var det bare \u00e5 f\u00e5 l\u00e5nt seg en god tursekk og komme seg ut i marka. Og noen f\u00e5 dager senere fikk vi tilslag p\u00e5 hus. Megleren sa at jeg burde ha alt klart f\u00f8r jeg dro p\u00e5 innspilling, s\u00e5 de ukene var fullstendig kaos. <\/p>\n","protected":false},"excerpt":{"rendered":"Mona Grudt: TV-profilen har fortsatt vannfrykt etter at hun nesten druknet p\u00e5 familieferie til Kreta. P\u00c5 SKJERMEN: Mona&hellip;\n","protected":false},"author":2,"featured_media":133276,"comment_status":"","ping_status":"","sticky":false,"template":"","format":"standard","meta":{"footnotes":""},"categories":[58],"tags":[71,479,2543,12375,30,28,29,208,72,13220],"class_list":{"0":"post-133275","1":"post","2":"type-post","3":"status-publish","4":"format-standard","5":"has-post-thumbnail","7":"category-underholdning","8":"tag-entertainment","9":"tag-kjendis","10":"tag-kjendisdesken","11":"tag-mona-grudt","12":"tag-no","13":"tag-norge","14":"tag-norway","15":"tag-tv-2","16":"tag-underholdning","17":"tag-vokteren"},"share_on_mastodon":{"url":"https:\/\/pubeurope.com\/@no\/115866532801123942","error":""},"_links":{"self":[{"href":"https:\/\/www.europesays.com\/no\/wp-json\/wp\/v2\/posts\/133275","targetHints":{"allow":["GET"]}}],"collection":[{"href":"https:\/\/www.europesays.com\/no\/wp-json\/wp\/v2\/posts"}],"about":[{"href":"https:\/\/www.europesays.com\/no\/wp-json\/wp\/v2\/types\/post"}],"author":[{"embeddable":true,"href":"https:\/\/www.europesays.com\/no\/wp-json\/wp\/v2\/users\/2"}],"replies":[{"embeddable":true,"href":"https:\/\/www.europesays.com\/no\/wp-json\/wp\/v2\/comments?post=133275"}],"version-history":[{"count":0,"href":"https:\/\/www.europesays.com\/no\/wp-json\/wp\/v2\/posts\/133275\/revisions"}],"wp:featuredmedia":[{"embeddable":true,"href":"https:\/\/www.europesays.com\/no\/wp-json\/wp\/v2\/media\/133276"}],"wp:attachment":[{"href":"https:\/\/www.europesays.com\/no\/wp-json\/wp\/v2\/media?parent=133275"}],"wp:term":[{"taxonomy":"category","embeddable":true,"href":"https:\/\/www.europesays.com\/no\/wp-json\/wp\/v2\/categories?post=133275"},{"taxonomy":"post_tag","embeddable":true,"href":"https:\/\/www.europesays.com\/no\/wp-json\/wp\/v2\/tags?post=133275"}],"curies":[{"name":"wp","href":"https:\/\/api.w.org\/{rel}","templated":true}]}}