{"id":133279,"date":"2026-01-09T18:24:12","date_gmt":"2026-01-09T18:24:12","guid":{"rendered":"https:\/\/www.europesays.com\/no\/133279\/"},"modified":"2026-01-09T18:24:12","modified_gmt":"2026-01-09T18:24:12","slug":"simen-velle-om-utfordringer-og-mal-som-ny-stortingsrepresentant","status":"publish","type":"post","link":"https:\/\/www.europesays.com\/no\/133279\/","title":{"rendered":"Simen Velle om utfordringer og m\u00e5l som ny stortingsrepresentant"},"content":{"rendered":"<p>&#8211;\u00a0 Det er jo ingen feilmargin p\u00e5 Stortinget. Du er n\u00f8dt til \u00e5 levere med en gang.<\/p>\n<p>Frp-profilen Simen Velle er vel p\u00e5 plass i jobben som stortingsrepresentant, og gj\u00f8r seg n\u00e5 klar for det f\u00f8rste \u00e5ret som folkevalgt p\u00e5 det h\u00f8yeste niv\u00e5et.<\/p>\n<p>Velle forteller om en sv\u00e6rt bratt l\u00e6ringskurve.<\/p>\n<p class=\"font-weight-bold m-font-weight-bold\" data-lab-font_weight=\"font-weight-bold\">&#8211; Det jo veldig mye \u00e5 sette seg inn i. Det f\u00f8les litt som \u00e5 hoppe p\u00e5 et tog i fart, for \u00e5 v\u00e6re helt \u00e6rlig, sier Velle til Dagbladet.<\/p>\n<p class=\"no_italic m-no_italic\" data-lab-italic=\"\">I dette nytt\u00e5rsintervjuet forteller han om sine m\u00e5l for 2026 og hvordan de f\u00f8rste m\u00e5nedene som stortingspolitiker har v\u00e6rt.<\/p>\n<p>&#8211; Blir litt provosert\t<\/p>\n<p class=\"italic m-italic\" data-lab-italic=\"italic\">&#8211; Hva har overrasket deg mest?<\/p>\n<p class=\"no_italic m-no_italic\" data-lab-italic=\"\">&#8211;\u00a0 At ting tar tid. I ungdomspolitikken s\u00e5 g\u00e5r ting veldig fort. <\/p>\n<p class=\"no_italic m-no_italic\" data-lab-italic=\"\">Velle utdyper.<\/p>\n<p>    <a itemprop=\"url\" href=\"https:\/\/www.dagbladet.no\/nyheter\/helt-harreisende\/84007524\" rel=\"nofollow noopener\" target=\"_blank\"><\/p>\n<p>        <img loading=\"lazy\" decoding=\"async\" src=\"https:\/\/www.europesays.com\/no\/wp-content\/uploads\/2026\/01\/84028626.webp.webp\" width=\"980\" height=\"441\" title=\"- Helt h\u00e5rreisende\" alt=\"\" class=\"lazyload\" style=\"--aspect-ratio-image: 2.22; \"\/><\/p>\n<p>        &#8211; Helt h\u00e5rreisende<\/p>\n<p>    <\/a><\/p>\n<p class=\"no_italic m-no_italic\" data-lab-italic=\"\">&#8211; Som ungdomspolitiker kan du v\u00e5kne opp om morgenen, lese Dagbladet og tenke litt i dusjen, og ringe Dagbladet rett etterp\u00e5. Her er det mye mer administrasjon og et mye st\u00f8rre byr\u00e5krati.<\/p>\n<p class=\"no_italic m-no_italic\" data-lab-italic=\"\">Frp-stjernen sier det er flere ting han reagerer p\u00e5 i sin nye rolle.<\/p>\n<p class=\"no_italic m-no_italic\" data-lab-italic=\"\"> &#8211; Det som er veldig annerledes fra ungdomspolitikk og voksenpolitikk, er at i voksenpolitikken s\u00e5 svarer ikke folk p\u00e5 sp\u00f8rsm\u00e5l. Hvis jeg st\u00e5r i et panel med AUF-leder Gaute Skjerv\u00f8 og presser han p\u00e5 noe, s\u00e5 f\u00e5r jeg til slutt et svar fra han. I voksenpolitikken s\u00e5 klarer man liksom \u00e5 sno seg unna uansett. Jeg blir litt provosert av det.<\/p>\n<p class=\"no_italic m-no_italic\" data-lab-italic=\"\">F\u00f8r valget sa Velle at han ville bl\u00e5se liv i stortingssalen hvis han kom inn. Det lover han \u00e5 f\u00f8lge opp.<\/p>\n<p>        <img loading=\"lazy\" decoding=\"async\" src=\"https:\/\/www.europesays.com\/no\/wp-content\/uploads\/2026\/01\/84050218.webp.webp\" width=\"980\" height=\"559\" title=\"H\u00c5RFIN: Frp-stjerne Simen Velle kom inn p\u00e5 Stortinget og ser seg ikke tilbake. Foto: J\u00f8rn H. Moen\/ Dagbladet\" alt=\"\" class=\"\" style=\"--aspect-ratio-image: 1.75; \"\/><\/p>\n<p>\n        H\u00c5RFIN: Frp-stjerne Simen Velle kom inn p\u00e5 Stortinget og ser seg ikke tilbake. Foto: J\u00f8rn H. Moen\/ Dagbladet\n    <\/p>\n<p class=\"no_italic m-no_italic\" data-lab-italic=\"\">&#8211;\u00a0 Det er nok noe jeg kommer til \u00e5 pr\u00f8ve \u00e5 bruke tid p\u00e5. Fordi det kan nok for mange vanlige nordmenn v\u00e6re veldig kjedelige \u00e5 f\u00f8lge debatten i Stortinget.<\/p>\n<p>Vil bli best p\u00e5 skole\t<\/p>\n<p class=\"italic m-italic\" data-lab-italic=\"italic\">&#8211; Hva er ditt m\u00e5l for 2026?<\/p>\n<p class=\"no_italic m-no_italic\" data-lab-italic=\"\">&#8211; Ja, det er egentlig for de neste fire \u00e5rene da, men arbeidet starter n\u00e5. Mitt h\u00e5p og \u00f8nske er at den innsatsen jeg og resten av fraksjonen legger ned resulterer i at vi ender opp med det st\u00f8rste sakseierskapet p\u00e5 skole.<\/p>\n<p class=\"no_italic m-no_italic\" data-lab-italic=\"\">I den siste velgerunders\u00f8kelsen har Frp en stor vekst p\u00e5 velgere som sier de er best p\u00e5 skolepolitikken, fra 3 prosent til 14 prosent. Det er like bak H\u00f8yre, som n\u00e5 er p\u00e5 15 prosent.<\/p>\n<p class=\"no_italic m-no_italic\" data-lab-italic=\"\">Det rimer godt med Frp-leder Sylvi Listhaugs klare krav f\u00f8r valget, om at Frp skulle ha kunnskapsministeren i en borgerlig regjering.<\/p>\n<p class=\"no_italic m-no_italic\" data-lab-italic=\"\">&#8211; Utdanning er et satsningsomr\u00e5de for Fremskrittspartiet. Vi er ikke blant de partiene som mener at vi skal beholde dagens systemer og p\u00f8se p\u00e5 med mer penger. Vi \u00f8nsker noen nye l\u00f8sninger for norsk utdanning. Og jeg kommer til \u00e5 jobbe dag og natt for \u00e5 n\u00e5 det m\u00e5let, sier Velle.<\/p>\n<p>    <a itemprop=\"url\" href=\"https:\/\/www.dagbladet.no\/nyheter\/vil-gjore-juleribba-dyrere\/84011006\" rel=\"nofollow noopener\" target=\"_blank\"><\/p>\n<p>        <img loading=\"lazy\" decoding=\"async\" src=\"https:\/\/www.europesays.com\/no\/wp-content\/uploads\/2026\/01\/84018870.webp.webp\" width=\"980\" height=\"441\" title=\"Vil gj\u00f8re juleribba dyrere\" alt=\"\" class=\"lazyload\" style=\"--aspect-ratio-image: 2.22; \"\/><\/p>\n<p>        Vil gj\u00f8re juleribba dyrere<\/p>\n<p>    <\/a><\/p>\n<p>&#8211; S\u00e5 glad for det\t<\/p>\n<p>&#8211; F\u00e5r vi se deg med langt h\u00e5r i 2026?<\/p>\n<p class=\"font-weight-bold m-font-weight-bold\" data-lab-font_weight=\"font-weight-bold\">&#8211; Nei, det f\u00e5r du ikke. Du h\u00f8rte det i Dagbladet f\u00f8rst.<\/p>\n<p>&#8211; Du, jeg er s\u00e5 glad jeg klippet h\u00e5ret, sier Velle f\u00f8r han bryter ut i latter.\u00a0<\/p>\n<p>Han forteller at han gikk litt lei f\u00f8r valgseieren endelig var i boks, og han klippet h\u00e5ret som del av et offentlig veddem\u00e5l.<\/p>\n<p>&#8211; Jeg skal ikke lyve. Litt p\u00e5 tampen av perioden med langt h\u00e5r s\u00e5 kjente jeg p\u00e5 det at n\u00e5 begynner jeg \u00e5 bli voksen. Jeg er veldig glad jeg kom inn p\u00e5 Stortinget og fikk klippet h\u00e5ret.<\/p>\n<p>&#8211; Jeg lovte pressen det for halvannet \u00e5r siden, og det er viktig \u00e5 holde det l\u00f8ftet. S\u00e5 ble det jo en kul greie med \u00e5 klipp seg ogs\u00e5.\u00a0<\/p>\n<p>Velle sier ogs\u00e5 det er mange fordeler med den nye sveisen.<\/p>\n<p>&#8211; Jeg sparer mye penger p\u00e5 sjampo og balsam. Jeg bruker mye mindre tid p\u00e5 \u00e5 f\u00f8ne h\u00e5ret. Det er ringvirkninger her, ikke sant, sier Velle sp\u00f8kefullt.<\/p>\n<p>        <img loading=\"lazy\" decoding=\"async\" src=\"https:\/\/www.europesays.com\/no\/wp-content\/uploads\/2026\/01\/84050220.webp.webp\" width=\"667\" height=\"381\" title=\"SITERER STOLTENBERG: Simen Velle siterer en politisk motstander n\u00e5r han forklarer hvorfor han ikke s\u00f8ker posisjoner. Foto: J\u00f8rn H. Moen\/ Dagbladet\" alt=\"\" class=\"\" style=\"--aspect-ratio-image: 1.75; \"\/><\/p>\n<p>\n        SITERER STOLTENBERG: Simen Velle siterer en politisk motstander n\u00e5r han forklarer hvorfor han ikke s\u00f8ker posisjoner. Foto: J\u00f8rn H. Moen\/ Dagbladet\n    <\/p>\n<p class=\"italic m-italic\" data-lab-italic=\"italic\">&#8211; Du m\u00e5 kanskje litt oftere til fris\u00f8ren?<\/p>\n<p>&#8211; Ja, det m\u00e5 jeg, men da f\u00e5r du den der hodebunnmassasjen ogs\u00e5. Det er ikke dumt det heller.<\/p>\n<p>&#8211; Ikke villig til det\t<\/p>\n<p class=\"no_italic m-no_italic\" data-lab-italic=\"\">Simen Velle er av flere omtalt som Frps kronprins og nevnes som en het kandidat hvis Frp havner i regjering om fire \u00e5r. Men selv liker han ikke den tittelen.<\/p>\n<p>    <a itemprop=\"url\" href=\"https:\/\/www.dagbladet.no\/nyheter\/apner-for-ny-periode\/83996070\" rel=\"nofollow noopener\" target=\"_blank\"><\/p>\n<p>        <img loading=\"lazy\" decoding=\"async\" src=\"https:\/\/www.europesays.com\/no\/wp-content\/uploads\/2026\/01\/83996783.webp.webp\" width=\"980\" height=\"441\" title=\"\u00c5pner for ny periode\" alt=\"\" class=\"lazyload\" style=\"--aspect-ratio-image: 2.22; \"\/><\/p>\n<p>        \u00c5pner for ny periode<\/p>\n<p>    <\/a><\/p>\n<p class=\"no_italic m-no_italic font-weight-bold m-font-weight-bold\" data-lab-italic=\"\" data-lab-font_weight=\"font-weight-bold\">&#8211; Nei, det er ikke ordet jeg er villig til \u00e5 bruke om meg selv, sier Velle og fortsetter:<\/p>\n<p class=\"no_italic m-no_italic\" data-lab-italic=\"\">&#8211; Vi har veldig mange dyktige politikere i Fremskrittspartiet. Og som Fpu-leder s\u00e5 har man jo en veldig fremskutt posisjon, men jeg kunne jo trukket fram ti andre unge som er veldig kompetente i denne stortingsgruppen. <\/p>\n<p class=\"italic m-italic\" data-lab-italic=\"italic\">&#8211; Er man ikke opptatt av makt og posisjoner n\u00e5r man jobber i politikken?<\/p>\n<p class=\"no_italic m-no_italic\" data-lab-italic=\"\">&#8211;\u00a0 Jeg lurer p\u00e5 om det var Jens Stoltenberg som hadde et resonnement om at til en viss grad s\u00e5 er du n\u00f8dt til \u00e5 like makt som politiker. Men det er jo ikke p\u00e5 grunn av makten i seg selv, det er jo p\u00e5 grunn av muligheten til \u00e5 gj\u00f8re en forskjell. S\u00e5 der jeg kan utrette en st\u00f8rst mulig forskjell er det jeg kommer til \u00e5 ha lyst til \u00e5 gj\u00f8re, sier Velle.<\/p>\n<p class=\"no_italic m-no_italic\" data-lab-italic=\"\">Han avviser en livslang politikerkarriere for en hver pris.<\/p>\n<p class=\"no_italic m-no_italic\" data-lab-italic=\"\">&#8211;\u00a0 Det er ikke s\u00e5nn at det eneste jeg kan bruke i livet mitt p\u00e5 er \u00e5 sitte p\u00e5 Stortinget for alltid. Jeg kommer til \u00e5 sitte her s\u00e5 lenge det er kult, og s\u00e5 lenge jeg f\u00f8ler jeg gj\u00f8r en forskjell. Og hvis jeg ikke f\u00f8ler det lenger, s\u00e5 finnes det sikkert andre steder i det norske samfunnet hvor jeg kan bidra. <\/p>\n","protected":false},"excerpt":{"rendered":"&#8211;\u00a0 Det er jo ingen feilmargin p\u00e5 Stortinget. Du er n\u00f8dt til \u00e5 levere med en gang. Frp-profilen&hellip;\n","protected":false},"author":2,"featured_media":133280,"comment_status":"","ping_status":"","sticky":false,"template":"","format":"standard","meta":{"footnotes":""},"categories":[12],"tags":[20,21,24,25,15,22,23,13,30,28,29,14,16,41,26,27,42,43,44,45],"class_list":{"0":"post-133279","1":"post","2":"type-post","3":"status-publish","4":"format-standard","5":"has-post-thumbnail","7":"category-verden","8":"tag-breaking-news","9":"tag-breakingnews","10":"tag-featured-news","11":"tag-featurednews","12":"tag-headlines","13":"tag-latest-news","14":"tag-latestnews","15":"tag-news","16":"tag-no","17":"tag-norge","18":"tag-norway","19":"tag-nyheter","20":"tag-overskrifter","21":"tag-politikk","22":"tag-top-stories","23":"tag-topstories","24":"tag-verden","25":"tag-world","26":"tag-world-news","27":"tag-worldnews"},"share_on_mastodon":{"url":"https:\/\/pubeurope.com\/@no\/115866544785456892","error":""},"_links":{"self":[{"href":"https:\/\/www.europesays.com\/no\/wp-json\/wp\/v2\/posts\/133279","targetHints":{"allow":["GET"]}}],"collection":[{"href":"https:\/\/www.europesays.com\/no\/wp-json\/wp\/v2\/posts"}],"about":[{"href":"https:\/\/www.europesays.com\/no\/wp-json\/wp\/v2\/types\/post"}],"author":[{"embeddable":true,"href":"https:\/\/www.europesays.com\/no\/wp-json\/wp\/v2\/users\/2"}],"replies":[{"embeddable":true,"href":"https:\/\/www.europesays.com\/no\/wp-json\/wp\/v2\/comments?post=133279"}],"version-history":[{"count":0,"href":"https:\/\/www.europesays.com\/no\/wp-json\/wp\/v2\/posts\/133279\/revisions"}],"wp:featuredmedia":[{"embeddable":true,"href":"https:\/\/www.europesays.com\/no\/wp-json\/wp\/v2\/media\/133280"}],"wp:attachment":[{"href":"https:\/\/www.europesays.com\/no\/wp-json\/wp\/v2\/media?parent=133279"}],"wp:term":[{"taxonomy":"category","embeddable":true,"href":"https:\/\/www.europesays.com\/no\/wp-json\/wp\/v2\/categories?post=133279"},{"taxonomy":"post_tag","embeddable":true,"href":"https:\/\/www.europesays.com\/no\/wp-json\/wp\/v2\/tags?post=133279"}],"curies":[{"name":"wp","href":"https:\/\/api.w.org\/{rel}","templated":true}]}}