{"id":133287,"date":"2026-01-09T18:32:09","date_gmt":"2026-01-09T18:32:09","guid":{"rendered":"https:\/\/www.europesays.com\/no\/133287\/"},"modified":"2026-01-09T18:32:09","modified_gmt":"2026-01-09T18:32:09","slug":"klare-tegn-pa-at-regimet-foler-seg-truet","status":"publish","type":"post","link":"https:\/\/www.europesays.com\/no\/133287\/","title":{"rendered":"\u2013 Klare tegn p\u00e5 at regimet f\u00f8ler seg truet"},"content":{"rendered":"<p>    Regimet er under kraftig press, sier flere Iran-eksperter til ABC Nyheter.<\/p>\n<p>\n        Flere biler st\u00e5r her i brann under demonstrasjonene i Irans hovedstad Teheran. Bildet er fra en video som sirkulerer i sosiale medier, og er verifisert av Reuters. Det er ikke kjent hvilken dag det er tatt.<br \/>\n        Skjermdump \/ Reuters \/ NTB\n    <\/p>\n<p>\u2013 Hadde du spurt meg for tre dager siden, ville jeg sagt at demonstrasjonene ikke var blitt en trussel mot regimet enn\u00e5, sier Iran-ekspert Eirik Kvindesland til ABC Nyheter.<\/p>\n<p>N\u00e5 mener han situasjonen er en annen.<\/p>\n<p>                <img decoding=\"async\" src=\"https:\/\/www.europesays.com\/no\/wp-content\/uploads\/2026\/01\/1368728.webp.jpeg\" width=\"480\" height=\"418\" title=\"Eirik Kvindesland er postdoktor ved det \u00f8sterrikske vitenskapsakademiet i Wien.\" alt=\"\" loading=\"lazy\" style=\"\"\/><\/p>\n<p>\n            Eirik Kvindesland er postdoktor ved det \u00f8sterrikske vitenskapsakademiet i Wien.<br \/>\n            James Sunderland\n        <\/p>\n<p class=\"font-weight-bold m-font-weight-bold\" data-lab-font_weight=\"font-weight-bold\">\u2013 Den iranske ledelsen, b\u00e5de \u00f8verste leder og rettsapparatet, har sagt at de kommer til \u00e5 knuse demonstrasjonene. De har lagt vekk det forsonende spr\u00e5ket og stengt av internett for hele landet. Det er ganske klare tegn p\u00e5 at regimet f\u00f8ler seg truet.<\/p>\n<p>Dag Henrik Tuastad, som er dosent i Midt\u00f8sten-studier, deler oppfatningen.<\/p>\n<p>\u2013\u00a0Demonstrasjonene er allerede en trussel for regimet. \u00d8konomien har kollapset, og misn\u00f8yen er enorm p\u00e5 tvers av klasse og etnisitet, sier Tuastad til ABC Nyheter.<\/p>\n<p class=\"font-weight-bold m-font-weight-bold\" data-lab-font_weight=\"font-weight-bold\">\u2013 Problemet for regimet er at de tilsynelatende ikke har noen som helst mulighet til \u00e5 gj\u00f8re noe med \u00f8konomien. Dermed har \u00f8konomisk misn\u00f8ye smeltet sammen med den politiske forakten mot prestestyret som s\u00e6rlig den yngre generasjonen b\u00e6rer p\u00e5, sier han.<\/p>\n<p>Hva kan velte regimet?<\/p>\n<p>Demonstrasjonene i Iran har snart p\u00e5g\u00e5tt i to uker. Protestene er de st\u00f8rste i landet siden Mahsa Amini d\u00f8de i 2022.\u00a0<\/p>\n<p>                <img decoding=\"async\" src=\"https:\/\/www.europesays.com\/no\/wp-content\/uploads\/2026\/01\/1368920.webp.jpeg\" width=\"480\" height=\"274\" title=\"Demonstranter i hovedstaden Teheran torsdag.\" alt=\"\" loading=\"lazy\" style=\"\"\/><\/p>\n<p>\n            Demonstranter i hovedstaden Teheran torsdag.<br \/>\n            AP \/ NTB\n        <\/p>\n<p class=\"font-weight-bold m-font-weight-bold\" data-lab-font_weight=\"font-weight-bold\">If\u00f8lge en britisk etterretningsrapport har ayatolla Ali Khamenei <a href=\"https:\/\/www.abcnyheter.no\/nyheter\/the-times-khamenei-har-fluktplanen-klar-vil-romme-til-russland\/1361510\" target=\"_blank\" rel=\"nofollow noopener\">lagt en fluktplan<\/a>.<\/p>\n<p>                <img decoding=\"async\" src=\"https:\/\/www.europesays.com\/no\/wp-content\/uploads\/2026\/01\/356035.webp.jpeg\" width=\"480\" height=\"312\" title=\"Dag Henrik Tuastad er dosent i Midt\u00f8sten-studier ved Universitetet i Oslo.\" alt=\"\" loading=\"lazy\" style=\"\"\/><\/p>\n<p>\n            Dag Henrik Tuastad er dosent i Midt\u00f8sten-studier ved Universitetet i Oslo. <strong\/><br \/>\n            Foto: Ellen Evju Jahr \/ UiO\n        <\/p>\n<p>Hva m\u00e5 skje for at regimet skal falle?<\/p>\n<p>\u2013 For \u00e5 f\u00e5 til regimeendring m\u00e5 deler av sikkerhetsstyrkene og det milit\u00e6re alliere seg med folket mot prestestyret. Det har s\u00e5 langt vist seg vanskelig i Iran, sier Tuastad.<\/p>\n<p class=\"font-weight-bold m-font-weight-bold\" data-lab-font_weight=\"font-weight-bold\">\u2013\u00a0Men dette kan v\u00e6re begynnelsen p\u00e5 slutten for teokratiet, systemet med en \u00f8verste religi\u00f8s leder som st\u00e5r over alle andre, fortsetter Midt\u00f8sten-professoren.<\/p>\n<p>\u2013 St\u00f8digere enn vi tror<\/p>\n<p>Postdoktor Kvindesland mener regimet st\u00e5r st\u00f8digere enn det er lett \u00e5 f\u00e5 inntrykk av.<\/p>\n<p>De p\u00e5g\u00e5ende demonstrasjonene er langt fra de f\u00f8rste i Iran.\u00a0<\/p>\n<p class=\"font-weight-bold m-font-weight-bold\" data-lab-font_weight=\"font-weight-bold\">Gang p\u00e5 gang har regimet overlevd.<\/p>\n<p>        Fakta om protestb\u00f8lger i Iran<\/p>\n<p>* En protestb\u00f8lge br\u00f8t ut i\u00a0Iran\u00a0i slutten av desember, som f\u00f8lge av \u00f8konomisk misn\u00f8ye.<\/p>\n<p>* Det er de mest omfattende protestene etter protestene som oppsto h\u00f8sten 2022, da den kurdisk-iranske kvinnen Mahsa Jina Amini d\u00f8de etter \u00e5 ha v\u00e6rt i moralpolitiets varetekt.<\/p>\n<p>* Kvinner og menn demonstrerte under slagordet \u00abKvinne, liv, frihet\u00bb, og kravet til demonstrantene var \u00f8kt selvbestemmelse for kvinner, grunnleggende menneskerettigheter og et fritt samfunn.<\/p>\n<p>* I l\u00f8pet av h\u00f8sten 2022 utviklet protestene seg til \u00e5 inkludere krav om regimeendring i landet. Demonstrasjonene ble til slutt sl\u00e5tt blodig ned av regimet.<\/p>\n<p>*\u00a0Iran\u00a0har v\u00e6rt preget av mange protestb\u00f8lger opp gjennom \u00e5rene.<\/p>\n<p>* I kj\u00f8lvannet av presidentvalget i 2009 gikk millioner av mennesker ut i gatene og protesterte mot det de mente var valgfusk. Det ble starten p\u00e5 Den gr\u00f8nne bevegelsen, som krevde et mer demokratisk og fritt\u00a0Iran. Ogs\u00e5 disse protestene ble knust av regimet.<\/p>\n<p>* Nye masseprotester ble utl\u00f8st i 2017, 2018 og 2019.<\/p>\n<p>* Disse protestene var f\u00f8rst og fremst rettet mot d\u00e5rlige \u00f8konomiske og sosiale forhold i landet. Demonstrantene kom i hovedsak fra lavtl\u00f8nte personer som fremmet krav om \u00f8konomiske endringer.<\/p>\n<p>Kilder: Store norske leksikon \/ NTB<\/p>\n<p>\u2013 Det handler delvis om at republikken selv er et resultat av en revolusjon, og at det var folkelige krav som drev den frem, sier Kvindesland til ABC Nyheter.<\/p>\n<p class=\"font-weight-bold m-font-weight-bold\" data-lab-font_weight=\"font-weight-bold\">\u2013 P\u00e5 mange felt fungerer Iran ganske bra sammenlignet med nabolandene. Det er en velferdsstat, og de har en infrastruktur som fungerer. Det er folk som har ting \u00e5 tape hvis regimet endres eller det blir en langvarig periode med ustabilitet. Dessuten er det mange som har direkte \u00f8konomiske interesser i staten, sier han.<\/p>\n<p>Overgangen mellom offentlig og privat sektor i Iran er ganske glidende, if\u00f8lge Kvindesland, og bidrar til at staten har ganske dype r\u00f8tter ute i samfunnet.<\/p>\n<p>\u2013 N\u00e5r det er sagt, s\u00e5 er dette antageligvis regimets st\u00f8rste utfordring p\u00e5 kanskje 20 \u00e5r.<\/p>\n<p>Stort sikkerhetsapparat<\/p>\n<p>Banafsheh Ranji, som er postdoktor ved NTNU, vet mye om hvordan regimet g\u00e5r til verks for \u00e5 sl\u00e5 ned demonstrasjoner.\u00a0<\/p>\n<p>                <img decoding=\"async\" src=\"https:\/\/www.europesays.com\/no\/wp-content\/uploads\/2026\/01\/1368894.webp.jpeg\" width=\"480\" height=\"394\" title=\"Postdoktor Banafsheh Ranji har forsket p\u00e5 hvordan det iranske regimet slo ned de store protestene i 2022.\" alt=\"\" loading=\"lazy\" style=\"\"\/><\/p>\n<p>\n            Postdoktor Banafsheh Ranji har forsket p\u00e5 hvordan det iranske regimet slo ned de store protestene i 2022.<br \/>\n            NTNU\n        <\/p>\n<p>Hun har tidligere <a href=\"https:\/\/www.nupi.no\/nyheter\/slik-speler-regimet-i-iran-paa-kjensler-for-aa-slaa-ned-protestar\" target=\"_blank\" rel=\"nofollow noopener\">forsket p\u00e5 temaet<\/a>.<\/p>\n<p>Ranji forteller at sikkerhetsapparatet best\u00e5r av flere styrker \u2013 Revolusjonsgarden, Basji-militsen, etterretningstjenester og politi.<\/p>\n<p class=\"font-weight-bold m-font-weight-bold\" data-lab-font_weight=\"font-weight-bold\">\u2013\u00a0Dette isolerer regimet mot overl\u00f8pere ved \u00e5 sikre at selv om \u00e9n styrke n\u00f8ler, vil andre utf\u00f8re ordre om \u00e5 sl\u00e5 ned p\u00e5 demonstrasjoner, sier Ranji.<\/p>\n<p> Informasjonskontroll forhindrer demonstranter fra \u00e5 koordinere effektivt og \u00f8ker regimets kapasitet til undertrykkelse. <\/p>\n<p>Regimet fors\u00f8ker ogs\u00e5 \u00e5 selge en alternativ fortelling om demonstrasjoner, sier hun.<\/p>\n<p>\u2013 Regimet har ofte stemplet protester som utenlandske komplotter, terrorhandlinger eller skapelse av kaos, forklarer Ranji.<\/p>\n<p class=\"font-weight-bold m-font-weight-bold\" data-lab-font_weight=\"font-weight-bold\">\u2013\u00a0Denne typen undertrykkelse er et signal om at selv sm\u00e5 protester blir sett p\u00e5 som en utfordring mot dets autoritet.<\/p>\n<p>                <img decoding=\"async\" src=\"https:\/\/www.europesays.com\/no\/wp-content\/uploads\/2026\/01\/1368930.webp.jpeg\" width=\"480\" height=\"274\" title=\"Irans \u00f8verste leder, ayatolla Ali Khamenei.\" alt=\"\" loading=\"lazy\" style=\"\"\/><\/p>\n<p>\n            Irans \u00f8verste leder, ayatolla Ali Khamenei.<br \/>\n            Khamenei.ir \/ AFP \/ NTB\n        <\/p>\n<p>Iran Human Rights (IHR) anslo torsdag at minst 45 demonstranter er drept hittil.<\/p>\n<p class=\"font-weight-bold m-font-weight-bold\" data-lab-font_weight=\"font-weight-bold\">If\u00f8lge menneskerettighetsorganisasjonen er \u00e5tte av de drepte mindre\u00e5rige.<\/p>\n<p>USA og Israel<\/p>\n<p>Historieprofessor Hilde Henriksen Waage tror ogs\u00e5 <a href=\"https:\/\/www.abcnyheter.no\/nyheter\/tidslinje-i-krigen-mellom-israel-og-iran\/1106924\" target=\"_blank\" rel=\"nofollow noopener\">krigen i sommer<\/a> har hatt effekt.<\/p>\n<p>                <img decoding=\"async\" src=\"https:\/\/www.europesays.com\/no\/wp-content\/uploads\/2026\/01\/1368918.webp.jpeg\" width=\"480\" height=\"274\" title=\"Hilde Henriksen Waage er professor i historie ved Universitetet i Oslo.\" alt=\"\" loading=\"lazy\" style=\"\"\/><\/p>\n<p>\n            Hilde Henriksen Waage er professor i historie ved Universitetet i Oslo.<br \/>\n            H\u00e5kon Mosvold Larsen \/ NTB\n        <\/p>\n<p data-lab-font_weight=\"\">\u2013\u00a0Israelerne fikk for f\u00f8rste gang i historien USA med p\u00e5 \u00e5 gjennomf\u00f8re massive bombeangrep p\u00e5 Irans kjernefysiske installasjoner, sier Waage til ABC Nyheter.<\/p>\n<p class=\"font-weight-bold m-font-weight-bold\" data-lab-font_weight=\"font-weight-bold\">Det iranske regimet har etter dette v\u00e6rt ytterligere svekket, sier professoren.<\/p>\n<p data-lab-font_weight=\"\">\u2013\u00a0USA og Israel truer igjen Iran, og Trump hevder han vil komme demonstrantene\u00a0<a href=\"https:\/\/www.abcnyheter.no\/nyheter\/iran-fordommer-trumps-trussel-hensynslost-og-farlig\/1356857\" target=\"_blank\" rel=\"nofollow noopener\">til unnsetning<\/a>, hva n\u00e5 enn det betyr, sier hun.<\/p>\n<p>Peker p\u00e5 Trump<\/p>\n<p data-lab-font_weight=\"\">Irans \u00f8verste leder\u00a0ayatolla Ali Khamenei langet fredag igjen <a href=\"https:\/\/www.abcnyheter.no\/nyheter\/irans-overste-leder-taler-hevder-demonstrantene-vil-blidgjore-trump\/1368012\" target=\"_blank\" rel=\"nofollow noopener\">ut mot USAs president<\/a>.<\/p>\n<p> Han anklager demonstrantene for \u00e5 \u00ab\u00f8delegge sine egne gater for \u00e5 blidgj\u00f8re presidenten i et annet land\u00bb, skriver Reuters.<\/p>\n<p>If\u00f8lge Reuters ba Khamenei ogs\u00e5 Trump om \u00e5 fokusere p\u00e5 problemene i sitt eget land.<\/p>\n","protected":false},"excerpt":{"rendered":"Regimet er under kraftig press, sier flere Iran-eksperter til ABC Nyheter. Flere biler st\u00e5r her i brann under&hellip;\n","protected":false},"author":2,"featured_media":133288,"comment_status":"","ping_status":"","sticky":false,"template":"","format":"standard","meta":{"footnotes":""},"categories":[12],"tags":[20,21,24,25,15,22,23,13,30,28,29,14,16,26,27,42,43,44,45],"class_list":{"0":"post-133287","1":"post","2":"type-post","3":"status-publish","4":"format-standard","5":"has-post-thumbnail","7":"category-verden","8":"tag-breaking-news","9":"tag-breakingnews","10":"tag-featured-news","11":"tag-featurednews","12":"tag-headlines","13":"tag-latest-news","14":"tag-latestnews","15":"tag-news","16":"tag-no","17":"tag-norge","18":"tag-norway","19":"tag-nyheter","20":"tag-overskrifter","21":"tag-top-stories","22":"tag-topstories","23":"tag-verden","24":"tag-world","25":"tag-world-news","26":"tag-worldnews"},"share_on_mastodon":{"url":"https:\/\/pubeurope.com\/@no\/115866576224603947","error":""},"_links":{"self":[{"href":"https:\/\/www.europesays.com\/no\/wp-json\/wp\/v2\/posts\/133287","targetHints":{"allow":["GET"]}}],"collection":[{"href":"https:\/\/www.europesays.com\/no\/wp-json\/wp\/v2\/posts"}],"about":[{"href":"https:\/\/www.europesays.com\/no\/wp-json\/wp\/v2\/types\/post"}],"author":[{"embeddable":true,"href":"https:\/\/www.europesays.com\/no\/wp-json\/wp\/v2\/users\/2"}],"replies":[{"embeddable":true,"href":"https:\/\/www.europesays.com\/no\/wp-json\/wp\/v2\/comments?post=133287"}],"version-history":[{"count":0,"href":"https:\/\/www.europesays.com\/no\/wp-json\/wp\/v2\/posts\/133287\/revisions"}],"wp:featuredmedia":[{"embeddable":true,"href":"https:\/\/www.europesays.com\/no\/wp-json\/wp\/v2\/media\/133288"}],"wp:attachment":[{"href":"https:\/\/www.europesays.com\/no\/wp-json\/wp\/v2\/media?parent=133287"}],"wp:term":[{"taxonomy":"category","embeddable":true,"href":"https:\/\/www.europesays.com\/no\/wp-json\/wp\/v2\/categories?post=133287"},{"taxonomy":"post_tag","embeddable":true,"href":"https:\/\/www.europesays.com\/no\/wp-json\/wp\/v2\/tags?post=133287"}],"curies":[{"name":"wp","href":"https:\/\/api.w.org\/{rel}","templated":true}]}}