{"id":133297,"date":"2026-01-09T18:43:09","date_gmt":"2026-01-09T18:43:09","guid":{"rendered":"https:\/\/www.europesays.com\/no\/133297\/"},"modified":"2026-01-09T18:43:09","modified_gmt":"2026-01-09T18:43:09","slug":"kommunekommisjonen-vil-fjerne-laerernormen-blir-trolig-vraket-av-regjeringen","status":"publish","type":"post","link":"https:\/\/www.europesays.com\/no\/133297\/","title":{"rendered":"Kommunekommisjonen vil fjerne l\u00e6rernormen \u2013 blir trolig vraket av regjeringen"},"content":{"rendered":"\n<ul class=\"_list_o9xde_3 _list_64s2r_85 _unordered_o9xde_106 text-sans-m\">\n<li class=\"_item_o9xde_30\">Kommunekommisjonen vil fjerne l\u00e6rernormen, men forslaget m\u00f8tes med sterk motstand.<\/li>\n<li class=\"_item_o9xde_30\">Kunnskapsministeren og Ap vil beholde normen i tr\u00e5d med partiprogrammet.<\/li>\n<li class=\"_item_o9xde_30\">Sp og SV uttrykker viktighet av god l\u00e6rerdekning, mens H\u00f8yre \u00f8nsker \u00e5 vrake normen.<\/li>\n<li class=\"_item_o9xde_30\">L\u00e6rerorganisasjonene frykter d\u00e5rligere skole med st\u00f8rre klasser og mindre elevoppf\u00f8lging.<\/li>\n<\/ul>\n<p>Vis mer <\/p>\n<p class=\"_paragraph_o9xde_4 _paragraph_xtcu6_10 layout-component text-serif-m layout-normal text-serif-m layout-padded\">Den regjeringsoppnevnte Kommunekommisjonens st\u00f8rste nyhet fredag \u2013 <a href=\"https:\/\/www.vg.no\/nyheter\/i\/wrPaj1\/shazia-majid-om-kommunekommisjonen-som-vil-avvikle-laerernormen\" data-track-element-type=\"Link\" data-track-id=\"link:wrPaj1\" class=\"_link_o9xde_39\" rel=\"nofollow noopener\" target=\"_blank\">var et forslag om \u00e5 fjerne l\u00e6rernormen<\/a> \u2013 som sikrer et makstall med elever pr. l\u00e6rer i skolen.<\/p>\n<p class=\"_paragraph_o9xde_4 _paragraph_xtcu6_10 layout-component text-serif-m layout-normal text-serif-m layout-padded\">Forlaget f\u00e5r neppe st\u00f8tte fra regjeringspartiet Ap. Men Senterpartiets vippeposisjon i Stortinget kan bli avgj\u00f8rende for oppslutningen der.<\/p>\n<p class=\"_paragraph_o9xde_4 _paragraph_xtcu6_10 layout-component text-serif-m layout-normal text-serif-m layout-padded\"><strong class=\"_strong_o9xde_25\">\u2013 I Arbeiderpartiets <a href=\"https:\/\/www.arbeiderpartiet.no\/om\/program\/\" class=\"_link_o9xde_39\" rel=\"nofollow noopener\" target=\"_blank\">partiprogram <\/a>for perioden st\u00e5r det at vi er for \u00abminstenormen for l\u00e6rertetthet\u00bb, skriver kunnskapsminister Kari Nessa Nordtun (Ap) i en sms til VG.<\/strong><\/p>\n<p class=\"_paragraph_o9xde_4 _paragraph_xtcu6_10 layout-component text-serif-m layout-normal text-serif-m layout-padded\">Partiprogrammet ble vedtatt p\u00e5 landsm\u00f8tet v\u00e5ren 2025 \u2013 og gjelder for stortingsperioden frem til 2029.<\/p>\n<p class=\"_paragraph_o9xde_4 _paragraph_xtcu6_10 layout-component text-serif-m layout-normal text-serif-m layout-padded\">\u2013 Vi merker oss kommisjonens ulike forslag om l\u00e6rernormen, og \u00f8nsker velkommen en diskusjon om de ulike forslagene, fortsetter Nordtun \u2013 som vil komme tilbake til anbefalingene \u00abp\u00e5 vanlig m\u00e5te\u00bb.<\/p>\n<p>Kommunekommisjonens flertall<\/p>\n<ul class=\"_list_o9xde_3 _list_xtcu6_9 _list_16v91_9 _unordered_o9xde_106 layout-component text-serif-m layout-normal text-sans-m layout-padded\">\n<li class=\"_item_o9xde_30\">7 av de 12 medlemmene g\u00e5r inn for \u00e5 avvikle l\u00e6rernormen. Blant disse syv er det to kommunedirekt\u00f8rer og en som representerer KS.<\/li>\n<li class=\"_item_o9xde_30\">4 medlemmer foresl\u00e5r \u00e5 beholde normen, men at den skal gjelde p\u00e5 kommuneniv\u00e5, og ikke for hver enkelt skole som i dag. Blant disse fire er lederen i Fagforbundet, Mette Nord, og tidligere Ap-ordf\u00f8rer i Trondheim, Rita Ottervik.<\/li>\n<li class=\"_item_o9xde_30\">Geir R\u00f8svoll, som representerer hovedorganisasjonen Unio i kommisjonen, tok dissens og \u00f8nsker \u00e5 bevare normen som i dag.<\/li>\n<\/ul>\n<p class=\"_paragraph_o9xde_4 _paragraph_xtcu6_10 _paragraph_16v91_10 layout-component text-serif-m layout-normal text-sans-m layout-padded\">(Kilder: Kommunekommisjonen og bladet Utdanningsnytt)<\/p>\n<p>Vis merKrF-seier<\/p>\n<p class=\"_paragraph_o9xde_4 _paragraph_xtcu6_10 layout-component text-serif-m layout-normal text-serif-m layout-padded\">Det var KrF som i sin tid <a href=\"https:\/\/www.vg.no\/nyheter\/i\/byP53\/krf-krav-for-budsjett-stoette-800-millioner-til-flere-laerere\" data-track-element-type=\"Link\" data-track-id=\"link:byP53\" class=\"_link_o9xde_39\" rel=\"nofollow noopener\" target=\"_blank\">initierte l\u00e6rernormen<\/a>. Mens SV er helt tydelige p\u00e5 at de vil beholde normen som sier hvor mange elever en l\u00e6rer maksimalt skal ha ansvar for. L\u00e6rernormen har tilf\u00f8rt skolen rundt 2000 nye l\u00e6rere.<\/p>\n<p><img alt=\"SKOLETALSPERSON: Joel Ysteb\u00f8 (KrF) sitter i Stortingets utdanningskomit\u00e9.  Foto: Emilie Rydning \/ VG\" class=\"_image_qp4xg_65 layout-component layout-normal\" data-fullscreen- data-track-element-type=\"Article image fullscreen\" data-track-name=\"ImageFullscreen\" decoding=\"async\" loading=\"lazy\" height=\"4160\" itemprop=\"image\"  src=\"https:\/\/www.europesays.com\/no\/wp-content\/uploads\/2026\/01\/71d4003d-09fd-40a2-b5d3-3f91de82fd57.jpeg\"  style=\"object-position:0% 0%\" width=\"6240\"\/>SKOLETALSPERSON: Joel Ysteb\u00f8 (KrF) sitter i Stortingets utdanningskomit\u00e9.  Foto: Emilie Rydning \/ VG<\/p>\n<p class=\"_paragraph_o9xde_4 _paragraph_xtcu6_10 layout-component text-serif-m layout-normal text-serif-m layout-padded\">KrFs skoletalsperson Joel Ysteb\u00f8, er overrasket over Kommunekommisjonens forslag om \u00e5 vrake l\u00e6rernormen.<\/p>\n<p class=\"_paragraph_o9xde_4 _paragraph_xtcu6_10 layout-component text-serif-m layout-normal text-serif-m layout-padded\">\u2013 Det er rystende. Rett og slett fordi at dette er en norm som har vist seg \u00e5 v\u00e6re veldig god.<br \/>Den har oppn\u00e5dd mye av det som var intensjonen, nemlig \u00e5 f\u00e5 flere l\u00e6rere,<br \/>s\u00e5nn at de f\u00e5r mer tid til elevene, sier Ysteb\u00f8 til VG.<\/p>\n<p>L\u00e6rernormen<\/p>\n<ul class=\"_list_o9xde_3 _list_xtcu6_9 _list_16v91_9 _unordered_o9xde_106 layout-component text-serif-m layout-normal text-sans-m layout-padded\">\n<li class=\"_item_o9xde_30\">Norm for l\u00e6rertetthet skal sikre flere l\u00e6rere i undervisning ved skoler som har hatt mange elever per l\u00e6rer. <\/li>\n<li class=\"_item_o9xde_30\">Normen ble vedtatt av Stortinget i 2017, og innf\u00f8rt fra og med skole\u00e5ret 2018\/19.<\/li>\n<li class=\"_item_o9xde_30\">Normen tilsier at antall elever per l\u00e6rer i ordin\u00e6r undervisning ikke skal overskride 15 p\u00e5 1.\u20134. trinn og 20 p\u00e5 5.-10. trinn.<\/li>\n<\/ul>\n<p class=\"_paragraph_o9xde_4 _paragraph_xtcu6_10 _paragraph_16v91_10 layout-component text-serif-m layout-normal text-sans-m layout-padded\">(Kilde: Utdanningsdirektoratet)<\/p>\n<p>Vis mer<\/p>\n<p class=\"_paragraph_o9xde_4 _paragraph_xtcu6_10 layout-component text-serif-m layout-normal text-serif-m layout-padded\">Han vedg\u00e5r at det gjenst\u00e5r mye i arbeidet med \u00e5 f\u00e5 opp kvaliteten p\u00e5 norsk skole.<\/p>\n<p class=\"_paragraph_o9xde_4 _paragraph_xtcu6_10 layout-component text-serif-m layout-normal text-serif-m layout-padded\"><strong class=\"_strong_o9xde_25\">\u2013 Men \u00e5 forkaste denne normen, det mener vi ikke er rett vei \u00e5 g\u00e5, sier Ysteb\u00f8.<\/strong><\/p>\n<p>Sp har ikke bestemt seg<\/p>\n<p class=\"_paragraph_o9xde_4 _paragraph_xtcu6_10 layout-component text-serif-m layout-normal text-serif-m layout-padded\">\u2013 Kommunekommisjonen mener kommunene m\u00e5 gis st\u00f8rre rom til \u00e5 styre egne behov i skolen og kommunen selv?<\/p>\n<p class=\"_paragraph_o9xde_4 _paragraph_xtcu6_10 layout-component text-serif-m layout-normal text-serif-m layout-padded\">\u2013 Jeg forst\u00e5r det behovet, det er ikke et ideal at kommunene skal styres mest mulig av staten, tvert imot. Men vi som nasjonale politikere m\u00e5 sette noen rammer, og sette en retning for hva vi \u00f8nsker i tjenestene, s\u00e6rlig p\u00e5 et s\u00e5 viktig omr\u00e5de som skole, og utdanningen til v\u00e5re barn, da mener jeg at det er n\u00f8dvendig med en l\u00e6rernorm, sier Ysteb\u00f8.<\/p>\n<p class=\"_paragraph_o9xde_4 _paragraph_xtcu6_10 layout-component text-serif-m layout-normal text-serif-m layout-padded\">I Senterpartiet, som ofte havner p\u00e5 vippen i Stortinget, er holdningen til \u00e5 vrake l\u00e6rernormen p\u00e5 ingen m\u00e5te klar.<\/p>\n<p class=\"_paragraph_o9xde_4 _paragraph_xtcu6_10 layout-component text-serif-m layout-normal text-serif-m layout-padded\">\u2013 Prinsipielt er vi for mest mulig selvr\u00e5derett for kommunene. Samtidig er vi opptatt av god l\u00e6rerdekning. Vi har heller ingen programformulering om l\u00e6rernormen. S\u00e5 vi har ikke l\u00e5st oss til noe i denne saken, sier Aleksander \u00d8ren Heen (Sp) som for tiden vikarierer for Erling Sande i Utdanningskomiteen.<\/p>\n<p>L\u00e6rerorganisasjonene heiagjeng<\/p>\n<p class=\"_paragraph_o9xde_4 _paragraph_xtcu6_10 layout-component text-serif-m layout-normal text-serif-m layout-padded\">Det var hans forgjengere i partiet som vant en budsjettseier i 2017\/2018 med innf\u00f8ringen av l\u00e6rernormen \u2013 med l\u00e6rerorganisasjonene som heiagjeng.<\/p>\n<p class=\"_paragraph_o9xde_4 _paragraph_xtcu6_10 layout-component text-serif-m layout-normal text-serif-m layout-padded\">\u2013 Dette er et dramatisk forslag for norsk skole. Kommunene trenger mer penger og mer folk, ikke f\u00e6rre l\u00e6rere, sier Sunniva Holm\u00e5s Eidsvoll om Kommunekommisjonens forslag om \u00e5 fjerne l\u00e6rernormen.<\/p>\n<p><img alt=\"KOMMUNETOPP: Gunn-Marit Helgesen (H) er styreleder i Kommunesektorens organisasjon (KS).  Foto: Helene Mariussen \/ VG\" class=\"_image_qp4xg_65 layout-component layout-normal\" data-fullscreen- data-track-element-type=\"Article image fullscreen\" data-track-name=\"ImageFullscreen\" decoding=\"async\" loading=\"lazy\" height=\"4000\" itemprop=\"image\"  src=\"https:\/\/www.europesays.com\/no\/wp-content\/uploads\/2026\/01\/282deee3-becb-486f-a165-3060b9ba6abb.jpeg\"  style=\"object-position:0% 0%\" width=\"6000\"\/>KOMMUNETOPP: Gunn-Marit Helgesen (H) er styreleder i Kommunesektorens organisasjon (KS).  Foto: Helene Mariussen \/ VG<\/p>\n<p class=\"_paragraph_o9xde_4 _paragraph_xtcu6_10 layout-component text-serif-m layout-normal text-serif-m layout-padded\">Leder Geir R\u00f8svoll i mektige Utdanningsforbundet er eneste medlem i Kommmunekommisjonen som sa entydig nei til vraking av normen.<\/p>\n<p class=\"_paragraph_o9xde_4 _paragraph_xtcu6_10 layout-component text-serif-m layout-normal text-serif-m layout-padded\">\u2013 Hvis politikerne skroter l\u00e6rernormen f\u00e5r vi en d\u00e5rligere skole med for store klasser, mindre tid til hver elev, f\u00e6rre muligheter til tilpasset oppl\u00e6ring og mer st\u00f8y og uro, sier R\u00f8svoll.<\/p>\n<p class=\"_paragraph_o9xde_4 _paragraph_xtcu6_10 layout-component text-serif-m layout-normal text-serif-m layout-padded\">LOs og arbeiderbevegelsens egen l\u00e6rerorganisasjon, Skolenes Landsforbund, sier ogs\u00e5 et tydelig nei til \u00e5 vrake normen.<\/p>\n<p class=\"_paragraph_o9xde_4 _paragraph_xtcu6_10 layout-component text-serif-m layout-normal text-serif-m layout-padded\">\u2013 \u00c5 fjerne l\u00e6rernormen vil ikke gi flere l\u00e6rere i skolen. Tvert imot vil det f\u00f8re til st\u00f8rre<br \/>elevgrupper, mindre oppf\u00f8lging av den enkelte elev og \u00f8kte forskjeller mellom<br \/>kommuner, sier forbundsleder Jon Oddvar Holthe i Skolenes landsforbund.<\/p>\n<p class=\"_paragraph_o9xde_4 _paragraph_xtcu6_10 layout-component text-serif-m layout-normal text-serif-m layout-padded\">Han minner om at l\u00e6rernormen er et nasjonalt minstekrav som skal sikre tilstrekkelig l\u00e6rertetthet, ogs\u00e5 n\u00e5r kommune\u00f8konomien er presset.<\/p>\n<p class=\"_paragraph_o9xde_4 _paragraph_xtcu6_10 layout-component text-serif-m layout-normal text-serif-m layout-padded\">If\u00f8lge forbundet viser erfaringene fra skolehverdagen at for lav bemanning allerede i dag f\u00f8rer til sammensl\u00e5ing av klasser, mindre tid til elevene og \u00f8kt belastning p\u00e5 ansatte.<\/p>\n<p class=\"_paragraph_o9xde_4 _paragraph_xtcu6_10 layout-component text-serif-m layout-normal text-serif-m layout-padded\">Ogs\u00e5 Lektorlaget og Skolelederforbundet vil beholde normen:<\/p>\n<p class=\"_paragraph_o9xde_4 _paragraph_xtcu6_10 layout-component text-serif-m layout-normal text-serif-m layout-padded\">\u2013 L\u00e6renormen har sikret flere voksne rundt barna v\u00e5re. Nok ansatte er avgj\u00f8rende for ledere i arbeidet med gode arbeids- og l\u00e6ringsmilj\u00f8. Normen har fungert etter sin hensikt og Skolelederforbundet vil advare mot \u00e5 fjerne denne. Vi m\u00e5 unng\u00e5 at barn og unge blir salderingspost i kommunene, sier leder i Skolelederforbundet Mona S\u00f8byskogen.<\/p>\n<p>H\u00f8yre-folk vil fjerne normen<\/p>\n<p class=\"_paragraph_o9xde_4 _paragraph_xtcu6_10 layout-component text-serif-m layout-normal text-serif-m layout-padded\">B\u00e5de styreleder i KS, Gunn Marit Helgesen (H) og kommisjonsmedlem Monica M\u00e6land (H) st\u00f8tter en vraking av l\u00e6rernormen.<\/p>\n<p class=\"_paragraph_o9xde_4 _paragraph_xtcu6_10 layout-component text-serif-m layout-normal text-serif-m layout-padded\"><strong class=\"_strong_o9xde_25\">\u2013 I dag skal vi feire\u00a0med\u00a0kake. Samtidig er\u00a0dette bare begynnelsen.\u00a0Jeg forventer\u00a0langt\u00a0mer tr\u00f8kk og substans n\u00e5r kommisjonen kommer med sin sluttrapport\u00a0i\u00a0h\u00f8st, sier styrelederen.<\/strong><\/p>\n<p class=\"_paragraph_o9xde_4 _paragraph_xtcu6_10 layout-component text-serif-m layout-normal text-serif-m layout-padded\">Hun er sv\u00e6rt ivrig p\u00e5 \u00e5 vrake l\u00e6rernormen.<\/p>\n<p class=\"_paragraph_o9xde_4 _paragraph_xtcu6_10 layout-component text-serif-m layout-normal text-serif-m layout-padded\">\u2013 Kommunene vil ivareta helheten. De kjenner behovene ved den enkelte skole. L\u00e6rernes arbeidsmilj\u00f8 handler om mye mer enn antall l\u00e6rere p\u00e5 hvert hovedtrinn. Det handler om hele laget rundt eleven. Da er det n\u00f8dvendig \u00e5 justere for \u00e5 gi st\u00f8rre mulighet til \u00e5 prioritere innsatsen dit behovet er st\u00f8rst, sier Helgesen til <a href=\"https:\/\/www.nrk.no\/norge\/flertall-vil-skrote-laerernormen_-_-vil-fa-en-darligere-skole-1.17719270?fbclid=IwY2xjawPNuzZleHRuA2FlbQIxMABicmlkETE3QkNzWmRQYXM4bVN4c3JDc3J0YwZhcHBfaWQQMjIyMDM5MTc4ODIwMDg5MgABHrF6gHuGRDCu22IVT0tdCwRFyD63OmMqDt7LBvBPQ9JI6wiT_FXnLLdRtHdL_aem__sJuuB_GDU8BbwK_TM5Mdg#:~:text=Sunniva%20Holm%C3%A5s%20Eidsvoll%2C%20SV&amp;text=Norske%20kommuner%20trenger%20mer%20penger,l%C3%B8s%20p%C3%A5%20kvaliteten%20i%20skolen\" class=\"_link_o9xde_39\" rel=\"nofollow noopener\" target=\"_blank\">NRK<\/a>.<\/p>\n<p class=\"_paragraph_o9xde_4 _paragraph_xtcu6_10 layout-component text-serif-m layout-normal text-serif-m layout-padded\"><strong class=\"_strong_o9xde_25\">PS<\/strong> En gjennomgang i fagbladet <a href=\"https:\/\/www.utdanningsnytt.no\/bemanning-grunnskole-kommune\/over-200-skoler-bryter-laerernormen\/467842\" class=\"_link_o9xde_39\" rel=\"nofollow noopener\" target=\"_blank\">Utdanningsnytt<\/a> viser at rundt 240 skoler bryter normen for l\u00e6rertetthet.\u00a0Det er f\u00e6rre enn i fjor, da tallene\u00a0viste at over 300 skoler br\u00f8t normen. Flest brudd finner man p\u00e5 1.\u20134. trinn, hvor 150 skoler ikke har l\u00e6rere nok.<\/p>\n","protected":false},"excerpt":{"rendered":"Kommunekommisjonen vil fjerne l\u00e6rernormen, men forslaget m\u00f8tes med sterk motstand. Kunnskapsministeren og Ap vil beholde normen i tr\u00e5d&hellip;\n","protected":false},"author":2,"featured_media":133298,"comment_status":"","ping_status":"","sticky":false,"template":"","format":"standard","meta":{"footnotes":""},"categories":[10],"tags":[20,21,24,25,15,22,23,9251,3429,13,30,28,281,29,14,2208,16,805,26,27,1995],"class_list":{"0":"post-133297","1":"post","2":"type-post","3":"status-publish","4":"format-standard","5":"has-post-thumbnail","7":"category-norge","8":"tag-breaking-news","9":"tag-breakingnews","10":"tag-featured-news","11":"tag-featurednews","12":"tag-headlines","13":"tag-latest-news","14":"tag-latestnews","15":"tag-laerernorm","16":"tag-laerertetthet","17":"tag-news","18":"tag-no","19":"tag-norge","20":"tag-norsk-politikk","21":"tag-norway","22":"tag-nyheter","23":"tag-oppvekst","24":"tag-overskrifter","25":"tag-skole-og-utdanning","26":"tag-top-stories","27":"tag-topstories","28":"tag-vghelseoglivet"},"share_on_mastodon":{"url":"https:\/\/pubeurope.com\/@no\/115866619357370598","error":""},"_links":{"self":[{"href":"https:\/\/www.europesays.com\/no\/wp-json\/wp\/v2\/posts\/133297","targetHints":{"allow":["GET"]}}],"collection":[{"href":"https:\/\/www.europesays.com\/no\/wp-json\/wp\/v2\/posts"}],"about":[{"href":"https:\/\/www.europesays.com\/no\/wp-json\/wp\/v2\/types\/post"}],"author":[{"embeddable":true,"href":"https:\/\/www.europesays.com\/no\/wp-json\/wp\/v2\/users\/2"}],"replies":[{"embeddable":true,"href":"https:\/\/www.europesays.com\/no\/wp-json\/wp\/v2\/comments?post=133297"}],"version-history":[{"count":0,"href":"https:\/\/www.europesays.com\/no\/wp-json\/wp\/v2\/posts\/133297\/revisions"}],"wp:featuredmedia":[{"embeddable":true,"href":"https:\/\/www.europesays.com\/no\/wp-json\/wp\/v2\/media\/133298"}],"wp:attachment":[{"href":"https:\/\/www.europesays.com\/no\/wp-json\/wp\/v2\/media?parent=133297"}],"wp:term":[{"taxonomy":"category","embeddable":true,"href":"https:\/\/www.europesays.com\/no\/wp-json\/wp\/v2\/categories?post=133297"},{"taxonomy":"post_tag","embeddable":true,"href":"https:\/\/www.europesays.com\/no\/wp-json\/wp\/v2\/tags?post=133297"}],"curies":[{"name":"wp","href":"https:\/\/api.w.org\/{rel}","templated":true}]}}