{"id":133305,"date":"2026-01-09T18:49:16","date_gmt":"2026-01-09T18:49:16","guid":{"rendered":"https:\/\/www.europesays.com\/no\/133305\/"},"modified":"2026-01-09T18:49:16","modified_gmt":"2026-01-09T18:49:16","slug":"turistguider-raser-etter-vulkanutbrudd","status":"publish","type":"post","link":"https:\/\/www.europesays.com\/no\/133305\/","title":{"rendered":"Turistguider raser etter vulkanutbrudd"},"content":{"rendered":"<p class=\"kicker \" style=\"\">Sicilia:<\/p>\n<p>    Lokale myndigheter innf\u00f8rer strenge restriksjoner etter at Europas mest aktive vulkan &#8211; Etna &#8211; har f\u00e5tt utbrudd. N\u00e5 ser turistguidene r\u00f8dt.<\/p>\n<p>\n    NATURKREFTER: P\u00e5 dette bildet som er tatt 29. desember, ser vi eksplosiv aktivitet ved det nord\u00f8stlige krateret av Etna. Foto: Salvatore Allegra\/AP\n  <\/p>\n<p>Vulkanen Etna p\u00e5 den italienske turistperle\u00f8ya Sicilia er alt annet enn en sovende kjempe. Den\u00a0har den noe tvilsomme tittelen <a href=\"https:\/\/apnews.com\/article\/mount-etna-eruption-italy-sicily-1adafac765158138817a2c4319ce1468\" target=\"_blank\" rel=\"nofollow noopener\">\u00abEuropas mest aktive vulkan\u00bb<\/a>, og har stadig utbrudd.<\/p>\n<p>I 2011 var det registrert aktivitet over 17 ganger fra vulkanen, som ligger i n\u00e6rheten av byene Messina og Catania p\u00e5 \u00f8stkysten av Sicilia.<\/p>\n<p class=\"font-weight-bold m-font-weight-bold\" data-lab-font_weight=\"font-weight-bold\">N\u00e5 skaper Etna atter overskrifter. Etter en <a href=\"https:\/\/apnews.com\/article\/italy-mount-etna-eruption-68fbbf9ba131b293363b1980be7fd87e\" target=\"_blank\" rel=\"nofollow noopener\">rekke utbrudd de siste ukene<\/a>, har myndighetene i Catania innf\u00f8rt strengere regler<br \/>\nfor utflukter til ildfjellet.<\/p>\n<p>        <img loading=\"lazy\" decoding=\"async\" src=\"https:\/\/www.europesays.com\/no\/wp-content\/uploads\/2026\/01\/84075655.webp.webp\" width=\"667\" height=\"494\" title=\"TAR GREP: Lokale myndigheter har innf\u00f8rt strengere regler for turister som \u00f8nsker \u00e5 se Etna p\u00e5 n\u00e6rt hold. Bildet er tatt 3. januar i \u00e5r. Foto: Reuters\/Antonio Denti\" alt=\"\" class=\"\" style=\"--aspect-ratio-image: 1.35; \"\/><\/p>\n<p>\n        TAR GREP: Lokale myndigheter har innf\u00f8rt strengere regler for turister som \u00f8nsker \u00e5 se Etna p\u00e5 n\u00e6rt hold. Bildet er tatt 3. januar i \u00e5r. Foto: Reuters\/Antonio Denti\n    <\/p>\n<p>Det f\u00e5r guidene som tar med turister for \u00e5 se de spektakul\u00e6re<br \/>\nlavastr\u00f8mmene, til \u00e5 se r\u00f8dt.<\/p>\n<p>Overv\u00e5kes med droner\t<\/p>\n<p>Onsdag demonstrerte dusinvis av guider foran inngangen til Etnas lavastr\u00f8m. If\u00f8lge nyhetsbyr\u00e5et <a href=\"https:\/\/apnews.com\/article\/italy-mount-etna-volcano-tourists-guides-eruption-60f0280bd4af580abb405deaf2969d2e\" target=\"_blank\" rel=\"nofollow noopener\">AP<\/a>\u00a0er det f\u00f8rste gang p\u00e5 flere ti\u00e5r.<\/p>\n<p>De mener de nye restriksjonene er overdrevne, og at lavastr\u00f8mmene beveger seg sakte nok til at det trygt \u00e5 se dem p\u00e5 n\u00e6rt hold.<\/p>\n<p class=\"font-weight-bold m-font-weight-bold\" data-lab-font_weight=\"font-weight-bold\">&#8211; Disse tiltakene fjerner i praksis<br \/>\nguidenes rolle, og fratar dem deres kompetanse, funksjon og profesjonelle<br \/>\nansvar, heter det i en uttalelse fra guidenes regionale styre, skriver AP.<\/p>\n<p>        <img loading=\"lazy\" decoding=\"async\" src=\"https:\/\/www.europesays.com\/no\/wp-content\/uploads\/2026\/01\/84075652.webp.webp\" width=\"667\" height=\"454\" title=\"VULKANTURISME: Bes\u00f8kende vandrer over vulkansk terreng mot en aktiv lavastr\u00f8m i skr\u00e5ningene av Etna under en tur i Catania, 3. januar i \u00e5r. Foto: Reuters\/Antonio Denti\" alt=\"\" class=\"\" style=\"--aspect-ratio-image: 1.47; \"\/><\/p>\n<p>\n        VULKANTURISME: Bes\u00f8kende vandrer over vulkansk terreng mot en aktiv lavastr\u00f8m i skr\u00e5ningene av Etna under en tur i Catania, 3. januar i \u00e5r. Foto: Reuters\/Antonio Denti\n    <\/p>\n<p>Lavastr\u00f8mmene er spesielt spektakul\u00e6re<br \/>\netter solnedgang, men under de nye reglene er turer kun tillatt fram til<br \/>\nskumringen. I tillegg m\u00e5 guidene holde seg minst 200 meter unna lavastr\u00f8mmen.<\/p>\n<p>En tidligere maksgrense<br \/>\np\u00e5 ti personer per gruppe blir n\u00e5 strengt h\u00e5ndhevet, blant annet ved hjelp av<br \/>\ndroner.<\/p>\n<p>    <a itemprop=\"url\" href=\"https:\/\/www.dagbladet.no\/nyheter\/finnes-ingen-safe-spots\/82400245\" rel=\"nofollow noopener\" target=\"_blank\"><\/p>\n<p>        <img loading=\"lazy\" decoding=\"async\" src=\"https:\/\/www.europesays.com\/no\/wp-content\/uploads\/2026\/01\/82425223.webp.webp\" width=\"147\" height=\"98\" title=\"Finnes ingen \u00absafe spots\u00bb\" alt=\"\" class=\"lazyload\" style=\"--aspect-ratio-image: 1.50; \"\/><\/p>\n<p>        Finnes ingen \u00absafe spots\u00bb<\/p>\n<p>    <\/a><\/p>\n<p>Turister m\u00e5tte flykte<\/p>\n<p>Etna er Europas<br \/>\nmest aktive og st\u00f8rste vulkan. Den er 3350 meter h\u00f8y og<br \/>\n35 kilometer bred.<\/p>\n<p class=\"font-weight-bold m-font-weight-bold\" data-lab-font_weight=\"font-weight-bold\">I fjor sommer m\u00e5tte turister <a href=\"https:\/\/www.dagbladet.no\/nyheter\/enormt-vulkanutbrudd\/83167893\" target=\"_blank\" rel=\"nofollow noopener\">flykte fra vulkanen<\/a> etter at en<br \/>\nmassiv sky av h\u00f8ytemperaturgasser, aske og stein steg flere kilometer opp i<br \/>\nlufta.<\/p>\n<p>        VULKANUTBRUDD: Dramatiske videoer delt p\u00e5 sosiale medier skal vise folk l\u00f8pe i det Etnas utbrudd er i gang i juli i fjor. Video: AP \/ X<\/p>\n<p>De siste restriksjonene ble innf\u00f8rt etter<br \/>\nat Etna kj\u00f8rte i gang en ny omgang med utbrudd p\u00e5 julaften.<\/p>\n<p>&#8211; Dette er en lavastr\u00f8m som beveger seg<br \/>\nveldig sakte p\u00e5 et omr\u00e5de som n\u00e5 ogs\u00e5 er flatt eller halvflatt, sier Dario Teri<br \/>\n(43), medlem av Sicilias forening for fjell- og vulkanguider, til AP.<\/p>\n<p>    <a itemprop=\"url\" href=\"https:\/\/www.dagbladet.no\/nyheter\/varsler-gigantutbrudd-enorme-odeleggelser\/82436059\" rel=\"nofollow noopener\" target=\"_blank\"><\/p>\n<p>        <img loading=\"lazy\" decoding=\"async\" src=\"https:\/\/www.europesays.com\/no\/wp-content\/uploads\/2026\/01\/82436106.webp.webp\" width=\"980\" height=\"441\" title=\"Varsler gigantutbrudd: - Enorme \u00f8deleggelser\" alt=\"\" class=\"lazyload\" style=\"--aspect-ratio-image: 2.22; \"\/><\/p>\n<p>        Varsler gigantutbrudd: &#8211; Enorme \u00f8deleggelser<\/p>\n<p>    <\/a><\/p>\n<p>H\u00e5per p\u00e5 l\u00f8sning<\/p>\n<p>Guidene h\u00e5per \u00e5 komme til enighet med<br \/>\nmyndighetene om en l\u00f8sning som b\u00e5de beskytter yrket deres og sikrer de bes\u00f8kendes<br \/>\ntrygghet.<\/p>\n<p class=\"font-weight-bold m-font-weight-bold\" data-lab-font_weight=\"font-weight-bold\">Det er dessverre til liten hjelp for turister som 23 \u00e5r gamle Claudia Mancini, som hadde tatt turen fra Palermo for \u00e5 bes\u00f8ke Etna.<\/p>\n<p>        <img loading=\"lazy\" decoding=\"async\" src=\"https:\/\/www.europesays.com\/no\/wp-content\/uploads\/2026\/01\/84075654.webp.webp\" width=\"667\" height=\"381\" title=\"AKTIV KJEMPE: Etna er det h\u00f8yeste og mest aktive vulkanen i Europa, og har stadig utbrudd. Bildet er tatt 29. desember i fjor. Foto: Salvatore Allegra\/AP\" alt=\"\" class=\"\" style=\"--aspect-ratio-image: 1.75; \"\/><\/p>\n<p>\n        AKTIV KJEMPE: Etna er det h\u00f8yeste og mest aktive vulkanen i Europa, og har stadig utbrudd. Bildet er tatt 29. desember i fjor. Foto: Salvatore Allegra\/AP\n    <\/p>\n<p>&#8211; Dessverre fikk vi den d\u00e5rlige nyheten om<br \/>\nat all aktivitet er kansellert, sier hun til AP.<\/p>\n<p>Mancini legger til at hun sympatiserer med guidene i en situasjon som \u00abikke gj\u00f8r noen glade\u00bb.<\/p>\n<p>    Utslettet en hel by<\/p>\n<ul>\n<li class=\"lab-bodytext-line\">Etna er en vulkan p\u00e5 \u00f8ya Sicilia i Italia og er Europas h\u00f8yeste.<\/li>\n<li class=\"lab-bodytext-line\">Den ligger som en helt isolert fjellmasse p\u00e5 den nord\u00f8stlige delen av \u00f8ya nord for Catania, 3329 meter over havet.<\/li>\n<li class=\"lab-bodytext-line\"> Den er en kjeglevulkan med nesten sirkelformet grunnflate med en diameter p\u00e5 30\u201340 kilometer <\/li>\n<li class=\"lab-bodytext-line\">Etna er det h\u00f8yeste \u00f8yfjellet i Middelhavet og har den mest aktive vulkanen i verden.<\/li>\n<li class=\"lab-bodytext-line\">Gjennom hele historisk tid har Etna v\u00e6rt aktiv med i gjennomsnitt ti utbrudd i \u00e5rhundret. De st\u00f8rste kjente utbruddene var 396 f\u00f8r v\u00e5r tidsregning, 122 f\u00f8r v\u00e5r tidsregning, 1169 og 1669, da lavastr\u00f8mmer n\u00e5dde helt ut til havet og Catania ble delvis \u00f8delagt.<\/li>\n<li class=\"lab-bodytext-line\">Det siste store utbruddet var i november 1928 som fullstendig utslettet byen Mascali.<\/li>\n<li class=\"lab-bodytext-line\">Etna st\u00e5r p\u00e5 Unescos verdensarvliste.<\/li>\n<\/ul>\n<p class=\"italic m-italic\" data-lab-italic=\"italic\">Kilde: <a href=\"https:\/\/snl.no\/Etna_-_vulkan_i_Italia\" target=\"_blank\" rel=\"nofollow noopener\">Store norske leksikon<\/a><\/p>\n<p>      Vis mer<br \/>\n      Vis mindre<\/p>\n","protected":false},"excerpt":{"rendered":"Sicilia: Lokale myndigheter innf\u00f8rer strenge restriksjoner etter at Europas mest aktive vulkan &#8211; Etna &#8211; har f\u00e5tt utbrudd.&hellip;\n","protected":false},"author":2,"featured_media":133306,"comment_status":"","ping_status":"","sticky":false,"template":"","format":"standard","meta":{"footnotes":""},"categories":[12],"tags":[20,21,15380,24,25,15,22,23,13,30,28,29,14,16,15381,26,27,412,42,15382,15383,43,44,45],"class_list":{"0":"post-133305","1":"post","2":"type-post","3":"status-publish","4":"format-standard","5":"has-post-thumbnail","7":"category-verden","8":"tag-breaking-news","9":"tag-breakingnews","10":"tag-etna","11":"tag-featured-news","12":"tag-featurednews","13":"tag-headlines","14":"tag-latest-news","15":"tag-latestnews","16":"tag-news","17":"tag-no","18":"tag-norge","19":"tag-norway","20":"tag-nyheter","21":"tag-overskrifter","22":"tag-sicilia","23":"tag-top-stories","24":"tag-topstories","25":"tag-utenriks","26":"tag-verden","27":"tag-vulkan","28":"tag-vulkanutbrudd","29":"tag-world","30":"tag-world-news","31":"tag-worldnews"},"share_on_mastodon":{"url":"https:\/\/pubeurope.com\/@no\/115866643023360890","error":""},"_links":{"self":[{"href":"https:\/\/www.europesays.com\/no\/wp-json\/wp\/v2\/posts\/133305","targetHints":{"allow":["GET"]}}],"collection":[{"href":"https:\/\/www.europesays.com\/no\/wp-json\/wp\/v2\/posts"}],"about":[{"href":"https:\/\/www.europesays.com\/no\/wp-json\/wp\/v2\/types\/post"}],"author":[{"embeddable":true,"href":"https:\/\/www.europesays.com\/no\/wp-json\/wp\/v2\/users\/2"}],"replies":[{"embeddable":true,"href":"https:\/\/www.europesays.com\/no\/wp-json\/wp\/v2\/comments?post=133305"}],"version-history":[{"count":0,"href":"https:\/\/www.europesays.com\/no\/wp-json\/wp\/v2\/posts\/133305\/revisions"}],"wp:featuredmedia":[{"embeddable":true,"href":"https:\/\/www.europesays.com\/no\/wp-json\/wp\/v2\/media\/133306"}],"wp:attachment":[{"href":"https:\/\/www.europesays.com\/no\/wp-json\/wp\/v2\/media?parent=133305"}],"wp:term":[{"taxonomy":"category","embeddable":true,"href":"https:\/\/www.europesays.com\/no\/wp-json\/wp\/v2\/categories?post=133305"},{"taxonomy":"post_tag","embeddable":true,"href":"https:\/\/www.europesays.com\/no\/wp-json\/wp\/v2\/tags?post=133305"}],"curies":[{"name":"wp","href":"https:\/\/api.w.org\/{rel}","templated":true}]}}