{"id":133311,"date":"2026-01-09T18:52:09","date_gmt":"2026-01-09T18:52:09","guid":{"rendered":"https:\/\/www.europesays.com\/no\/133311\/"},"modified":"2026-01-09T18:52:09","modified_gmt":"2026-01-09T18:52:09","slug":"solskjaer-skal-mote-united-ledelsen-i-morgen","status":"publish","type":"post","link":"https:\/\/www.europesays.com\/no\/133311\/","title":{"rendered":"Solskj\u00e6r skal m\u00f8te United-ledelsen i morgen"},"content":{"rendered":"\n<p class=\"_lead_o9xde_2 _lead_xtcu6_50 layout-component text-serif-m layout-normal text-serif-l layout-component layout-wide layout-padded _wide_17hqh_1 layout-padded\">Det melder <a href=\"https:\/\/www.dailymail.co.uk\/sport\/football\/article-15450045\/Ole-Gunnar-Solskjaer-Manchester-United-interim-talks-Saturday.html\" class=\"_link_o9xde_39\" rel=\"nofollow noopener\" target=\"_blank\">Daily Mail<\/a> og journalist Simon Peach for nyhetsbyr\u00e5et <a href=\"https:\/\/x.com\/SimonPeach\/status\/2009687928424067504\" class=\"_link_o9xde_39\" rel=\"nofollow\">PA<\/a> fredag.<\/p>\n<p><img alt=\" Foto: Heiko Junge \/ NTB\" class=\"_image_qp4xg_65 layout-component layout-wide\" data-fullscreen- data-track-element-type=\"Article image fullscreen\" data-track-name=\"ImageFullscreen\" fetchpriority=\"high\" decoding=\"sync\" loading=\"eager\" height=\"4366\" itemprop=\"image\"  src=\"https:\/\/www.europesays.com\/no\/wp-content\/uploads\/2026\/01\/8cd7e45b-2676-4576-87d8-cd65746f655a.png\"  style=\"object-position:0% 0%\" width=\"5704\"\/> Foto: Heiko Junge \/ NTB<\/p>\n<ul aria-hidden=\"true\" class=\"_images_ntbth_112\">\n<li><a class=\"_link_ntbth_117\" href=\"https:\/\/www.vg.no\/forfatter\/jostein-overvik\" style=\"z-index:2\" title=\"Jostein Overvik\" rel=\"nofollow noopener\" target=\"_blank\"><img alt=\"Bilde av Jostein Overvik\" class=\"_image_ntbth_93\" fetchpriority=\"low\" loading=\"lazy\" decoding=\"async\" itemprop=\"image\"  src=\"https:\/\/www.europesays.com\/no\/wp-content\/uploads\/2026\/01\/1767984728_156_9167fa6a-7320-4d6f-b3c9-6c4ecb8beb8c.jpeg\"  width=\"480\"\/><\/a><\/li>\n<li><a class=\"_link_ntbth_117\" href=\"https:\/\/www.vg.no\/forfatter\/eirik-bjertnes-solbakken\" style=\"z-index:1\" title=\"Eirik Bjertnes Solbakken\" rel=\"nofollow noopener\" target=\"_blank\"><img alt=\"Bilde av Eirik Bjertnes Solbakken\" class=\"_image_ntbth_93\" fetchpriority=\"low\" loading=\"lazy\" decoding=\"async\" itemprop=\"image\"  src=\"https:\/\/www.europesays.com\/no\/wp-content\/uploads\/2026\/01\/1767984728_147_6694093c-945d-44cb-b991-737f98a50431.jpeg\"  width=\"480\"\/><\/a><\/li>\n<\/ul>\n<p> Oppdatert fredag 9. januar kl. 19:50     <\/p>\n<p class=\"_paragraph_o9xde_4 _paragraph_xtcu6_10 layout-component text-serif-m layout-normal text-serif-m layout-padded\">If\u00f8lge kildene skal partene m\u00f8tes l\u00f8rdag.<\/p>\n<p class=\"_paragraph_o9xde_4 _paragraph_xtcu6_10 layout-component text-serif-m layout-normal text-serif-m layout-padded\">Helt siden Ruben Amorim og Manchester-klubben avsluttet samarbeidet mandag, har ryktene svirret rundt nordmannen som erstatter. Solskj\u00e6r ledet United i 1069 dager mellom 2018 og 2021.<\/p>\n<p class=\"_paragraph_o9xde_4 _paragraph_xtcu6_10 layout-component text-serif-m layout-normal text-serif-m layout-padded\"><strong class=\"_strong_o9xde_25\"><a href=\"https:\/\/www.vg.no\/tag\/ole-gunnar-solskjaer?utm_source=vg-article&amp;utm_medium=auto-tagger&amp;utm_campaign=2pGoOy\" class=\"_link_o9xde_39\" rel=\"nofollow noopener\" target=\"_blank\">Ole Gunnar Solskj\u00e6r<\/a> skal ha ansikt-til-ansikt-m\u00f8te med Manchester United-ledelsen p\u00e5 l\u00f8rdag om \u00e5 bli midlertidig manager resten av sesongen.<\/strong><\/p>\n<p class=\"_paragraph_o9xde_4 _paragraph_xtcu6_10 layout-component text-serif-m layout-normal text-serif-m layout-padded\">De siste dagene har alt tydet p\u00e5 at nordmannen konkurrerer med en annen tidligere United-spiller, Michael Carrick (44), om jobben, etter at Ruben Amorim fikk sparken denne uken. Det skriver ogs\u00e5\u00a0<a href=\"https:\/\/www.dailymail.co.uk\/sport\/football\/article-15450045\/Ole-Gunnar-Solskjaer-Manchester-United-interim-talks-Saturday.html\" class=\"_link_o9xde_39\" rel=\"nofollow noopener\" target=\"_blank\">Daily Mail<\/a>.<\/p>\n<p><img alt=\"Foto: Dave Thompson \/ AP \/ NTB\" class=\"_image_qp4xg_65 layout-component layout-normal\" data-fullscreen- data-track-element-type=\"Article image fullscreen\" data-track-name=\"ImageFullscreen\" decoding=\"async\" loading=\"lazy\" height=\"564\" itemprop=\"image\"  src=\"https:\/\/www.europesays.com\/no\/wp-content\/uploads\/2026\/01\/ec989a45-8496-4780-b9c5-0f323fe2bea3.jpeg\"  style=\"object-position:0% 0%\" width=\"1003\"\/>Foto: Dave Thompson \/ AP \/ NTB<\/p>\n<p class=\"_paragraph_o9xde_4 _paragraph_xtcu6_10 layout-component text-serif-m layout-normal text-serif-m layout-padded\">B\u00e5de Solskj\u00e6r og Carrick skal ha hatt innledende samtaler med United-ledelsen tidligere i uken. Carrick skal ha m\u00f8tt toppsjef Omar Berrada og sportssjef Jason Wilcox personlig torsdag, mens Solskj\u00e6r f\u00e5r sitt intervju p\u00e5 treningsanlegget Carrington l\u00f8rdag.<\/p>\n<p class=\"_paragraph_o9xde_4 _paragraph_xtcu6_10 layout-component text-serif-m layout-normal text-serif-m layout-padded\">Hverken Berrada eller Wilcox jobbet i klubben sist Solskj\u00e6r var manager.<\/p>\n<p class=\"_root_1xq52_1\" lang=\"en\" dir=\"auto\">Ole Gunnar Solskjaer is set for face-to-face talks with <a href=\"https:\/\/x.com\/hashtag\/MUFC\" class=\"_root_eihfa_1\" target=\"_blank\" rel=\"noopener noreferrer nofollow\">#MUFC<\/a> on Saturday about the interim manager\u2019s job. Michael Carrick has already met the club leadership. Caretaker boss Darren Fletcher said today there&#8217;s been &laquo;no thoughts or conversations&raquo; about his future<\/p>\n<p class=\"_paragraph_o9xde_4 _paragraph_xtcu6_10 layout-component text-serif-m layout-normal text-serif-m layout-padded\">Det skal v\u00e6re 52-\u00e5ringens f\u00f8rste ansikt-til-ansikt-m\u00f8te med klubbledelsen siden Amorim fikk sparken.<\/p>\n<p class=\"_paragraph_o9xde_4 _paragraph_xtcu6_10 layout-component text-serif-m layout-normal text-serif-m layout-padded\">Til tross for spekulasjoner om at United-legenden er favoritt, har klubben vurdert Carrick seri\u00f8st. Den tidligere midtbanehelten var Solskj\u00e6rs assistent da han var manager mellom 2018 og 2021.<\/p>\n<p class=\"_paragraph_o9xde_4 _paragraph_xtcu6_10 layout-component text-serif-m layout-normal text-serif-m layout-padded\">Heller ikke midlertidig sjef Darren Fletcher kan ikke utelukkes. <a href=\"https:\/\/www.vg.no\/sport\/i\/lnApoL\/benjamin-sesko-scoret-to-etter-samtaler-med-darren-fletcher\" data-track-element-type=\"Link\" data-track-id=\"link:lnApoL\" class=\"_link_o9xde_39\" rel=\"nofollow noopener\" target=\"_blank\">Den 41 \u00e5r gamle skotten tok over etter Amorim og ledet laget til 2\u20132 mot Burnley onsdag<\/a>. Han skal lede United mot Brighton i FA-cupen s\u00f8ndag.<\/p>\n<p class=\"_paragraph_o9xde_4 _paragraph_xtcu6_10 layout-component text-serif-m layout-normal text-serif-m layout-padded\">Fletcher sa fredag at han ikke har snakket med minoritetseier sir Jim Ratcliffe om sin fremtid i klubben.<\/p>\n<p class=\"_paragraph_o9xde_4 _paragraph_xtcu6_10 layout-component text-serif-m layout-normal text-serif-m layout-padded\">\u2013 Det har ikke v\u00e6rt samtaler eller tanker om min fremtid, sa Fletcher.<\/p>\n","protected":false},"excerpt":{"rendered":"Det melder Daily Mail og journalist Simon Peach for nyhetsbyr\u00e5et PA fredag. Foto: Heiko Junge \/ NTB Oppdatert&hellip;\n","protected":false},"author":2,"featured_media":133312,"comment_status":"","ping_status":"","sticky":false,"template":"","format":"standard","meta":{"footnotes":""},"categories":[59],"tags":[158,30,28,29,505,161,83,82],"class_list":{"0":"post-133311","1":"post","2":"type-post","3":"status-publish","4":"format-standard","5":"has-post-thumbnail","7":"category-sport","8":"tag-manchester-united","9":"tag-no","10":"tag-norge","11":"tag-norway","12":"tag-ole-gunnar-solskjaer","13":"tag-premier-league","14":"tag-sport","15":"tag-sports"},"share_on_mastodon":{"url":"https:\/\/pubeurope.com\/@no\/115866654690887801","error":""},"_links":{"self":[{"href":"https:\/\/www.europesays.com\/no\/wp-json\/wp\/v2\/posts\/133311","targetHints":{"allow":["GET"]}}],"collection":[{"href":"https:\/\/www.europesays.com\/no\/wp-json\/wp\/v2\/posts"}],"about":[{"href":"https:\/\/www.europesays.com\/no\/wp-json\/wp\/v2\/types\/post"}],"author":[{"embeddable":true,"href":"https:\/\/www.europesays.com\/no\/wp-json\/wp\/v2\/users\/2"}],"replies":[{"embeddable":true,"href":"https:\/\/www.europesays.com\/no\/wp-json\/wp\/v2\/comments?post=133311"}],"version-history":[{"count":0,"href":"https:\/\/www.europesays.com\/no\/wp-json\/wp\/v2\/posts\/133311\/revisions"}],"wp:featuredmedia":[{"embeddable":true,"href":"https:\/\/www.europesays.com\/no\/wp-json\/wp\/v2\/media\/133312"}],"wp:attachment":[{"href":"https:\/\/www.europesays.com\/no\/wp-json\/wp\/v2\/media?parent=133311"}],"wp:term":[{"taxonomy":"category","embeddable":true,"href":"https:\/\/www.europesays.com\/no\/wp-json\/wp\/v2\/categories?post=133311"},{"taxonomy":"post_tag","embeddable":true,"href":"https:\/\/www.europesays.com\/no\/wp-json\/wp\/v2\/tags?post=133311"}],"curies":[{"name":"wp","href":"https:\/\/api.w.org\/{rel}","templated":true}]}}