{"id":133313,"date":"2026-01-09T18:56:32","date_gmt":"2026-01-09T18:56:32","guid":{"rendered":"https:\/\/www.europesays.com\/no\/133313\/"},"modified":"2026-01-09T18:56:32","modified_gmt":"2026-01-09T18:56:32","slug":"neas-okonomi-tvinger-neas-til-nettapning","status":"publish","type":"post","link":"https:\/\/www.europesays.com\/no\/133313\/","title":{"rendered":"Neas, \u00d8konomi | Tvinger NEAS til nett\u00e5pning"},"content":{"rendered":"\n<p>Nasjonal kommunikasjonsmyndighet (Nkom) vil tvangsregulere fibernettet til NEAS samt Tussa IKT og Tafjord Connect. \u00c5rsaken er selskapene nekter \u00e5 \u00e5pne nettene sine frivillig, til tross for at de har en \u00abs\u00e6rlig sterk markedsstilling\u00bb i sine omr\u00e5der.<\/p>\n<p>Det skriver <a href=\"https:\/\/itavisen.no\/2026\/01\/07\/nkom-varsler-regulering-bredbandsnett\/\" rel=\"Follow nofollow noopener\" target=\"_blank\">IT-avisen<\/a>.<\/p>\n<p>Reguleringen kalles \u00abStrong Market Position\u00bb (SMP) og skal if\u00f8lge Nkom sikre bedre konkurranse, lavere priser og flere valgmuligheter for norske bredb\u00e5ndskunder.<\/p>\n<p>Avdelingsdirekt\u00f8r Kamilla Sharma i Nkom bekrefter at de opprettholder varselet om SMP-regulering for de tre akt\u00f8rene.<\/p>\n<p>Nkom har tidligere sendt ut et h\u00f8ringsforslag om frivillig \u00e5pning av fibernett for \u00e5 fremme konkurranse. Les mer om saken p\u00e5 deres <a href=\"https:\/\/nkom.no\/aktuelt\/bredbandsregulering-fortsatt-behov-for-regulering-i-deler-av-landet\" rel=\"Follow nofollow noopener\" target=\"_blank\">nettsider<\/a>.<\/p>\n<p>  <a href=\"https:\/\/www.tk.no\/5-51-1786362\" class=\"related-teaser has-image default-story-teaser article--c-eRUmMG article--c-eRUmMG-jKCPdD-design-default\" wp_automatic_readability=\"1\" rel=\"nofollow noopener\" target=\"_blank\"><\/p>\n<p>    For abonnenter<\/p>\n<p>    <img decoding=\"async\" loading=\"lazy\"  src=\"https:\/\/www.europesays.com\/no\/wp-content\/uploads\/2026\/01\/DSC_4555+%281%29.JPG\" alt=\"\" class=\"brick-c-cFOWSL\" style=\"\"\/><\/p>\n<p>\n            Les ogs\u00e5<\/p>\n<p>  Derfor betaler du dyrt: \u2013 Vi bidrar som samfunnsutvikler p\u00e5 mange omr\u00e5der<\/p>\n<p>  <\/a><\/p>\n<p>  <a href=\"https:\/\/www.tk.no\/5-51-1670915\" class=\"related-teaser has-image default-story-teaser article--c-eRUmMG article--c-eRUmMG-jKCPdD-design-default\" wp_automatic_readability=\"1\" rel=\"nofollow noopener\" target=\"_blank\"><\/p>\n<p>    For abonnenter<\/p>\n<p>    <img decoding=\"async\" loading=\"lazy\"  src=\"https:\/\/www.europesays.com\/no\/wp-content\/uploads\/2026\/01\/Ingebrigtsen-Kaaby-Backer-1.jpg\" alt=\"\" class=\"brick-c-cFOWSL\" style=\"\"\/><\/p>\n<p>\n            Les ogs\u00e5<\/p>\n<p>  N\u00e5 er kabel-TV d\u00f8d: \u2013 Vi hadde de TV-kanalene vi hadde <\/p>\n<p>  <\/a><\/p>\n<p>  <a href=\"https:\/\/www.tk.no\/5-51-1554398\" class=\"related-teaser has-image default-story-teaser article--c-eRUmMG article--c-eRUmMG-jKCPdD-design-default\" wp_automatic_readability=\"1\" rel=\"nofollow noopener\" target=\"_blank\"><\/p>\n<p>    <img decoding=\"async\" loading=\"lazy\"  src=\"https:\/\/www.europesays.com\/no\/wp-content\/uploads\/2026\/01\/Bilde.jpg\" alt=\"\" class=\"brick-c-cFOWSL\" style=\"\"\/><\/p>\n<p>\n            Les ogs\u00e5<\/p>\n<p>  NEAS utvider sitt marked \u2013 kj\u00f8per opp nytt selskap<\/p>\n<p>  <\/a><\/p>\n","protected":false},"excerpt":{"rendered":"Nasjonal kommunikasjonsmyndighet (Nkom) vil tvangsregulere fibernettet til NEAS samt Tussa IKT og Tafjord Connect. \u00c5rsaken er selskapene nekter&hellip;\n","protected":false},"author":2,"featured_media":133314,"comment_status":"","ping_status":"","sticky":false,"template":"","format":"standard","meta":{"footnotes":""},"categories":[56],"tags":[36,11319,60,61,15385,62,15384,4802,30,28,29,572,1510],"class_list":{"0":"post-133313","1":"post","2":"type-post","3":"status-publish","4":"format-standard","5":"has-post-thumbnail","7":"category-naeringsliv","8":"tag-art","9":"tag-bredband","10":"tag-business","11":"tag-economy","12":"tag-markedsregulering","13":"tag-naeringsliv","14":"tag-neas","15":"tag-nkom","16":"tag-no","17":"tag-norge","18":"tag-norway","19":"tag-okonomi","20":"tag-story"},"share_on_mastodon":{"url":"https:\/\/pubeurope.com\/@no\/115866670611207270","error":""},"_links":{"self":[{"href":"https:\/\/www.europesays.com\/no\/wp-json\/wp\/v2\/posts\/133313","targetHints":{"allow":["GET"]}}],"collection":[{"href":"https:\/\/www.europesays.com\/no\/wp-json\/wp\/v2\/posts"}],"about":[{"href":"https:\/\/www.europesays.com\/no\/wp-json\/wp\/v2\/types\/post"}],"author":[{"embeddable":true,"href":"https:\/\/www.europesays.com\/no\/wp-json\/wp\/v2\/users\/2"}],"replies":[{"embeddable":true,"href":"https:\/\/www.europesays.com\/no\/wp-json\/wp\/v2\/comments?post=133313"}],"version-history":[{"count":0,"href":"https:\/\/www.europesays.com\/no\/wp-json\/wp\/v2\/posts\/133313\/revisions"}],"wp:featuredmedia":[{"embeddable":true,"href":"https:\/\/www.europesays.com\/no\/wp-json\/wp\/v2\/media\/133314"}],"wp:attachment":[{"href":"https:\/\/www.europesays.com\/no\/wp-json\/wp\/v2\/media?parent=133313"}],"wp:term":[{"taxonomy":"category","embeddable":true,"href":"https:\/\/www.europesays.com\/no\/wp-json\/wp\/v2\/categories?post=133313"},{"taxonomy":"post_tag","embeddable":true,"href":"https:\/\/www.europesays.com\/no\/wp-json\/wp\/v2\/tags?post=133313"}],"curies":[{"name":"wp","href":"https:\/\/api.w.org\/{rel}","templated":true}]}}