{"id":133315,"date":"2026-01-09T18:57:08","date_gmt":"2026-01-09T18:57:08","guid":{"rendered":"https:\/\/www.europesays.com\/no\/133315\/"},"modified":"2026-01-09T18:57:08","modified_gmt":"2026-01-09T18:57:08","slug":"frankrike-og-tyskland-med-hard-trump-kritikk-verdimessig-sammenbrudd","status":"publish","type":"post","link":"https:\/\/www.europesays.com\/no\/133315\/","title":{"rendered":"Frankrike og Tyskland med hard Trump-kritikk: \u00abVerdimessig sammenbrudd\u00bb"},"content":{"rendered":"\n<p class=\"_lead_o9xde_2 _lead_xtcu6_50 layout-component text-serif-m layout-normal text-serif-l layout-component layout-wide layout-padded _wide_17hqh_1 layout-padded\">USAs president Donald Trump f\u00e5r uvanlig sterk kritikk fra presidentene i Frankrike og Tyskland, etter uttalelsene om \u00e5 overta Gr\u00f8nland. <\/p>\n<p><img alt=\"KLINER TIL: Presidentene i Frankrike og Tyskland, Emmanuel Macron og Frank-Walter Steinmeier.  Foto: Heiko Becker \/ Reuters \/ NTB\" class=\"_image_qp4xg_65 layout-component layout-wide\" data-fullscreen- data-track-element-type=\"Article image fullscreen\" data-track-name=\"ImageFullscreen\" fetchpriority=\"high\" decoding=\"sync\" loading=\"eager\" height=\"3666\" itemprop=\"image\"  src=\"https:\/\/www.europesays.com\/no\/wp-content\/uploads\/2026\/01\/6b5a2520-2337-4b36-a67c-382666abe8e1.jpeg\"  style=\"object-position:0% 0%\" width=\"5500\"\/>KLINER TIL: Presidentene i Frankrike og Tyskland, Emmanuel Macron og Frank-Walter Steinmeier.  Foto: Heiko Becker \/ Reuters \/ NTB<\/p>\n<ul aria-hidden=\"true\" class=\"_images_ntbth_112\">\n<li><a class=\"_link_ntbth_117\" href=\"https:\/\/www.vg.no\/forfatter\/alf-bjarne-johnsen\" style=\"z-index:1\" title=\"Alf Bjarne Johnsen\" rel=\"nofollow noopener\" target=\"_blank\"><img alt=\"Bilde av Alf Bjarne Johnsen\" class=\"_image_ntbth_93\" fetchpriority=\"low\" loading=\"lazy\" decoding=\"async\" itemprop=\"image\"  src=\"https:\/\/www.europesays.com\/no\/wp-content\/uploads\/2026\/01\/1767985028_569_a8952b63-f4d3-424e-ab5c-93e67076c9b0.jpeg\"  width=\"480\"\/><\/a><\/li>\n<\/ul>\n<p> Oppdatert fredag 9. januar kl. 19:38    <\/p>\n<ul class=\"_list_o9xde_3 _list_64s2r_85 _unordered_o9xde_106 text-sans-m\">\n<li class=\"_item_o9xde_30\">USAs president Donald Trump f\u00e5r sterk kritikk fra Frankrikes president Emmanuel Macron og Tysklands president Frank Walter Steinmeier.<\/li>\n<li class=\"_item_o9xde_30\">Trump har varslet intensjoner om \u00e5 ta kontroll over Gr\u00f8nland, til og med med milit\u00e6r makt.<\/li>\n<li class=\"_item_o9xde_30\">Europeiske ledere uttrykker solidaritet med Danmark og avviser USAs krav p\u00e5 Gr\u00f8nland.<\/li>\n<\/ul>\n<p>Vis mer <\/p>\n<p class=\"_paragraph_o9xde_4 _paragraph_xtcu6_10 layout-component text-serif-m layout-normal text-serif-m layout-padded\">Den tyske forbundspresidenten Frank-Walter Steinmeier sier at <a href=\"https:\/\/www.vg.no\/tag\/usa?utm_source=vg-article&amp;utm_medium=auto-tagger&amp;utm_campaign=K8y32M\" class=\"_link_o9xde_39\" rel=\"nofollow noopener\" target=\"_blank\">USAs<\/a> opptreden er et \u00abverdimessig sammenbrudd\u00bb fra et land som for kort tid siden beskyttet universelle verdier:<\/p>\n<p class=\"_paragraph_o9xde_4 _paragraph_xtcu6_10 layout-component text-serif-m layout-normal text-serif-m layout-padded\"><strong class=\"_strong_o9xde_25\">\u2013 N\u00e5 handler det om \u00e5 forhindre at verden blir til en r\u00f8verhule, hvor de mest skruppell\u00f8se tar hva de vil, hvor regioner eller hele land behandles som eiendommen til noen f\u00e5 stormakter, sa Steinmeier <a href=\"https:\/\/www.reuters.com\/world\/americas\/german-president-says-us-is-destroying-world-order-2026-01-08\/\" class=\"_link_o9xde_39\" rel=\"nofollow noopener\" target=\"_blank\">i en tale onsdag kveld.<\/a><\/strong><\/p>\n<p>\u2013 Vender seg bort fra allierte <\/p>\n<p class=\"_paragraph_o9xde_4 _paragraph_xtcu6_10 layout-component text-serif-m layout-normal text-serif-m layout-padded\">Torsdag fulgte Emmanuel Macron, Frankrikes president, opp:<\/p>\n<p class=\"_paragraph_o9xde_4 _paragraph_xtcu6_10 layout-component text-serif-m layout-normal text-serif-m layout-padded\">\u2013 USA er en etablert makt, men en makt som gradvis fjerner seg fra noen av sine allierte, og som bryter l\u00f8s fra internasjonale regler som USA inntil nylig promoterte, sa Macron<a href=\"https:\/\/www.lemonde.fr\/en\/international\/article\/2026\/01\/08\/macron-the-us-is-turning-away-from-its-allies_6749208_4.html\" class=\"_link_o9xde_39\" rel=\"nofollow noopener\" target=\"_blank\"> i en tale til Frankrikes ambassad\u00f8rer i Paris.<\/a><\/p>\n<p class=\"_paragraph_o9xde_4 _paragraph_xtcu6_10 layout-component text-serif-m layout-normal text-serif-m layout-padded\"><strong class=\"_strong_o9xde_25\">\u2013 Vi lever i en verden av stormakter med hensikter om \u00e5 splitte opp verden, sa Macron. <\/strong><\/p>\n<p class=\"_paragraph_o9xde_4 _paragraph_xtcu6_10 layout-component text-serif-m layout-normal text-serif-m layout-padded\"><strong class=\"_strong_o9xde_25\">Han tok tydelig avstand fra det han kalte \u00abny kolonialisme og ny imperialisme\u00bb.<\/strong><\/p>\n<p>Forsiktig <\/p>\n<p class=\"_paragraph_o9xde_4 _paragraph_xtcu6_10 layout-component text-serif-m layout-normal text-serif-m layout-padded\">Hittil har europeiske ledere v\u00e6rt sv\u00e6rt forsiktig med \u00e5 kritisere den amerikanske presidenten og hans mange brudd med tradisjonell amerikansk utenrikspolitikk.<\/p>\n<p class=\"_paragraph_o9xde_4 _paragraph_xtcu6_10 layout-component text-serif-m layout-normal text-serif-m layout-padded\">Mange toppledere har heller fors\u00f8kt \u00e5 snakke Trump etter munnen for \u00e5 unng\u00e5 konfrontasjon med den amerikanske presidenten. <\/p>\n<p class=\"_paragraph_o9xde_4 _paragraph_xtcu6_10 layout-component text-serif-m layout-normal text-serif-m layout-padded\">Et sl\u00e5ende eksempel p\u00e5 dette var tekstmeldingen som Nato-sjef Mark Rutte sendte til Trump i sommer \u2013 og som Trump offentliggjorde:<\/p>\n<p class=\"_paragraph_o9xde_4 _paragraph_xtcu6_10 layout-component text-serif-m layout-normal text-serif-m layout-padded\"><strong class=\"_strong_o9xde_25\">\u00abGratulerer, og takk for din handlekraft i Iran, det var virkelig ekstraordin\u00e6rt og noe ingen annen turte \u00e5 gj\u00f8re. Dette gj\u00f8r oss alle tryggere\u00bb, skrev Rutte.<\/strong><\/p>\n<p>Venezuela og Gr\u00f8nland <\/p>\n<p class=\"_paragraph_o9xde_4 _paragraph_xtcu6_10 layout-component text-serif-m layout-normal text-serif-m layout-padded\">Men Trumps milit\u00e6re og politiske \u00abnytt\u00e5rsraketter\u00bb som fikk presidentene i Frankrike og Tyskland til \u00e5 reagere.<\/p>\n<ul class=\"_list_o9xde_3 _list_xtcu6_9 _unordered_o9xde_106 layout-component text-serif-m layout-normal text-serif-m layout-padded\">\n<li class=\"_item_o9xde_30\">Forrige helg sendte den amerikanske presidenten spesialsoldater til Venezuela og<a href=\"https:\/\/www.vg.no\/nyheter\/i\/rrAjnm\/afp-og-reuters-eksplosjoner-hoert-i-venezuela\" data-track-element-type=\"Link\" data-track-id=\"link:rrAjnm\" class=\"_link_o9xde_39\" rel=\"nofollow noopener\" target=\"_blank\"> bortf\u00f8rte president Nicol\u00e1s Maduro og hans kone. <\/a><\/li>\n<li class=\"_item_o9xde_30\">De sitter n\u00e5 i et <a href=\"https:\/\/www.vg.no\/nyheter\/i\/2pGxzG\/maduro-har-landet-i-new-york\" data-track-element-type=\"Link\" data-track-id=\"link:2pGxzG\" class=\"_link_o9xde_39\" rel=\"nofollow noopener\" target=\"_blank\">fengsel i New York <\/a>mens Trump har varslet at han<a href=\"https:\/\/www.vg.no\/nyheter\/i\/q6L0vO\/trump-venezuela-skal-gi-usa-30-50-millioner-fat-olje\" data-track-element-type=\"Link\" data-track-id=\"link:q6L0vO\" class=\"_link_o9xde_39\" rel=\"nofollow noopener\" target=\"_blank\"> tar kontroll over Venezuelas oljeproduksjon.<\/a><\/li>\n<li class=\"_item_o9xde_30\">Kort tid etter varslet Trump enda en gang at USA har til hensikt \u00e5 <a href=\"https:\/\/www.vg.no\/nyheter\/i\/7pKnXo\/trump-groenland-er-helt-avgjoerende-for-usa\" data-track-element-type=\"Link\" data-track-id=\"link:7pKnXo\" class=\"_link_o9xde_39\" rel=\"nofollow noopener\" target=\"_blank\">ta kontroll over Gr\u00f8nland<\/a>, om n\u00f8dvendig med milit\u00e6r makt.   <\/li>\n<\/ul>\n<p>President utenfor politikken <\/p>\n<p class=\"_paragraph_o9xde_4 _paragraph_xtcu6_10 layout-component text-serif-m layout-normal text-serif-m layout-padded\">Den tyske presidenten har sv\u00e6rt lite formell makt, mens den franske presidenten styrer landets utenrikspolitikk. <\/p>\n<p class=\"_paragraph_o9xde_4 _paragraph_xtcu6_10 layout-component text-serif-m layout-normal text-serif-m layout-padded\">Frank Walter Steinmeier er imidlertid en meritert politiker med fortid som blant annet Tysklands utenriksminister. <\/p>\n<p class=\"_paragraph_o9xde_4 _paragraph_xtcu6_10 layout-component text-serif-m layout-normal text-serif-m layout-padded\">I uttalelsen onsdag kveld beskrev han Russlands fullskala krig mot Ukraina som et \u00abvannskille\u00bb \u2013 men la til at USAs opptreden n\u00e5 er ytterligere et \u00abhistorisk brudd\u00bb.<\/p>\n<p class=\"_root_1xq52_1\" lang=\"en\" dir=\"auto\">&#8216;Whatever you want, Donald, please&#8217; &#8211; Trump imitates and mocks Macron on drug price negotiations<\/p>\n<p>  \u2013 Tilh\u00f8rer gr\u00f8nlenderne <\/p>\n<p class=\"_paragraph_o9xde_4 _paragraph_xtcu6_10 layout-component text-serif-m layout-normal text-serif-m layout-padded\">Topplederne i Frankrike, Tyskland og flere store europeiske land reagerte allerede tirsdag morgen p\u00e5 nye uttalelser om Gr\u00f8nland fra den amerikanske presidenten.<\/p>\n<p class=\"_paragraph_o9xde_4 _paragraph_xtcu6_10 layout-component text-serif-m layout-normal text-serif-m layout-padded\"><a href=\"https:\/\/stm.dk\/statsministeriet\/publikationer\/faellesudtalelse-om-groenland\/\" class=\"_link_o9xde_39\" rel=\"nofollow noopener\" target=\"_blank\">I en felles hasteuttalelse<\/a> uttalte de sterk solidaritet med Danmark.<\/p>\n<p class=\"_paragraph_o9xde_4 _paragraph_xtcu6_10 layout-component text-serif-m layout-normal text-serif-m layout-padded\"> \u00ab Gr\u00f8nland tilh\u00f8rer gr\u00f8nlenderne\u00bb, uttalte de. <\/p>\n<p class=\"_paragraph_o9xde_4 _paragraph_xtcu6_10 layout-component text-serif-m layout-normal text-serif-m layout-padded\"><strong class=\"_strong_o9xde_25\">\u00abDet er opp til Danmark og Gr\u00f8nland, og ingen andre, \u00e5 bestemme over saker som ang\u00e5r Danmark og Gr\u00f8nland\u00bb.<\/strong><\/p>\n<p>Kan si nei <\/p>\n<p class=\"_paragraph_o9xde_4 _paragraph_xtcu6_10 layout-component text-serif-m layout-normal text-serif-m layout-padded\">Fredag har Frankrikes utenriksminister Jean-Noel Barrot<a href=\"https:\/\/www.france24.com\/en\/live-news\/20260109-france-has-right-to-say-no-to-us-paris-says\" class=\"_link_o9xde_39\" rel=\"nofollow noopener\" target=\"_blank\"> fulgt opp kritikken<\/a> fra president Macron. Han sa at Europa har rett til \u00e5 si nei n\u00e5r USA fremmer forslag og politikk som strider mot europeiske interesser:<\/p>\n<p class=\"_paragraph_o9xde_4 _paragraph_xtcu6_10 layout-component text-serif-m layout-normal text-serif-m layout-padded\"><strong class=\"_strong_o9xde_25\">\u2013 Gjennom noen f\u00e5 m\u00e5neder har den nye administrasjonen i USA bestemt seg for \u00e5 revurdere de b\u00e5ndene som forener oss. Det er deres rett. Og det er ogs\u00e5 v\u00e5r rett \u00e5 si nei til en historisk alliert, uansett hvor historisk, n\u00e5r deres forslag er uakseptable, sa den franske utenriksministeren i sin \u00e5rlige tale til Frankrikes ambassad\u00f8rer. <\/strong><\/p>\n","protected":false},"excerpt":{"rendered":"USAs president Donald Trump f\u00e5r uvanlig sterk kritikk fra presidentene i Frankrike og Tyskland, etter uttalelsene om \u00e5&hellip;\n","protected":false},"author":2,"featured_media":133316,"comment_status":"","ping_status":"","sticky":false,"template":"","format":"standard","meta":{"footnotes":""},"categories":[12],"tags":[20,21,55,1241,24,25,2112,15,22,23,13,30,28,29,14,16,26,27,175,50,42,205,43,44,45],"class_list":{"0":"post-133315","1":"post","2":"type-post","3":"status-publish","4":"format-standard","5":"has-post-thumbnail","7":"category-verden","8":"tag-breaking-news","9":"tag-breakingnews","10":"tag-donald-trump","11":"tag-emmanuel-macron","12":"tag-featured-news","13":"tag-featurednews","14":"tag-gronland","15":"tag-headlines","16":"tag-latest-news","17":"tag-latestnews","18":"tag-news","19":"tag-no","20":"tag-norge","21":"tag-norway","22":"tag-nyheter","23":"tag-overskrifter","24":"tag-top-stories","25":"tag-topstories","26":"tag-tyskland","27":"tag-usa","28":"tag-verden","29":"tag-vgsamfunn","30":"tag-world","31":"tag-world-news","32":"tag-worldnews"},"share_on_mastodon":{"url":"https:\/\/pubeurope.com\/@no\/115866674362366018","error":""},"_links":{"self":[{"href":"https:\/\/www.europesays.com\/no\/wp-json\/wp\/v2\/posts\/133315","targetHints":{"allow":["GET"]}}],"collection":[{"href":"https:\/\/www.europesays.com\/no\/wp-json\/wp\/v2\/posts"}],"about":[{"href":"https:\/\/www.europesays.com\/no\/wp-json\/wp\/v2\/types\/post"}],"author":[{"embeddable":true,"href":"https:\/\/www.europesays.com\/no\/wp-json\/wp\/v2\/users\/2"}],"replies":[{"embeddable":true,"href":"https:\/\/www.europesays.com\/no\/wp-json\/wp\/v2\/comments?post=133315"}],"version-history":[{"count":0,"href":"https:\/\/www.europesays.com\/no\/wp-json\/wp\/v2\/posts\/133315\/revisions"}],"wp:featuredmedia":[{"embeddable":true,"href":"https:\/\/www.europesays.com\/no\/wp-json\/wp\/v2\/media\/133316"}],"wp:attachment":[{"href":"https:\/\/www.europesays.com\/no\/wp-json\/wp\/v2\/media?parent=133315"}],"wp:term":[{"taxonomy":"category","embeddable":true,"href":"https:\/\/www.europesays.com\/no\/wp-json\/wp\/v2\/categories?post=133315"},{"taxonomy":"post_tag","embeddable":true,"href":"https:\/\/www.europesays.com\/no\/wp-json\/wp\/v2\/tags?post=133315"}],"curies":[{"name":"wp","href":"https:\/\/api.w.org\/{rel}","templated":true}]}}