{"id":133321,"date":"2026-01-09T19:05:29","date_gmt":"2026-01-09T19:05:29","guid":{"rendered":"https:\/\/www.europesays.com\/no\/133321\/"},"modified":"2026-01-09T19:05:29","modified_gmt":"2026-01-09T19:05:29","slug":"nyhende-mat-restaurant-iris-stenger-for-ein-periode-og-permitterer-tilsette","status":"publish","type":"post","link":"https:\/\/www.europesays.com\/no\/133321\/","title":{"rendered":"Nyhende, Mat | Restaurant Iris stenger for ein periode og permitterer tilsette"},"content":{"rendered":"\n<p>Restaurant Iris, som ligg ute p\u00e5 Salmon Eye, stenger mellombels og permitterer 13 tilsette. Det skriv <a href=\"https:\/\/www.bt.no\/nyheter\/okonomi\/i\/JOoPAm\/13-ansatte-permitteres-naar-stjernerestaurant-stenger\" rel=\"Follow nofollow noopener\" target=\"_blank\">Bergens Tidende<\/a> torsdag ettermiddag. <\/p>\n<p>\u2013 Vi er stolte av Salmon Eye og Iris restaurant, og \u00f8nskjer difor \u00e5 strategisk vidareutvikla konseptet for \u00e5 n\u00e5 nye ambisi\u00f8se m\u00e5l for konsernet, skriv styreleiar Sondre Eide i Salmon Eye i ei tekstmelding til BT. <\/p>\n<p>Han opplyser til avisa at den vidare strategiprosessen og utvikling av nytt konsept for Michelin-restauranten vil ta litt tid. Og at dei har sendt varsel om permittering til tilsette i p\u00e5vente av val av nytt konsept. <\/p>\n<p>\u2013 Vi er trygge p\u00e5 at ventetida vil vera verd det, uttalar Eide til avisa. <\/p>\n<p>Visningssenteret p\u00e5 Salmon Eye vil framleis halda ope. <\/p>\n","protected":false},"excerpt":{"rendered":"Restaurant Iris, som ligg ute p\u00e5 Salmon Eye, stenger mellombels og permitterer 13 tilsette. Det skriv Bergens Tidende&hellip;\n","protected":false},"author":2,"featured_media":133322,"comment_status":"","ping_status":"","sticky":false,"template":"","format":"standard","meta":{"footnotes":""},"categories":[10],"tags":[465,36,20,21,24,25,15,22,23,737,13,30,28,29,4966,14,16,12783,1510,26,27],"class_list":{"0":"post-133321","1":"post","2":"type-post","3":"status-publish","4":"format-standard","5":"has-post-thumbnail","7":"category-norge","8":"tag-arbeidsliv","9":"tag-art","10":"tag-breaking-news","11":"tag-breakingnews","12":"tag-featured-news","13":"tag-featurednews","14":"tag-headlines","15":"tag-latest-news","16":"tag-latestnews","17":"tag-mat","18":"tag-news","19":"tag-no","20":"tag-norge","21":"tag-norway","22":"tag-nyhende","23":"tag-nyheter","24":"tag-overskrifter","25":"tag-rosendal","26":"tag-story","27":"tag-top-stories","28":"tag-topstories"},"share_on_mastodon":{"url":"https:\/\/pubeurope.com\/@no\/115866705977331312","error":""},"_links":{"self":[{"href":"https:\/\/www.europesays.com\/no\/wp-json\/wp\/v2\/posts\/133321","targetHints":{"allow":["GET"]}}],"collection":[{"href":"https:\/\/www.europesays.com\/no\/wp-json\/wp\/v2\/posts"}],"about":[{"href":"https:\/\/www.europesays.com\/no\/wp-json\/wp\/v2\/types\/post"}],"author":[{"embeddable":true,"href":"https:\/\/www.europesays.com\/no\/wp-json\/wp\/v2\/users\/2"}],"replies":[{"embeddable":true,"href":"https:\/\/www.europesays.com\/no\/wp-json\/wp\/v2\/comments?post=133321"}],"version-history":[{"count":0,"href":"https:\/\/www.europesays.com\/no\/wp-json\/wp\/v2\/posts\/133321\/revisions"}],"wp:featuredmedia":[{"embeddable":true,"href":"https:\/\/www.europesays.com\/no\/wp-json\/wp\/v2\/media\/133322"}],"wp:attachment":[{"href":"https:\/\/www.europesays.com\/no\/wp-json\/wp\/v2\/media?parent=133321"}],"wp:term":[{"taxonomy":"category","embeddable":true,"href":"https:\/\/www.europesays.com\/no\/wp-json\/wp\/v2\/categories?post=133321"},{"taxonomy":"post_tag","embeddable":true,"href":"https:\/\/www.europesays.com\/no\/wp-json\/wp\/v2\/tags?post=133321"}],"curies":[{"name":"wp","href":"https:\/\/api.w.org\/{rel}","templated":true}]}}