{"id":133323,"date":"2026-01-09T19:06:08","date_gmt":"2026-01-09T19:06:08","guid":{"rendered":"https:\/\/www.europesays.com\/no\/133323\/"},"modified":"2026-01-09T19:06:08","modified_gmt":"2026-01-09T19:06:08","slug":"kendall-jenner-kommenterer-rykter-om-legning","status":"publish","type":"post","link":"https:\/\/www.europesays.com\/no\/133323\/","title":{"rendered":"Kendall Jenner kommenterer rykter om legning"},"content":{"rendered":"\n<p class=\"_lead_o9xde_2 _lead_xtcu6_50 layout-component text-serif-m layout-normal text-serif-l layout-component layout-wide layout-padded _wide_17hqh_1 layout-padded\">Modellen (30) bryter for f\u00f8rste gang stillheten rundt spekulasjonene om at hun er lesbisk.<\/p>\n<p><img alt=\"Kendall Jenner p\u00e5 Oscar-nachspielet til Vanity Fair i Los Angeles i fjor v\u00e5r. Foto: NINA PROMMER \/ EPA \/ NTB\" class=\"_image_qp4xg_65 layout-component layout-wide\" data-fullscreen- data-track-element-type=\"Article image fullscreen\" data-track-name=\"ImageFullscreen\" fetchpriority=\"high\" decoding=\"sync\" loading=\"eager\" height=\"3010\" itemprop=\"image\"  src=\"https:\/\/www.europesays.com\/no\/wp-content\/uploads\/2026\/01\/f6e56653-57fc-4731-a393-f24e7c62f14b.jpeg\"  style=\"object-position:0% 0%\" width=\"3739\"\/>Kendall Jenner p\u00e5 Oscar-nachspielet til Vanity Fair i Los Angeles i fjor v\u00e5r. Foto: NINA PROMMER \/ EPA \/ NTB<\/p>\n<ul aria-hidden=\"true\" class=\"_images_ntbth_112\">\n<li><a class=\"_link_ntbth_117\" href=\"https:\/\/www.vg.no\/forfatter\/catherine-gonsholt-ighanian\" style=\"z-index:1\" title=\"Catherine Gonsholt Ighanian\" rel=\"nofollow noopener\" target=\"_blank\"><img alt=\"Bilde av Catherine Gonsholt Ighanian\" class=\"_image_ntbth_93\" fetchpriority=\"low\" loading=\"lazy\" decoding=\"async\" itemprop=\"image\"  src=\"https:\/\/www.europesays.com\/no\/wp-content\/uploads\/2026\/01\/1767985568_348_72dca32d-ee6f-474c-a50e-72a9bb49f38a.jpeg\"  width=\"480\"\/><\/a><\/li>\n<\/ul>\n<p> Oppdatert fredag 9. januar kl. 19:43    <\/p>\n<ul class=\"_list_o9xde_3 _list_64s2r_85 _unordered_o9xde_106 text-sans-m\">\n<li class=\"_item_o9xde_30\">Kendall Jenner bryter stillheten rundt spekulasjoner om at hun er lesbisk.<\/li>\n<li class=\"_item_o9xde_30\">Jenner sier hun ikke er provosert av ryktene, men av m\u00e5ten folk snakker om dem.<\/li>\n<\/ul>\n<p>Vis mer <\/p>\n<p class=\"_paragraph_o9xde_4 _paragraph_xtcu6_10 layout-component text-serif-m layout-normal text-serif-m layout-padded\"><a href=\"https:\/\/www.vg.no\/tag\/kendall-jenner?utm_source=vg-article&amp;utm_medium=auto-tagger&amp;utm_campaign=y5RRPg\" class=\"_link_o9xde_39\" rel=\"nofollow noopener\" target=\"_blank\">Kendall Jenner<\/a> snakker ut i podkasten <a href=\"https:\/\/www.youtube.com\/watch?v=tW4VEAQOPeE\" class=\"_link_o9xde_39\" rel=\"nofollow noopener\" target=\"_blank\">\u00abIn Your Dreams\u00bb<\/a> fredag.<\/p>\n<p class=\"_paragraph_o9xde_4 _paragraph_xtcu6_10 layout-component text-serif-m layout-normal text-serif-m layout-padded\">\u2013 Det finnes dette narrativet om at dette er noe jeg skjuler, forklarer 30-\u00e5ringen til programleder Owen Thiele (29), og forklarer at det er legningen hennes det knytter seg stor nysgjerrighet til.<\/p>\n<p class=\"_paragraph_o9xde_4 _paragraph_xtcu6_10 layout-component text-serif-m layout-normal text-serif-m layout-padded\">\u2013 En hel haug med folk p\u00e5 internett tror at jeg er lesbisk.<\/p>\n<p class=\"_paragraph_o9xde_4 _paragraph_xtcu6_10 layout-component text-serif-m layout-normal text-serif-m layout-padded\">Det er ikke ryktene i seg selv hun lar seg provosere av, men m\u00e5ten folk snakker om det p\u00e5.<\/p>\n<p class=\"_paragraph_o9xde_4 _paragraph_xtcu6_10 layout-component text-serif-m layout-normal text-serif-m layout-padded\">\u2013 Vet du hva som virkelig plager meg? Hvor slemme folk er. Det er ikke s\u00e5nn at de sier \u00abHei, hvis du er det, kom og bli med, velkommen\u00bb. Det er veldig stygge ting. Som at det kan skade businessen min. Da tenker jeg bare: \u00abHva?\u00bb. Jeg skj\u00f8nner det ikke.<\/p>\n<p>Ber om vennlighet<\/p>\n<p class=\"_paragraph_o9xde_4 _paragraph_xtcu6_10 layout-component text-serif-m layout-normal text-serif-m layout-padded\">Jenner understreker at hun ville v\u00e6rt \u00e5pen om sin seksualitet hvis hun var lesbisk.<\/p>\n<p class=\"_paragraph_o9xde_4 _paragraph_xtcu6_10 layout-component text-serif-m layout-normal text-serif-m layout-padded\">\u2013 Jeg forst\u00e5r at det \u00e5 komme ut av skapet ikke er lett for noen. Men jeg kjenner meg selv, og p\u00e5 dette tidspunktet i livet mitt ville jeg v\u00e6rt \u00e5pen hvis jeg var det, sier hun og legger til:<\/p>\n<p class=\"_paragraph_o9xde_4 _paragraph_xtcu6_10 layout-component text-serif-m layout-normal text-serif-m layout-padded\">\u2013 Alt jeg kan si, er at per n\u00e5 er jeg ikke det. Jeg tror ikke jeg kommer til \u00e5 bli det heller, men jeg lukker ikke d\u00f8ren for opplevelser i livet.<\/p>\n<p class=\"_paragraph_o9xde_4 _paragraph_xtcu6_10 layout-component text-serif-m layout-normal text-serif-m layout-padded\">Hun oppfordrer lytterne til mer vennlighet i debatten rundt kjendisers privatliv.<\/p>\n<p class=\"_paragraph_o9xde_4 _paragraph_xtcu6_10 layout-component text-serif-m layout-normal text-serif-m layout-padded\">I motsetning til s\u00f8strene sine i Jenner\/Kardashian-klanen, har Kendall v\u00e6rt sparsom med \u00e5 invitere offentligheten inn i det mest private. <\/p>\n<p class=\"_paragraph_o9xde_4 _paragraph_xtcu6_10 layout-component text-serif-m layout-normal text-serif-m layout-padded\">\u2013 Kendall har alltid hatt en regel om at hun m\u00e5 ha v\u00e6rt sammen med noen i minst ett \u00e5r f\u00f8r hun lar dem v\u00e6re med i realityserien, har \u00abKeeping Up with the Kardashians\u00bb-produsent Farnaz Farjam tidligere uttalt, if\u00f8lge <a href=\"https:\/\/people.com\/kendall-jenner-breaks-silence-lesbian-rumors-11882211\" class=\"_link_o9xde_39\" rel=\"nofollow noopener\" target=\"_blank\">People<\/a>. <\/p>\n<p class=\"_paragraph_o9xde_4 _paragraph_xtcu6_10 layout-component text-serif-m layout-normal text-serif-m layout-padded\">\u2013 For meg er mange ting veldig spesielle og hellige, som venner og forhold. Jeg mener at det \u00e5 gj\u00f8re ting offentlig, bare for\u00e5rsaker rot, uttalte stjernemodellen selv til <a href=\"https:\/\/www.vogue.com.au\/celebrity\/interviews\/kendall-jenner-on-modelling-coming-from-a-name-and-keeping-her-relationship-private\/image-gallery\/0e45e1a261f70b25ca62227cfce90ddc\" class=\"_link_o9xde_39\" rel=\"nofollow noopener\" target=\"_blank\">australske Vogue<\/a> for noen \u00e5r siden. <\/p>\n<p class=\"_paragraph_o9xde_4 _paragraph_xtcu6_10 layout-component text-serif-m layout-normal text-serif-m layout-padded\">Jenner har tidligere blitt koblet til kjendismenn som popstjernen Harry Styles (31), basketballspiller Devin Booker (29) og rapper Bad Bunny (31).<\/p>\n<p>Les ogs\u00e5<\/p>\n","protected":false},"excerpt":{"rendered":"Modellen (30) bryter for f\u00f8rste gang stillheten rundt spekulasjonene om at hun er lesbisk. Kendall Jenner p\u00e5 Oscar-nachspielet&hellip;\n","protected":false},"author":2,"featured_media":133324,"comment_status":"","ping_status":"","sticky":false,"template":"","format":"standard","meta":{"footnotes":""},"categories":[5],"tags":[20,21,24,25,15,19,8516,22,23,17,18,13,30,28,29,14,16,26,27],"class_list":{"0":"post-133323","1":"post","2":"type-post","3":"status-publish","4":"format-standard","5":"has-post-thumbnail","7":"category-overskrifter","8":"tag-breaking-news","9":"tag-breakingnews","10":"tag-featured-news","11":"tag-featurednews","12":"tag-headlines","13":"tag-hovedoppslag","14":"tag-kendall-jenner","15":"tag-latest-news","16":"tag-latestnews","17":"tag-main-news","18":"tag-mainnews","19":"tag-news","20":"tag-no","21":"tag-norge","22":"tag-norway","23":"tag-nyheter","24":"tag-overskrifter","25":"tag-top-stories","26":"tag-topstories"},"share_on_mastodon":{"url":"https:\/\/pubeurope.com\/@no\/115866709821626600","error":""},"_links":{"self":[{"href":"https:\/\/www.europesays.com\/no\/wp-json\/wp\/v2\/posts\/133323","targetHints":{"allow":["GET"]}}],"collection":[{"href":"https:\/\/www.europesays.com\/no\/wp-json\/wp\/v2\/posts"}],"about":[{"href":"https:\/\/www.europesays.com\/no\/wp-json\/wp\/v2\/types\/post"}],"author":[{"embeddable":true,"href":"https:\/\/www.europesays.com\/no\/wp-json\/wp\/v2\/users\/2"}],"replies":[{"embeddable":true,"href":"https:\/\/www.europesays.com\/no\/wp-json\/wp\/v2\/comments?post=133323"}],"version-history":[{"count":0,"href":"https:\/\/www.europesays.com\/no\/wp-json\/wp\/v2\/posts\/133323\/revisions"}],"wp:featuredmedia":[{"embeddable":true,"href":"https:\/\/www.europesays.com\/no\/wp-json\/wp\/v2\/media\/133324"}],"wp:attachment":[{"href":"https:\/\/www.europesays.com\/no\/wp-json\/wp\/v2\/media?parent=133323"}],"wp:term":[{"taxonomy":"category","embeddable":true,"href":"https:\/\/www.europesays.com\/no\/wp-json\/wp\/v2\/categories?post=133323"},{"taxonomy":"post_tag","embeddable":true,"href":"https:\/\/www.europesays.com\/no\/wp-json\/wp\/v2\/tags?post=133323"}],"curies":[{"name":"wp","href":"https:\/\/api.w.org\/{rel}","templated":true}]}}